{"id":158297,"date":"2023-02-13T15:55:10","date_gmt":"2023-02-13T18:55:10","guid":{"rendered":"https:\/\/www.hoymercedes.com.ar\/principal\/?p=158297"},"modified":"2023-02-13T15:56:02","modified_gmt":"2023-02-13T18:56:02","slug":"altamira-tuvo-su-fiesta-aniversario","status":"publish","type":"post","link":"https:\/\/www.hoymercedes.com.ar\/principal\/2023\/02\/13\/altamira-tuvo-su-fiesta-aniversario\/","title":{"rendered":"Altamira tuvo su fiesta aniversario"},"content":{"rendered":"\n<p>En la localidad de Altamira se vivi\u00f3 el festejo de los 115 a\u00f1os del pueblo, Partido de Mercedes. Fue una hermosa jornada familiar con todos los atractivos que tanto nos gustan: m\u00fasica, baile, gastronom\u00eda, artesanos y la posibilidad del encuentro familiar y de amigos. &nbsp;<\/p>\n\n\n\n<figure class=\"wp-block-image size-full\"><img loading=\"lazy\" decoding=\"async\" width=\"800\" height=\"533\" data-attachment-id=\"158298\" data-permalink=\"https:\/\/www.hoymercedes.com.ar\/principal\/2023\/02\/13\/altamira-tuvo-su-fiesta-aniversario\/20230213_154945_copy_800x533\/#main\" data-orig-file=\"https:\/\/www.hoymercedes.com.ar\/principal\/wp-content\/uploads\/2023\/02\/20230213_154945_copy_800x533.jpg\" data-orig-size=\"800,533\" data-comments-opened=\"0\" data-image-meta=\"{&quot;aperture&quot;:&quot;0&quot;,&quot;credit&quot;:&quot;&quot;,&quot;camera&quot;:&quot;&quot;,&quot;caption&quot;:&quot;&quot;,&quot;created_timestamp&quot;:&quot;0&quot;,&quot;copyright&quot;:&quot;&quot;,&quot;focal_length&quot;:&quot;0&quot;,&quot;iso&quot;:&quot;0&quot;,&quot;shutter_speed&quot;:&quot;0&quot;,&quot;title&quot;:&quot;&quot;,&quot;orientation&quot;:&quot;0&quot;}\" data-image-title=\"20230213_154945_copy_800x533\" data-image-description=\"\" data-image-caption=\"\" data-large-file=\"https:\/\/www.hoymercedes.com.ar\/principal\/wp-content\/uploads\/2023\/02\/20230213_154945_copy_800x533.jpg\" src=\"https:\/\/www.hoymercedes.com.ar\/principal\/wp-content\/uploads\/2023\/02\/20230213_154945_copy_800x533.jpg\" alt=\"\" class=\"wp-image-158298\" srcset=\"https:\/\/www.hoymercedes.com.ar\/principal\/wp-content\/uploads\/2023\/02\/20230213_154945_copy_800x533.jpg 800w, https:\/\/www.hoymercedes.com.ar\/principal\/wp-content\/uploads\/2023\/02\/20230213_154945_copy_800x533-630x420.jpg 630w, https:\/\/www.hoymercedes.com.ar\/principal\/wp-content\/uploads\/2023\/02\/20230213_154945_copy_800x533-150x100.jpg 150w, https:\/\/www.hoymercedes.com.ar\/principal\/wp-content\/uploads\/2023\/02\/20230213_154945_copy_800x533-700x465.jpg 700w\" sizes=\"auto, (max-width: 800px) 100vw, 800px\" \/><\/figure>\n\n\n\n<p>\u00abAltamira es un pueblo de 350 habitantes, de gente muy unida y solidaria. Es un lugar tranquilo, ordenado, con di\u00e1logo y amabilidad, orientado al hospedaje. Ya hemos conversado con el intendente Ustarroz para que, trabajando en conjunto con Tom\u00e1s Jofr\u00e9, no seamos pueblos competitivos sino complementarios\u00bb cont\u00f3 Mariela Sirello destacando la unidad se nuestra sociedad tirando todos para el mismo lado. &nbsp;<\/p>\n\n\n\n<p>Cont\u00f3 sobre el pueblo que \u00abla idea es que la gente que va a Jofr\u00e9 al polo gastron\u00f3mico, pueda alojarse en Altamira para pasar un fin de semana al estilo rural. Afortunadamente siempre que proponemos algo al municipio, obtenemos el apoyo y una buena respuesta y eso se ve reflejado en el pueblo y c\u00f3mo est\u00e1\u00bb.&nbsp; &nbsp;<\/p>\n\n\n\n<p>Por su parte el intendente Juani Ustarroz expres\u00f3 que \u00abqueremos felicitar a toda la comunidad de Altamira. Su compromiso y dedicaci\u00f3n hacen de este pueblo un lugar hermoso, unido y solidario\u00bb. &nbsp;<\/p>\n\n\n\n<p>Tambi\u00e9n destac\u00f3 el jefe comunal que \u00abla fiesta aniversario ha sido bell\u00edsima. Felicitaciones a todas y todos los que con tanto esfuerzo han generado esta oportunidad para encontrarnos y disfrutar\u00bb, mencion\u00f3. &nbsp;<\/p>\n\n\n\n<p>Sobre el escenario principal se puso ver a Oscar Rossello, Sebasti\u00e1n Giovanetone, \u201cZoco\u201d Larralde, Menta y Lim\u00f3n y el show de Los \u00c1vila cerrando la espectacular noche, entre otras atracciones y artistas invitados. &nbsp;<\/p>\n\n\n\n<p>La fiesta fue total y el querido pueblo pudo celebrar un nuevo aniversario. &nbsp;<\/p>\n\n\n\n<p>Fuente Prensa Municipal<\/p>\n","protected":false},"excerpt":{"rendered":"<p>En la localidad de Altamira se vivi\u00f3 el festejo de los 115 a\u00f1os del pueblo, Partido de Mercedes. Fue una &#8230; <a title=\"Altamira tuvo su fiesta aniversario\" class=\"read-more\" href=\"https:\/\/www.hoymercedes.com.ar\/principal\/2023\/02\/13\/altamira-tuvo-su-fiesta-aniversario\/\" aria-label=\"Leer m\u00e1s sobre Altamira tuvo su fiesta aniversario\">Leer m\u00e1s<\/a><\/p>\n","protected":false},"author":1,"featured_media":158298,"comment_status":"closed","ping_status":"open","sticky":false,"template":"","format":"standard","meta":{"_monsterinsights_skip_tracking":false,"_monsterinsights_sitenote_active":false,"_monsterinsights_sitenote_note":"","_monsterinsights_sitenote_category":0,"jetpack_post_was_ever_published":false,"_jetpack_newsletter_access":"","_jetpack_dont_email_post_to_subs":false,"_jetpack_newsletter_tier_id":0,"_jetpack_memberships_contains_paywalled_content":false,"_jetpack_memberships_contains_paid_content":false,"footnotes":"","jetpack_publicize_message":"","jetpack_publicize_feature_enabled":true,"jetpack_social_post_already_shared":true,"jetpack_social_options":{"image_generator_settings":{"template":"highway","default_image_id":0,"font":"","enabled":false},"version":2},"_wpas_customize_per_network":false},"categories":[30],"tags":[7805,244],"class_list":["post-158297","post","type-post","status-publish","format-standard","has-post-thumbnail","hentry","category-municipio","tag-cultura","tag-municipio-2","generate-columns","tablet-grid-50","mobile-grid-100","grid-parent","grid-50"],"jetpack_publicize_connections":[],"jetpack_featured_media_url":"https:\/\/www.hoymercedes.com.ar\/principal\/wp-content\/uploads\/2023\/02\/20230213_154945_copy_800x533.jpg","wps_subtitle":"","jetpack_sharing_enabled":true,"_links":{"self":[{"href":"https:\/\/www.hoymercedes.com.ar\/principal\/wp-json\/wp\/v2\/posts\/158297","targetHints":{"allow":["GET"]}}],"collection":[{"href":"https:\/\/www.hoymercedes.com.ar\/principal\/wp-json\/wp\/v2\/posts"}],"about":[{"href":"https:\/\/www.hoymercedes.com.ar\/principal\/wp-json\/wp\/v2\/types\/post"}],"author":[{"embeddable":true,"href":"https:\/\/www.hoymercedes.com.ar\/principal\/wp-json\/wp\/v2\/users\/1"}],"replies":[{"embeddable":true,"href":"https:\/\/www.hoymercedes.com.ar\/principal\/wp-json\/wp\/v2\/comments?post=158297"}],"version-history":[{"count":0,"href":"https:\/\/www.hoymercedes.com.ar\/principal\/wp-json\/wp\/v2\/posts\/158297\/revisions"}],"wp:featuredmedia":[{"embeddable":true,"href":"https:\/\/www.hoymercedes.com.ar\/principal\/wp-json\/wp\/v2\/media\/158298"}],"wp:attachment":[{"href":"https:\/\/www.hoymercedes.com.ar\/principal\/wp-json\/wp\/v2\/media?parent=158297"}],"wp:term":[{"taxonomy":"category","embeddable":true,"href":"https:\/\/www.hoymercedes.com.ar\/principal\/wp-json\/wp\/v2\/categories?post=158297"},{"taxonomy":"post_tag","embeddable":true,"href":"https:\/\/www.hoymercedes.com.ar\/principal\/wp-json\/wp\/v2\/tags?post=158297"}],"curies":[{"name":"wp","href":"https:\/\/api.w.org\/{rel}","templated":true}]}}