{"id":1583,"date":"2011-01-10T02:10:24","date_gmt":"2011-01-10T02:10:24","guid":{"rendered":"http:\/\/www.hoymercedes.com.ar\/principal\/?p=1583"},"modified":"2011-01-10T02:10:24","modified_gmt":"2011-01-10T02:10:24","slug":"silvia-revora-%c2%bffiscal-directo-de-la-presidenta-2","status":"publish","type":"post","link":"https:\/\/www.hoymercedes.com.ar\/principal\/2011\/01\/10\/silvia-revora-%c2%bffiscal-directo-de-la-presidenta-2\/","title":{"rendered":"Silvia R\u00e9vora: \u00bfFiscal directo de la presidenta?"},"content":{"rendered":"<p style=\"text-align: justify;\">La mercedina Silvia R\u00e9vora, t\u00eda de Wado de Pedro y hermana de Lucila R\u00e9voca es la recientemente designada subsecretaria de medio ambiente de la Naci\u00f3n acompa\u00f1ando a Mussi. Dado que ella es especialista en el tema o al menos formada en el asunto podr\u00eda verse c\u00f3mo un simple espacio de desarrollo t\u00e9cnico, pero parece no es tan as\u00ed, seg\u00fan las afirmaciones realizadas d\u00edas atr\u00e1s por el prestigioso periodista Horacio Verbitsky en una subnota dentro del art\u00edculo principal donde dio comienzo la denuncia contra la multinacional Nidera, d\u00e1ndole un peso pol\u00edtico mucho mayor.<\/p>\n<p style=\"text-align: justify;\">En dicho <a href=\"http:\/\/www.pagina12.com.ar\/diario\/elpais\/subnotas\/159715-51212-2011-01-02.html\" target=\"_self\" rel=\"noopener\">art\u00edculo publicado es P\u00e1gina\/12 Verbitsky<\/a> menciona el pasado de Juan Jos\u00e9 Mussi como duhaldista siendo un sujeto de no fiar dentro de las huestes kirchneristas, sin embargo, Verbitsky, menciona que qui\u00e9n responde directamente a la presidenta y qui\u00e9n ser\u00e1 su ojo fiscalizador en dicho espacio ser\u00e1 la mercedina Silvia R\u00e9vora.<\/p>\n<p style=\"text-align: justify;\">En palabras del periodista:<\/p>\n<p style=\"text-align: justify;\">\u201cEl apoyo t\u00e9cnico con que contar\u00e1 Mussi es la subsecretaria Silvia R\u00e9vora, una abogada de Mercedes con una maestr\u00eda en Planificaci\u00f3n Ambiental en Costa Rica y otra en Derecho Ambiental en La Sorbona de Par\u00eds, quien ocup\u00f3 una direcci\u00f3n de la Secretar\u00eda durante el gobierno de la Alianza. Hermana de la detenida desaparecida Lucila R\u00e9vora, la nueva funcionaria cuenta con la confianza personal de la presidente. El suyo ser\u00e1 un ojo atento a la regularidad de la gesti\u00f3n de Mussi.\u201d<\/p>\n<p style=\"text-align: justify;\">Nos encontramos, una vez m\u00e1s, con un mercedino m\u00e1s que es asociado al n\u00facleo del kirchnerismo y con llegada directa a la presidenta.<\/p>\n","protected":false},"excerpt":{"rendered":"<p>La mercedina Silvia R\u00e9vora, t\u00eda de Wado de Pedro y hermana de Lucila R\u00e9voca es la recientemente designada subsecretaria de &#8230; <a title=\"Silvia R\u00e9vora: \u00bfFiscal directo de la presidenta?\" class=\"read-more\" href=\"https:\/\/www.hoymercedes.com.ar\/principal\/2011\/01\/10\/silvia-revora-%c2%bffiscal-directo-de-la-presidenta-2\/\" aria-label=\"Leer m\u00e1s sobre Silvia R\u00e9vora: \u00bfFiscal directo de la presidenta?\">Leer m\u00e1s<\/a><\/p>\n","protected":false},"author":1,"featured_media":0,"comment_status":"open","ping_status":"open","sticky":false,"template":"","format":"standard","meta":{"_monsterinsights_skip_tracking":false,"_monsterinsights_sitenote_active":false,"_monsterinsights_sitenote_note":"","_monsterinsights_sitenote_category":0,"jetpack_post_was_ever_published":false,"_jetpack_newsletter_access":"","_jetpack_dont_email_post_to_subs":false,"_jetpack_newsletter_tier_id":0,"_jetpack_memberships_contains_paywalled_content":false,"_jetpack_memberships_contains_paid_content":false,"footnotes":"","jetpack_publicize_message":"","jetpack_publicize_feature_enabled":true,"jetpack_social_post_already_shared":false,"jetpack_social_options":{"image_generator_settings":{"template":"highway","default_image_id":0,"font":"","enabled":false},"version":2},"_wpas_customize_per_network":false},"categories":[5,8],"tags":[349,347,281],"class_list":["post-1583","post","type-post","status-publish","format-standard","hentry","category-politica","category-sociedad","tag-cfk","tag-silvia-revora","tag-wado-de-pedro","generate-columns","tablet-grid-50","mobile-grid-100","grid-parent","grid-50"],"jetpack_publicize_connections":[],"jetpack_featured_media_url":"","wps_subtitle":"","jetpack_sharing_enabled":true,"_links":{"self":[{"href":"https:\/\/www.hoymercedes.com.ar\/principal\/wp-json\/wp\/v2\/posts\/1583","targetHints":{"allow":["GET"]}}],"collection":[{"href":"https:\/\/www.hoymercedes.com.ar\/principal\/wp-json\/wp\/v2\/posts"}],"about":[{"href":"https:\/\/www.hoymercedes.com.ar\/principal\/wp-json\/wp\/v2\/types\/post"}],"author":[{"embeddable":true,"href":"https:\/\/www.hoymercedes.com.ar\/principal\/wp-json\/wp\/v2\/users\/1"}],"replies":[{"embeddable":true,"href":"https:\/\/www.hoymercedes.com.ar\/principal\/wp-json\/wp\/v2\/comments?post=1583"}],"version-history":[{"count":0,"href":"https:\/\/www.hoymercedes.com.ar\/principal\/wp-json\/wp\/v2\/posts\/1583\/revisions"}],"wp:attachment":[{"href":"https:\/\/www.hoymercedes.com.ar\/principal\/wp-json\/wp\/v2\/media?parent=1583"}],"wp:term":[{"taxonomy":"category","embeddable":true,"href":"https:\/\/www.hoymercedes.com.ar\/principal\/wp-json\/wp\/v2\/categories?post=1583"},{"taxonomy":"post_tag","embeddable":true,"href":"https:\/\/www.hoymercedes.com.ar\/principal\/wp-json\/wp\/v2\/tags?post=1583"}],"curies":[{"name":"wp","href":"https:\/\/api.w.org\/{rel}","templated":true}]}}