{"id":158303,"date":"2023-02-13T16:36:00","date_gmt":"2023-02-13T19:36:00","guid":{"rendered":"https:\/\/www.hoymercedes.com.ar\/principal\/?p=158303"},"modified":"2023-02-13T16:04:57","modified_gmt":"2023-02-13T19:04:57","slug":"provincia-presento-la-receta-electronica-bonaerense","status":"publish","type":"post","link":"https:\/\/www.hoymercedes.com.ar\/principal\/2023\/02\/13\/provincia-presento-la-receta-electronica-bonaerense\/","title":{"rendered":"Provincia present\u00f3 la Receta Electr\u00f3nica Bonaerense"},"content":{"rendered":"\n<p>El gobernador de la provincia de Buenos Aires, Axel Kicillof, encabez\u00f3 este lunes junto al ministro de Salud, Nicol\u00e1s Kreplak, el acto de presentaci\u00f3n del programa Receta Electr\u00f3nica Bonaerense, \u00abuna herramienta destinada a facilitar la gesti\u00f3n y adquisici\u00f3n de medicamentos\u00bb. <\/p>\n\n\n<div class=\"wp-block-image\">\n<figure class=\"aligncenter size-full\"><img loading=\"lazy\" decoding=\"async\" width=\"800\" height=\"534\" data-attachment-id=\"158304\" data-permalink=\"https:\/\/www.hoymercedes.com.ar\/principal\/2023\/02\/13\/provincia-presento-la-receta-electronica-bonaerense\/20230213_160322_copy_800x534\/#main\" data-orig-file=\"https:\/\/www.hoymercedes.com.ar\/principal\/wp-content\/uploads\/2023\/02\/20230213_160322_copy_800x534.jpg\" data-orig-size=\"800,534\" data-comments-opened=\"0\" data-image-meta=\"{&quot;aperture&quot;:&quot;0&quot;,&quot;credit&quot;:&quot;&quot;,&quot;camera&quot;:&quot;&quot;,&quot;caption&quot;:&quot;&quot;,&quot;created_timestamp&quot;:&quot;0&quot;,&quot;copyright&quot;:&quot;&quot;,&quot;focal_length&quot;:&quot;0&quot;,&quot;iso&quot;:&quot;0&quot;,&quot;shutter_speed&quot;:&quot;0&quot;,&quot;title&quot;:&quot;&quot;,&quot;orientation&quot;:&quot;0&quot;}\" data-image-title=\"20230213_160322_copy_800x534\" data-image-description=\"\" data-image-caption=\"\" data-large-file=\"https:\/\/www.hoymercedes.com.ar\/principal\/wp-content\/uploads\/2023\/02\/20230213_160322_copy_800x534.jpg\" src=\"https:\/\/www.hoymercedes.com.ar\/principal\/wp-content\/uploads\/2023\/02\/20230213_160322_copy_800x534.jpg\" alt=\"\" class=\"wp-image-158304\" srcset=\"https:\/\/www.hoymercedes.com.ar\/principal\/wp-content\/uploads\/2023\/02\/20230213_160322_copy_800x534.jpg 800w, https:\/\/www.hoymercedes.com.ar\/principal\/wp-content\/uploads\/2023\/02\/20230213_160322_copy_800x534-630x421.jpg 630w, https:\/\/www.hoymercedes.com.ar\/principal\/wp-content\/uploads\/2023\/02\/20230213_160322_copy_800x534-150x100.jpg 150w\" sizes=\"auto, (max-width: 800px) 100vw, 800px\" \/><\/figure>\n<\/div>\n\n\n<p>\u201cEn tiempo r\u00e9cord, hemos reemplazado el sistema que debimos emplear para hacer frente a la pandemia por otro con los m\u00e1s altos est\u00e1ndares de seguridad, eficacia, rendimiento y sencillez\u201d, dijo Kiciloff en la presentaci\u00f3n oficial de la herramienta. <\/p>\n\n\n\n<p>En ese sentido, el Gobernador subray\u00f3 que \u201ceste programa implica un verdadero cambio de \u00e9poca: muy pronto la receta electr\u00f3nica ser\u00e1 parte de la vida cotidiana de todos y todas las bonaerenses\u201d. \u201cNo solo ser\u00e1 m\u00e1s sencillo y c\u00f3modo, sino que adem\u00e1s va a servir para garantizar que la prescripci\u00f3n m\u00e9dica se realice \u00fanicamente con medicamentos gen\u00e9ricos\u201d, a\u00f1adi\u00f3.<\/p>\n\n\n\n<p>A partir del 28 de febrero, todos los bonaerenses -independientemente de la cobertura que posean- podr\u00e1n adquirir los medicamentos en las farmacias de la provincia con la sola presentaci\u00f3n del DNI y de la receta prescripta por un profesional a trav\u00e9s del celular o un correo electr\u00f3nico. <\/p>\n\n\n\n<p>Esta iniciativa es resultado del trabajo articulado con la Universidad Nacional del Centro (UNICEN) y los colegios de M\u00e9dicos y Farmac\u00e9uticos de la Provincia. Para poder prescribir, los profesionales deber\u00e1n registrarse a partir de hoy con su DNI y matr\u00edcula en alguno de los 175 puntos distribuidos en todo el territorio. All\u00ed se les asignar\u00e1 un usuario que les dar\u00e1 acceso a una firma digital otorgada por el Ministerio de Salud, habilitando esta herramienta que no conlleva ning\u00fan costo ya que puede ser utilizada a trav\u00e9s de la computadora o el celular. <\/p>\n","protected":false},"excerpt":{"rendered":"<p>El gobernador de la provincia de Buenos Aires, Axel Kicillof, encabez\u00f3 este lunes junto al ministro de Salud, Nicol\u00e1s Kreplak, &#8230; <a title=\"Provincia present\u00f3 la Receta Electr\u00f3nica Bonaerense\" class=\"read-more\" href=\"https:\/\/www.hoymercedes.com.ar\/principal\/2023\/02\/13\/provincia-presento-la-receta-electronica-bonaerense\/\" aria-label=\"Leer m\u00e1s sobre Provincia present\u00f3 la Receta Electr\u00f3nica Bonaerense\">Leer m\u00e1s<\/a><\/p>\n","protected":false},"author":1,"featured_media":158304,"comment_status":"closed","ping_status":"open","sticky":false,"template":"","format":"standard","meta":{"_monsterinsights_skip_tracking":false,"_monsterinsights_sitenote_active":false,"_monsterinsights_sitenote_note":"","_monsterinsights_sitenote_category":0,"jetpack_post_was_ever_published":false,"_jetpack_newsletter_access":"","_jetpack_dont_email_post_to_subs":false,"_jetpack_newsletter_tier_id":0,"_jetpack_memberships_contains_paywalled_content":false,"_jetpack_memberships_contains_paid_content":false,"footnotes":"","jetpack_publicize_message":"","jetpack_publicize_feature_enabled":true,"jetpack_social_post_already_shared":true,"jetpack_social_options":{"image_generator_settings":{"template":"highway","default_image_id":0,"font":"","enabled":false},"version":2},"_wpas_customize_per_network":false},"categories":[8881],"tags":[1803,18665,134],"class_list":["post-158303","post","type-post","status-publish","format-standard","has-post-thumbnail","hentry","category-provincia","tag-provincia","tag-recetas","tag-salud","generate-columns","tablet-grid-50","mobile-grid-100","grid-parent","grid-50"],"jetpack_publicize_connections":[],"jetpack_featured_media_url":"https:\/\/www.hoymercedes.com.ar\/principal\/wp-content\/uploads\/2023\/02\/20230213_160322_copy_800x534.jpg","wps_subtitle":"","jetpack_sharing_enabled":true,"_links":{"self":[{"href":"https:\/\/www.hoymercedes.com.ar\/principal\/wp-json\/wp\/v2\/posts\/158303","targetHints":{"allow":["GET"]}}],"collection":[{"href":"https:\/\/www.hoymercedes.com.ar\/principal\/wp-json\/wp\/v2\/posts"}],"about":[{"href":"https:\/\/www.hoymercedes.com.ar\/principal\/wp-json\/wp\/v2\/types\/post"}],"author":[{"embeddable":true,"href":"https:\/\/www.hoymercedes.com.ar\/principal\/wp-json\/wp\/v2\/users\/1"}],"replies":[{"embeddable":true,"href":"https:\/\/www.hoymercedes.com.ar\/principal\/wp-json\/wp\/v2\/comments?post=158303"}],"version-history":[{"count":0,"href":"https:\/\/www.hoymercedes.com.ar\/principal\/wp-json\/wp\/v2\/posts\/158303\/revisions"}],"wp:featuredmedia":[{"embeddable":true,"href":"https:\/\/www.hoymercedes.com.ar\/principal\/wp-json\/wp\/v2\/media\/158304"}],"wp:attachment":[{"href":"https:\/\/www.hoymercedes.com.ar\/principal\/wp-json\/wp\/v2\/media?parent=158303"}],"wp:term":[{"taxonomy":"category","embeddable":true,"href":"https:\/\/www.hoymercedes.com.ar\/principal\/wp-json\/wp\/v2\/categories?post=158303"},{"taxonomy":"post_tag","embeddable":true,"href":"https:\/\/www.hoymercedes.com.ar\/principal\/wp-json\/wp\/v2\/tags?post=158303"}],"curies":[{"name":"wp","href":"https:\/\/api.w.org\/{rel}","templated":true}]}}