{"id":158309,"date":"2023-02-13T21:37:25","date_gmt":"2023-02-14T00:37:25","guid":{"rendered":"https:\/\/www.hoymercedes.com.ar\/principal\/?p=158309"},"modified":"2023-02-13T21:37:46","modified_gmt":"2023-02-14T00:37:46","slug":"instalan-mas-campanas-para-la-separacion-de-residuos","status":"publish","type":"post","link":"https:\/\/www.hoymercedes.com.ar\/principal\/2023\/02\/13\/instalan-mas-campanas-para-la-separacion-de-residuos\/","title":{"rendered":"Instalan m\u00e1s campanas para la separaci\u00f3n de residuos"},"content":{"rendered":"\n<p>Desde el Municipio de Mercedes informaron que<strong> <\/strong>sumaron m\u00e1s campanas para la separaci\u00f3n de residuos en diferentes barrios. En esta oportunidad, instalaron las campanas en el Barrio San Francisco y en la intersecci\u00f3n de Avenida 40 y 123. <\/p>\n\n\n<div class=\"wp-block-image\">\n<figure class=\"aligncenter size-full\"><img loading=\"lazy\" decoding=\"async\" width=\"800\" height=\"532\" data-attachment-id=\"158311\" data-permalink=\"https:\/\/www.hoymercedes.com.ar\/principal\/2023\/02\/13\/instalan-mas-campanas-para-la-separacion-de-residuos\/dsc_0153\/#main\" data-orig-file=\"https:\/\/www.hoymercedes.com.ar\/principal\/wp-content\/uploads\/2023\/02\/DSC_0153.jpg\" data-orig-size=\"800,532\" data-comments-opened=\"0\" data-image-meta=\"{&quot;aperture&quot;:&quot;0&quot;,&quot;credit&quot;:&quot;&quot;,&quot;camera&quot;:&quot;&quot;,&quot;caption&quot;:&quot;&quot;,&quot;created_timestamp&quot;:&quot;1676024063&quot;,&quot;copyright&quot;:&quot;&quot;,&quot;focal_length&quot;:&quot;0&quot;,&quot;iso&quot;:&quot;0&quot;,&quot;shutter_speed&quot;:&quot;0&quot;,&quot;title&quot;:&quot;&quot;,&quot;orientation&quot;:&quot;1&quot;}\" data-image-title=\"DSC_0153\" data-image-description=\"\" data-image-caption=\"\" data-large-file=\"https:\/\/www.hoymercedes.com.ar\/principal\/wp-content\/uploads\/2023\/02\/DSC_0153.jpg\" src=\"https:\/\/www.hoymercedes.com.ar\/principal\/wp-content\/uploads\/2023\/02\/DSC_0153.jpg\" alt=\"\" class=\"wp-image-158311\" srcset=\"https:\/\/www.hoymercedes.com.ar\/principal\/wp-content\/uploads\/2023\/02\/DSC_0153.jpg 800w, https:\/\/www.hoymercedes.com.ar\/principal\/wp-content\/uploads\/2023\/02\/DSC_0153-630x419.jpg 630w, https:\/\/www.hoymercedes.com.ar\/principal\/wp-content\/uploads\/2023\/02\/DSC_0153-150x100.jpg 150w, https:\/\/www.hoymercedes.com.ar\/principal\/wp-content\/uploads\/2023\/02\/DSC_0153-700x465.jpg 700w\" sizes=\"auto, (max-width: 800px) 100vw, 800px\" \/><\/figure>\n<\/div>\n\n\n<p>\u00abDesde la direcci\u00f3n se contin\u00faa trabajando en esta iniciativa que ha mostrado ser eficaz para el tratamiento y separaci\u00f3n de residuos en origen. Tuvo gran aceptaci\u00f3n y participaci\u00f3n de los vecinos, por lo que se hizo necesaria la colocaci\u00f3n de m\u00e1s campanas en los barrios\u00bb dijo Valeria D\u00b4Angelo, directora de Ambiente. \u00a0<\/p>\n\n\n\n<p>Haciendo un repaso acerca del significado de los colores de las campanas y su modo de uso se\u00f1al\u00f3 que \u00absi bien los contenedores tienen stickers indicativos para su correcto uso, siempre es bueno recordar que los residuos pl\u00e1sticos se colocan en\u00a0las campanas amarillas, los metales en las grises, cart\u00f3n y papel en las azules y en las blancas el vidrio\u00bb aclar\u00f3. <\/p>\n\n\n\n<p>Para concientizar a los vecinos acerca de la eficaz utilizaci\u00f3n de estos contenedores, se realizan campa\u00f1as de promoci\u00f3n ambiental en los barrios a trav\u00e9s de promotoras que, capacitadas por la direcci\u00f3n de Ambiente en coordinaci\u00f3n con el CDR, con Nicol\u00e1s Zeballos&nbsp;a la cabeza y Espacios Verdes. &nbsp;<\/p>\n\n\n\n<p>\u00abUna vez llenas, las campanas son recogidas por camiones y los cooperativistas del MTE que trabajan en el reciclado, separan y clasifican los residuos para, posteriormente, proceder a su venta\u00bb indic\u00f3 D\u00b4Angelo. &nbsp;<\/p>\n\n\n\n<p>Por su parte, el intendente Ustarroz se refiri\u00f3 a esta iniciativa destacando el \u00e9xito obtenido hasta el momento: \u00abestamos muy contentos con este gran avance y con la necesidad de sumar m\u00e1s campanas y puntos verdes en la ciudad. Esto implica tambi\u00e9n un trabajo de concientizaci\u00f3n, que se hace a trav\u00e9s de las promotoras que van puerta por puerta en los barrios donde se colocan las campanas, cosa que es importante por varias razones: en primer lugar, claramente estamos en camino de convertirnos en una ciudad ambientalmente sustentable. Es una realidad que nosotros cada d\u00eda llevamos muchas toneladas de residuos al CEAMSE y este traslado representa un costo muy elevado para el municipio y para todos los vecinos, porque implica gastos de transporte y de disposici\u00f3n final\u00bb indic\u00f3 el intendente. &nbsp;<\/p>\n\n\n\n<p>Asimismo, \u00abotro punto importante es que lo recaudado por la venta del material reciclado ingresa en la econom\u00eda circular, lo que permite generar fondos, como pasa con las cooperativas del MTE que hacen un excelente trabajo de clasificaci\u00f3n. El producto de ese trabajo puede venderse al mercado y generar m\u00e1s ingresos para su trabajo\u00bb aclar\u00f3 Ustarroz y continu\u00f3 \u00abpor \u00faltimo genera conciencia en nuestro pueblo sobre qu\u00e9 acciones hay que realizar para tener una ciudad sustentable. <\/p>\n\n\n\n<p>En ese sentido quiero remarcar algo que es de sentido com\u00fan: cuando la gente hace el trabajo de separaci\u00f3n en su casa y viene a estos puntos, si ve que est\u00e1n llenos, les pedimos que avisen a los tel\u00e9fonos que vamos a informar y que evite dejar los residuos fuera de las campanas, porque queda feo y todo el trabajo de concientizaci\u00f3n que se hace es tirado por la borda\u00bb. \u00a0<\/p>\n\n\n\n<p>Para finalizar \u00abquiero pedirles a nuestros vecinos que se sumen y colaboren con este nuevo proyecto, porque en el corto plazo los beneficios son muy importantes para la comunidad. Participando con conciencia vamos a seguir avanzando en la construcci\u00f3n de una sociedad ambientalmente sustentable, m\u00e1s limpia y ordenada. Esto es responsabilidad de todos\u00bb, concluy\u00f3 el mandatario. &nbsp;<\/p>\n","protected":false},"excerpt":{"rendered":"<p>Desde el Municipio de Mercedes informaron que sumaron m\u00e1s campanas para la separaci\u00f3n de residuos en diferentes barrios. En esta &#8230; <a title=\"Instalan m\u00e1s campanas para la separaci\u00f3n de residuos\" class=\"read-more\" href=\"https:\/\/www.hoymercedes.com.ar\/principal\/2023\/02\/13\/instalan-mas-campanas-para-la-separacion-de-residuos\/\" aria-label=\"Leer m\u00e1s sobre Instalan m\u00e1s campanas para la separaci\u00f3n de residuos\">Leer m\u00e1s<\/a><\/p>\n","protected":false},"author":1,"featured_media":158311,"comment_status":"closed","ping_status":"open","sticky":false,"template":"","format":"standard","meta":{"_monsterinsights_skip_tracking":false,"_monsterinsights_sitenote_active":false,"_monsterinsights_sitenote_note":"","_monsterinsights_sitenote_category":0,"jetpack_post_was_ever_published":false,"_jetpack_newsletter_access":"","_jetpack_dont_email_post_to_subs":false,"_jetpack_newsletter_tier_id":0,"_jetpack_memberships_contains_paywalled_content":false,"_jetpack_memberships_contains_paid_content":false,"footnotes":"","jetpack_publicize_message":"","jetpack_publicize_feature_enabled":true,"jetpack_social_post_already_shared":true,"jetpack_social_options":{"image_generator_settings":{"template":"highway","default_image_id":0,"font":"","enabled":false},"version":2},"_wpas_customize_per_network":false},"categories":[30],"tags":[244],"class_list":["post-158309","post","type-post","status-publish","format-standard","has-post-thumbnail","hentry","category-municipio","tag-municipio-2","generate-columns","tablet-grid-50","mobile-grid-100","grid-parent","grid-50"],"jetpack_publicize_connections":[],"jetpack_featured_media_url":"https:\/\/www.hoymercedes.com.ar\/principal\/wp-content\/uploads\/2023\/02\/DSC_0153.jpg","wps_subtitle":"","jetpack_sharing_enabled":true,"_links":{"self":[{"href":"https:\/\/www.hoymercedes.com.ar\/principal\/wp-json\/wp\/v2\/posts\/158309","targetHints":{"allow":["GET"]}}],"collection":[{"href":"https:\/\/www.hoymercedes.com.ar\/principal\/wp-json\/wp\/v2\/posts"}],"about":[{"href":"https:\/\/www.hoymercedes.com.ar\/principal\/wp-json\/wp\/v2\/types\/post"}],"author":[{"embeddable":true,"href":"https:\/\/www.hoymercedes.com.ar\/principal\/wp-json\/wp\/v2\/users\/1"}],"replies":[{"embeddable":true,"href":"https:\/\/www.hoymercedes.com.ar\/principal\/wp-json\/wp\/v2\/comments?post=158309"}],"version-history":[{"count":0,"href":"https:\/\/www.hoymercedes.com.ar\/principal\/wp-json\/wp\/v2\/posts\/158309\/revisions"}],"wp:featuredmedia":[{"embeddable":true,"href":"https:\/\/www.hoymercedes.com.ar\/principal\/wp-json\/wp\/v2\/media\/158311"}],"wp:attachment":[{"href":"https:\/\/www.hoymercedes.com.ar\/principal\/wp-json\/wp\/v2\/media?parent=158309"}],"wp:term":[{"taxonomy":"category","embeddable":true,"href":"https:\/\/www.hoymercedes.com.ar\/principal\/wp-json\/wp\/v2\/categories?post=158309"},{"taxonomy":"post_tag","embeddable":true,"href":"https:\/\/www.hoymercedes.com.ar\/principal\/wp-json\/wp\/v2\/tags?post=158309"}],"curies":[{"name":"wp","href":"https:\/\/api.w.org\/{rel}","templated":true}]}}