{"id":158318,"date":"2023-02-14T00:06:06","date_gmt":"2023-02-14T03:06:06","guid":{"rendered":"https:\/\/www.hoymercedes.com.ar\/principal\/?p=158318"},"modified":"2023-02-14T00:06:09","modified_gmt":"2023-02-14T03:06:09","slug":"5-detenidos-por-robo-de-motos","status":"publish","type":"post","link":"https:\/\/www.hoymercedes.com.ar\/principal\/2023\/02\/14\/5-detenidos-por-robo-de-motos\/","title":{"rendered":"5 detenidos por robo de motos"},"content":{"rendered":"\n<p>La Polic\u00eda Comunal logr\u00f3 detener a tres mujeres y dos hombres que se encontraron in fragante en desarme de motocicleta. La investigaci\u00f3n determinar\u00e1 si es o no el \u00fanico robo, pero la Polic\u00eda tras detectar movimientos poco habituales sigui\u00f3 sus sospechas y consigui\u00f3 las detenciones.<\/p>\n\n\n\n<p>El grupo son de distintas edades habiendo entre ellos y ellas un menor de edad.<\/p>\n\n\n\n<p>La detenci\u00f3n se dio en cercan\u00edas de la Ruta Nacional N\u00b05.<\/p>\n\n\n\n<p>Ahora interviene el Departamento Judicial Mercedes.<\/p>\n","protected":false},"excerpt":{"rendered":"<p>La Polic\u00eda Comunal logr\u00f3 detener a tres mujeres y dos hombres que se encontraron in fragante en desarme de motocicleta. &#8230; <a title=\"5 detenidos por robo de motos\" class=\"read-more\" href=\"https:\/\/www.hoymercedes.com.ar\/principal\/2023\/02\/14\/5-detenidos-por-robo-de-motos\/\" aria-label=\"Leer m\u00e1s sobre 5 detenidos por robo de motos\">Leer m\u00e1s<\/a><\/p>\n","protected":false},"author":1,"featured_media":127982,"comment_status":"closed","ping_status":"open","sticky":false,"template":"","format":"standard","meta":{"_monsterinsights_skip_tracking":false,"_monsterinsights_sitenote_active":false,"_monsterinsights_sitenote_note":"","_monsterinsights_sitenote_category":0,"jetpack_post_was_ever_published":false,"_jetpack_newsletter_access":"","_jetpack_dont_email_post_to_subs":false,"_jetpack_newsletter_tier_id":0,"_jetpack_memberships_contains_paywalled_content":false,"_jetpack_memberships_contains_paid_content":false,"footnotes":"","jetpack_publicize_message":"","jetpack_publicize_feature_enabled":true,"jetpack_social_post_already_shared":true,"jetpack_social_options":{"image_generator_settings":{"template":"highway","default_image_id":0,"font":"","enabled":false},"version":2},"_wpas_customize_per_network":false},"categories":[85],"tags":[1752,3934],"class_list":["post-158318","post","type-post","status-publish","format-standard","has-post-thumbnail","hentry","category-policial","tag-policia-comunal-mercedes","tag-robo-de-motos","generate-columns","tablet-grid-50","mobile-grid-100","grid-parent","grid-50"],"jetpack_publicize_connections":[],"jetpack_featured_media_url":"https:\/\/www.hoymercedes.com.ar\/principal\/wp-content\/uploads\/2021\/04\/PoliciaComual.jpg","wps_subtitle":"Interceptados ","jetpack_sharing_enabled":true,"_links":{"self":[{"href":"https:\/\/www.hoymercedes.com.ar\/principal\/wp-json\/wp\/v2\/posts\/158318","targetHints":{"allow":["GET"]}}],"collection":[{"href":"https:\/\/www.hoymercedes.com.ar\/principal\/wp-json\/wp\/v2\/posts"}],"about":[{"href":"https:\/\/www.hoymercedes.com.ar\/principal\/wp-json\/wp\/v2\/types\/post"}],"author":[{"embeddable":true,"href":"https:\/\/www.hoymercedes.com.ar\/principal\/wp-json\/wp\/v2\/users\/1"}],"replies":[{"embeddable":true,"href":"https:\/\/www.hoymercedes.com.ar\/principal\/wp-json\/wp\/v2\/comments?post=158318"}],"version-history":[{"count":0,"href":"https:\/\/www.hoymercedes.com.ar\/principal\/wp-json\/wp\/v2\/posts\/158318\/revisions"}],"wp:featuredmedia":[{"embeddable":true,"href":"https:\/\/www.hoymercedes.com.ar\/principal\/wp-json\/wp\/v2\/media\/127982"}],"wp:attachment":[{"href":"https:\/\/www.hoymercedes.com.ar\/principal\/wp-json\/wp\/v2\/media?parent=158318"}],"wp:term":[{"taxonomy":"category","embeddable":true,"href":"https:\/\/www.hoymercedes.com.ar\/principal\/wp-json\/wp\/v2\/categories?post=158318"},{"taxonomy":"post_tag","embeddable":true,"href":"https:\/\/www.hoymercedes.com.ar\/principal\/wp-json\/wp\/v2\/tags?post=158318"}],"curies":[{"name":"wp","href":"https:\/\/api.w.org\/{rel}","templated":true}]}}