{"id":158427,"date":"2023-02-17T09:30:00","date_gmt":"2023-02-17T12:30:00","guid":{"rendered":"https:\/\/www.hoymercedes.com.ar\/principal\/?p=158427"},"modified":"2023-02-15T19:21:12","modified_gmt":"2023-02-15T22:21:12","slug":"la-ribera-se-prepara-desde-el-corazon-de-la-trocha","status":"publish","type":"post","link":"https:\/\/www.hoymercedes.com.ar\/principal\/2023\/02\/17\/la-ribera-se-prepara-desde-el-corazon-de-la-trocha\/","title":{"rendered":"La Ribera se prepara desde el coraz\u00f3n de La Trocha"},"content":{"rendered":"\n<p><strong><em>La murga cumplir\u00e1 su noveno a\u00f1os consecutivo participando de la fiesta m\u00e1s popular de Mercedes. Para esta ocasi\u00f3n, ensaya su puesta en escena y se preparan para disfrutar sobre la 29 junto a todos los vecinos.<\/em><\/strong><\/p>\n\n\n<div class=\"wp-block-image\">\n<figure class=\"aligncenter size-full\"><img loading=\"lazy\" decoding=\"async\" width=\"696\" height=\"522\" data-attachment-id=\"158428\" data-permalink=\"https:\/\/www.hoymercedes.com.ar\/principal\/2023\/02\/17\/la-ribera-se-prepara-desde-el-corazon-de-la-trocha\/image-9-2\/#main\" data-orig-file=\"https:\/\/www.hoymercedes.com.ar\/principal\/wp-content\/uploads\/2023\/02\/image-9.png\" data-orig-size=\"696,522\" data-comments-opened=\"0\" data-image-meta=\"{&quot;aperture&quot;:&quot;0&quot;,&quot;credit&quot;:&quot;&quot;,&quot;camera&quot;:&quot;&quot;,&quot;caption&quot;:&quot;&quot;,&quot;created_timestamp&quot;:&quot;0&quot;,&quot;copyright&quot;:&quot;&quot;,&quot;focal_length&quot;:&quot;0&quot;,&quot;iso&quot;:&quot;0&quot;,&quot;shutter_speed&quot;:&quot;0&quot;,&quot;title&quot;:&quot;&quot;,&quot;orientation&quot;:&quot;0&quot;}\" data-image-title=\"image-9\" data-image-description=\"\" data-image-caption=\"\" data-large-file=\"https:\/\/www.hoymercedes.com.ar\/principal\/wp-content\/uploads\/2023\/02\/image-9.png\" src=\"https:\/\/www.hoymercedes.com.ar\/principal\/wp-content\/uploads\/2023\/02\/image-9.png\" alt=\"\" class=\"wp-image-158428\" srcset=\"https:\/\/www.hoymercedes.com.ar\/principal\/wp-content\/uploads\/2023\/02\/image-9.png 696w, https:\/\/www.hoymercedes.com.ar\/principal\/wp-content\/uploads\/2023\/02\/image-9-630x473.png 630w, https:\/\/www.hoymercedes.com.ar\/principal\/wp-content\/uploads\/2023\/02\/image-9-150x113.png 150w\" sizes=\"auto, (max-width: 696px) 100vw, 696px\" \/><\/figure>\n<\/div>\n\n\n<p>Como todos los a\u00f1os la avenida 29 se viste de color y alegr\u00eda durante cuatro noches al ritmo de las diferentes murgas y comparsas que llevan adelante esta fiesta popular brindando su mejor performance en cada entrega.<\/p>\n\n\n\n<p>Lo cierto es que, para que la fiesta salga de la mejor manera, la puesta en escena para cada pasada conlleva extensas jornadas de preparaci\u00f3n, ensayos y la puesta a punto de la vestimenta, algo que siempre corre por cuenta de las agrupaciones.<\/p>\n\n\n\n<p>En este caso, los que vienen abocados a esa tarea son la Murga La Ribera que sumar\u00e1n sus t\u00edpicos colores amarillo, blanco y azul a las fiestas mercedinas para disfrutar de cuatro noches inolvidables.<\/p>\n\n\n\n<p>En el coraz\u00f3n del barrio La Trocha, esta murga ensaya y confecciona todo lo necesario desde el semillero ubicado en la calle 46 bis entre 21 y 19.<\/p>\n\n\n\n<p>Desde hace meses, los martes, jueves y s\u00e1bados los chicos de La Ribera ganan las calles del barrio Trocha y se preparan para los carnavales mercedinos con mucha expectativa.<\/p>\n\n\n\n<p>Cabe destacar que este a\u00f1o estar\u00e1n dando su pasada n\u00famero 9 a la espera de lo que ser\u00e1 su aniversario 10 en el 2024.<\/p>\n\n\n\n<p>Si bien est\u00e1n esperando con ansias la presentaci\u00f3n especial del pr\u00f3ximo a\u00f1o, lo cierto es que para el pr\u00f3ximo carnaval no se guardan nada y pretenden disfrutarlo&nbsp; de la mejor manera. En este sentido, cabe destacar que, durante el 2021 y el 2022 esta multitudinaria fiesta popular ha sido atravesada y afectada por la pandemia de covid la cual restringi\u00f3 sus actividades.<\/p>\n\n\n\n<p>Hoy, con una situaci\u00f3n sanitaria diferente a la de los \u00faltimos a\u00f1os,&nbsp; el murg\u00f3n se prepara para brillar las cuatro noches de febrero (que ser\u00e1n del viernes 17 al lunes 20) y reencontrarse con su p\u00fablico para el que preparan una excelente puesta en escena.<\/p>\n\n\n\n<p>Los trabajos previos y la coordinaci\u00f3n corren por cuenta de Lucas Melo y Leila Gollo quienes adelantaron algunos detalles de lo que se podr\u00e1 ver en los pr\u00f3ximos carnavales.<\/p>\n\n\n\n<p>\u201cSer\u00e1 el primer a\u00f1o post pandemia a full. Este es nuestro noveno carnaval y la gente se ha acercado nuevamente a la murga. Este mes ya venimos tapados de galeras, gorras y mucho trabajo porque vamos a cambiar toda la vestimenta de la murga y todo pensado en el pr\u00f3ximo carnaval porque estar\u00edamos cumpliendo 10 a\u00f1os\u201d dijo Lucas Melo quien remarc\u00f3 que \u201cel a\u00f1o que viene va a ser una puesta en escena mayor a lo que ser\u00e1 este a\u00f1o\u201d.<\/p>\n\n\n\n<p>En cuanto a la participaci\u00f3n de la gente, Melo sostuvo que \u201cla murga siempre ronda las 200 personas, a veces un poco m\u00e1s o un poco menos. Inclusive el a\u00f1o pasado que fue ah\u00ed no m\u00e1s de la pandemia, en el \u00faltimo mes se sum\u00f3 una gran cantidad de gente y fue medio ca\u00f3tico. Ahora llegamos mucho mejor para este 2023 y con mucha expectativa de quienes hacemos la murga. Ahora ya estamos con las inscripciones cerradas\u201d.<\/p>\n\n\n\n<p><strong>El a\u00f1o n\u00famero nueve<\/strong><\/p>\n\n\n\n<p>Con respecto a la propuesta que traen para esta pasada Lucas coment\u00f3 que \u201ceste a\u00f1o vamos a presentar el escenario completo, la murga funciona como un lugar para la expresi\u00f3n\u201d.<\/p>\n\n\n\n<p>\u201cHay siete personas que cantan, la percusi\u00f3n, las alas y despu\u00e9s estamos trabajando en canciones nuevas con las tem\u00e1ticas de siempre: una con sentido cr\u00edtico, una de homenaje, una de bienvenida y otra de retirada\u201d manifest\u00f3.<\/p>\n\n\n\n<p>Entrando en la recta final, los ensayos se van intensificando y en ese sentido Lucas tambi\u00e9n cont\u00f3 que \u201ctenemos muchas salidas\u201d. Por ejemplo, el fin de semana estuvieron en 9 de Julio y esperan estar presentes en varios escenarios m\u00e1s como San Andr\u00e9s de Giles, Villa Ruiz y otras localidades. \u201cEsto nos ayuda a mostrarnos y tambi\u00e9n como un gran ensayo abierto\u201d expres\u00f3 Lucas.<\/p>\n\n\n\n<p>Pese a las salidas por las distintas ciudades, lo cierto es que La Ribera siempre tiene como objetivo principal los carnavales mercedinos. \u201cEsta es la fiesta m\u00e1s mercedina de todas, de mercedinos para los mercedinos, tambi\u00e9n es la m\u00e1s popular de la ciudad as\u00ed que, si bien es nuestro noveno carnaval y estamos acostumbrados, queremos salir ya para poder sentir el aplauso y la conexi\u00f3n con la gente\u201d agreg\u00f3 Melo.<\/p>\n\n\n\n<p>En tanto, el murg\u00f3n estar\u00e1 dividido en siete alas las cuales se dividen en mascotas, pre murgeras, rumberas, murgueras, algarab\u00edas, m\u00fasicos y fantas\u00eda. \u201cLa murga no tiene restricci\u00f3n de edad y siempre la abrimos para todo aquel que tenga ganas\u201d cont\u00f3 Lucas.<\/p>\n\n\n\n<p>Por otra parte, se refiri\u00f3 al Semillero, ubicado en el barrio Trocha del cual asegura sentirse parte. \u201cTenemos un sentido de pertenencia desde donde tambi\u00e9n aportamos lo nuestro. Tenemos relaci\u00f3n continua con todos los vecinos y las vecinas al margen de hacer actividades recreativas y culturales como lo son la confecci\u00f3n de las galeras, los bombos, ya este mes empezamos a trabajar todo desde ac\u00e1. Nos sentimos muy de ac\u00e1 (del barrio Trocha) y ojal\u00e1 no nos vayamos nunca\u201d sostuvo.<\/p>\n\n\n\n<p>Para finalizar Lucas Melo afirm\u00f3: \u201cya estamos todos con muchas ganas, es la recta final y queremos ensayar a full para ya salir. Estamos todos muy contentos, es un alivio haber asado lo que fue la pandemia y poder hacer lo que nos gusta libremente\u201d dejando claro que La Ribera se prepara para vivir las cuatro noches de carnaval y disfrutar junto a todos los vecinos.<\/p>\n\n\n\n<p>Colaboraci\u00f3n Mariano Oyarz\u00fa<\/p>\n","protected":false},"excerpt":{"rendered":"<p>La murga cumplir\u00e1 su noveno a\u00f1os consecutivo participando de la fiesta m\u00e1s popular de Mercedes. Para esta ocasi\u00f3n, ensaya su &#8230; <a title=\"La Ribera se prepara desde el coraz\u00f3n de La Trocha\" class=\"read-more\" href=\"https:\/\/www.hoymercedes.com.ar\/principal\/2023\/02\/17\/la-ribera-se-prepara-desde-el-corazon-de-la-trocha\/\" aria-label=\"Leer m\u00e1s sobre La Ribera se prepara desde el coraz\u00f3n de La Trocha\">Leer m\u00e1s<\/a><\/p>\n","protected":false},"author":1,"featured_media":158428,"comment_status":"closed","ping_status":"open","sticky":false,"template":"","format":"standard","meta":{"_monsterinsights_skip_tracking":false,"_monsterinsights_sitenote_active":false,"_monsterinsights_sitenote_note":"","_monsterinsights_sitenote_category":0,"jetpack_post_was_ever_published":false,"_jetpack_newsletter_access":"","_jetpack_dont_email_post_to_subs":false,"_jetpack_newsletter_tier_id":0,"_jetpack_memberships_contains_paywalled_content":false,"_jetpack_memberships_contains_paid_content":false,"footnotes":"","jetpack_publicize_message":"","jetpack_publicize_feature_enabled":true,"jetpack_social_post_already_shared":true,"jetpack_social_options":{"image_generator_settings":{"template":"highway","default_image_id":0,"font":"","enabled":false},"version":2},"_wpas_customize_per_network":false},"categories":[104],"tags":[7805],"class_list":["post-158427","post","type-post","status-publish","format-standard","has-post-thumbnail","hentry","category-cultura","tag-cultura","generate-columns","tablet-grid-50","mobile-grid-100","grid-parent","grid-50"],"jetpack_publicize_connections":[],"jetpack_featured_media_url":"https:\/\/www.hoymercedes.com.ar\/principal\/wp-content\/uploads\/2023\/02\/image-9.png","wps_subtitle":"","jetpack_sharing_enabled":true,"_links":{"self":[{"href":"https:\/\/www.hoymercedes.com.ar\/principal\/wp-json\/wp\/v2\/posts\/158427","targetHints":{"allow":["GET"]}}],"collection":[{"href":"https:\/\/www.hoymercedes.com.ar\/principal\/wp-json\/wp\/v2\/posts"}],"about":[{"href":"https:\/\/www.hoymercedes.com.ar\/principal\/wp-json\/wp\/v2\/types\/post"}],"author":[{"embeddable":true,"href":"https:\/\/www.hoymercedes.com.ar\/principal\/wp-json\/wp\/v2\/users\/1"}],"replies":[{"embeddable":true,"href":"https:\/\/www.hoymercedes.com.ar\/principal\/wp-json\/wp\/v2\/comments?post=158427"}],"version-history":[{"count":0,"href":"https:\/\/www.hoymercedes.com.ar\/principal\/wp-json\/wp\/v2\/posts\/158427\/revisions"}],"wp:featuredmedia":[{"embeddable":true,"href":"https:\/\/www.hoymercedes.com.ar\/principal\/wp-json\/wp\/v2\/media\/158428"}],"wp:attachment":[{"href":"https:\/\/www.hoymercedes.com.ar\/principal\/wp-json\/wp\/v2\/media?parent=158427"}],"wp:term":[{"taxonomy":"category","embeddable":true,"href":"https:\/\/www.hoymercedes.com.ar\/principal\/wp-json\/wp\/v2\/categories?post=158427"},{"taxonomy":"post_tag","embeddable":true,"href":"https:\/\/www.hoymercedes.com.ar\/principal\/wp-json\/wp\/v2\/tags?post=158427"}],"curies":[{"name":"wp","href":"https:\/\/api.w.org\/{rel}","templated":true}]}}