{"id":158430,"date":"2023-02-15T19:27:54","date_gmt":"2023-02-15T22:27:54","guid":{"rendered":"https:\/\/www.hoymercedes.com.ar\/principal\/?p=158430"},"modified":"2023-02-15T19:27:58","modified_gmt":"2023-02-15T22:27:58","slug":"abierta-la-inscripcion-para-la-escuela-de-arte","status":"publish","type":"post","link":"https:\/\/www.hoymercedes.com.ar\/principal\/2023\/02\/15\/abierta-la-inscripcion-para-la-escuela-de-arte\/","title":{"rendered":"Abierta la inscripci\u00f3n para la Escuela de Arte"},"content":{"rendered":"\n<p>Desde la Escuela de Arte \u00abFifo\u00bb Roggero anunciaron que se retom\u00f3 la inscripci\u00f3n para el ciclo lectivo 2023. <\/p>\n\n\n\n<p>En la instituci\u00f3n de calle 24, entre 19 y 21, se puede realizar el Profesorado de Artes Visuales para alumnos con t\u00edtulo secundario completo o cursando el \u00faltimo a\u00f1o secundario.<\/p>\n\n\n\n<p>Tambi\u00e9n est\u00e1 orientado a alumnos vocacionales mayores de edad para talleres o materias te\u00f3ricas a elecci\u00f3n.<\/p>\n\n\n\n<figure class=\"wp-block-video\"><video height=\"238\" style=\"aspect-ratio: 426 \/ 238;\" width=\"426\" controls src=\"https:\/\/www.hoymercedes.com.ar\/principal\/wp-content\/uploads\/2023\/02\/WhatsApp-Video-2023-02-15-at-18.24.10.mp4\"><\/video><\/figure>\n","protected":false},"excerpt":{"rendered":"<p>Desde la Escuela de Arte \u00abFifo\u00bb Roggero anunciaron que se retom\u00f3 la inscripci\u00f3n para el ciclo lectivo 2023. En la &#8230; <a title=\"Abierta la inscripci\u00f3n para la Escuela de Arte\" class=\"read-more\" href=\"https:\/\/www.hoymercedes.com.ar\/principal\/2023\/02\/15\/abierta-la-inscripcion-para-la-escuela-de-arte\/\" aria-label=\"Leer m\u00e1s sobre Abierta la inscripci\u00f3n para la Escuela de Arte\">Leer m\u00e1s<\/a><\/p>\n","protected":false},"author":1,"featured_media":158432,"comment_status":"closed","ping_status":"open","sticky":false,"template":"","format":"standard","meta":{"_monsterinsights_skip_tracking":false,"_monsterinsights_sitenote_active":false,"_monsterinsights_sitenote_note":"","_monsterinsights_sitenote_category":0,"jetpack_post_was_ever_published":false,"_jetpack_newsletter_access":"","_jetpack_dont_email_post_to_subs":false,"_jetpack_newsletter_tier_id":0,"_jetpack_memberships_contains_paywalled_content":false,"_jetpack_memberships_contains_paid_content":false,"footnotes":"","jetpack_publicize_message":"","jetpack_publicize_feature_enabled":true,"jetpack_social_post_already_shared":true,"jetpack_social_options":{"image_generator_settings":{"template":"highway","default_image_id":0,"font":"","enabled":false},"version":2},"_wpas_customize_per_network":false},"categories":[23],"tags":[7805,47],"class_list":["post-158430","post","type-post","status-publish","format-standard","has-post-thumbnail","hentry","category-educacion","tag-cultura","tag-educacion-2","generate-columns","tablet-grid-50","mobile-grid-100","grid-parent","grid-50"],"jetpack_publicize_connections":[],"jetpack_featured_media_url":"https:\/\/www.hoymercedes.com.ar\/principal\/wp-content\/uploads\/2023\/02\/image-10.png","wps_subtitle":"","jetpack_sharing_enabled":true,"_links":{"self":[{"href":"https:\/\/www.hoymercedes.com.ar\/principal\/wp-json\/wp\/v2\/posts\/158430","targetHints":{"allow":["GET"]}}],"collection":[{"href":"https:\/\/www.hoymercedes.com.ar\/principal\/wp-json\/wp\/v2\/posts"}],"about":[{"href":"https:\/\/www.hoymercedes.com.ar\/principal\/wp-json\/wp\/v2\/types\/post"}],"author":[{"embeddable":true,"href":"https:\/\/www.hoymercedes.com.ar\/principal\/wp-json\/wp\/v2\/users\/1"}],"replies":[{"embeddable":true,"href":"https:\/\/www.hoymercedes.com.ar\/principal\/wp-json\/wp\/v2\/comments?post=158430"}],"version-history":[{"count":0,"href":"https:\/\/www.hoymercedes.com.ar\/principal\/wp-json\/wp\/v2\/posts\/158430\/revisions"}],"wp:featuredmedia":[{"embeddable":true,"href":"https:\/\/www.hoymercedes.com.ar\/principal\/wp-json\/wp\/v2\/media\/158432"}],"wp:attachment":[{"href":"https:\/\/www.hoymercedes.com.ar\/principal\/wp-json\/wp\/v2\/media?parent=158430"}],"wp:term":[{"taxonomy":"category","embeddable":true,"href":"https:\/\/www.hoymercedes.com.ar\/principal\/wp-json\/wp\/v2\/categories?post=158430"},{"taxonomy":"post_tag","embeddable":true,"href":"https:\/\/www.hoymercedes.com.ar\/principal\/wp-json\/wp\/v2\/tags?post=158430"}],"curies":[{"name":"wp","href":"https:\/\/api.w.org\/{rel}","templated":true}]}}