{"id":158454,"date":"2023-02-16T18:54:38","date_gmt":"2023-02-16T21:54:38","guid":{"rendered":"https:\/\/www.hoymercedes.com.ar\/principal\/?p=158454"},"modified":"2023-02-16T18:54:40","modified_gmt":"2023-02-16T21:54:40","slug":"wado-de-pedro-se-reunio-con-gobernadores-del-norte-grande","status":"publish","type":"post","link":"https:\/\/www.hoymercedes.com.ar\/principal\/2023\/02\/16\/wado-de-pedro-se-reunio-con-gobernadores-del-norte-grande\/","title":{"rendered":"Wado de Pedro se reuni\u00f3 con gobernadores del Norte Grande"},"content":{"rendered":"\n<figure class=\"wp-block-image size-full is-resized\"><img loading=\"lazy\" decoding=\"async\" data-attachment-id=\"158455\" data-permalink=\"https:\/\/www.hoymercedes.com.ar\/principal\/2023\/02\/16\/wado-de-pedro-se-reunio-con-gobernadores-del-norte-grande\/wadodepedro-15\/#main\" data-orig-file=\"https:\/\/www.hoymercedes.com.ar\/principal\/wp-content\/uploads\/2023\/02\/WadoDePedro.jpg\" data-orig-size=\"680,510\" data-comments-opened=\"0\" data-image-meta=\"{&quot;aperture&quot;:&quot;0&quot;,&quot;credit&quot;:&quot;&quot;,&quot;camera&quot;:&quot;&quot;,&quot;caption&quot;:&quot;&quot;,&quot;created_timestamp&quot;:&quot;0&quot;,&quot;copyright&quot;:&quot;&quot;,&quot;focal_length&quot;:&quot;0&quot;,&quot;iso&quot;:&quot;0&quot;,&quot;shutter_speed&quot;:&quot;0&quot;,&quot;title&quot;:&quot;&quot;,&quot;orientation&quot;:&quot;0&quot;}\" data-image-title=\"WadoDePedro\" data-image-description=\"\" data-image-caption=\"\" data-large-file=\"https:\/\/www.hoymercedes.com.ar\/principal\/wp-content\/uploads\/2023\/02\/WadoDePedro.jpg\" src=\"https:\/\/www.hoymercedes.com.ar\/principal\/wp-content\/uploads\/2023\/02\/WadoDePedro.jpg\" alt=\"\" class=\"wp-image-158455\" width=\"958\" height=\"719\" srcset=\"https:\/\/www.hoymercedes.com.ar\/principal\/wp-content\/uploads\/2023\/02\/WadoDePedro.jpg 680w, https:\/\/www.hoymercedes.com.ar\/principal\/wp-content\/uploads\/2023\/02\/WadoDePedro-630x473.jpg 630w, https:\/\/www.hoymercedes.com.ar\/principal\/wp-content\/uploads\/2023\/02\/WadoDePedro-150x113.jpg 150w\" sizes=\"auto, (max-width: 958px) 100vw, 958px\" \/><\/figure>\n\n\n\n<p>El ministro del Interior, Wado de Pedro, se reuni\u00f3 el martes a la noche en Tucum\u00e1n con gobernadores del Norte Grande en la previa a la reasunci\u00f3n de Juan Manzur al frente de la gobernaci\u00f3n de Tucum\u00e1n, quienes esta ma\u00f1ana participar\u00e1n del acto de reasunci\u00f3n que se llevar\u00e1 a cabo en el Teatro Mercedes Sosa.<\/p>\n\n\n\n<p>La reuni\u00f3n cont\u00f3 con la presencia de los gobernadores de Formosa; Gildo Insfr\u00e1n; de La Rioja, Ricardo Quintela; de Misiones, Oscar Herrera Ahuad; de Catamarca, Ra\u00fal Jalil; el vicegobernador a cargo del Poder Ejecutivo de Tucum\u00e1n, Osvaldo Jaldo; y el intendente de Ezeiza, Alejandro Granados.<\/p>\n\n\n\n<p>Al encuentro tambi\u00e9n asistieron el vicegobernador interino de Tucum\u00e1n, Sergio Mansilla; el vicepresidente de la Legislatura de Tucum\u00e1n, Regino Amado; el secretario coordinador del Ministerio de Obras p\u00fablicas tucumano, Marcelo Caponio.<\/p>\n","protected":false},"excerpt":{"rendered":"<p>El ministro del Interior, Wado de Pedro, se reuni\u00f3 el martes a la noche en Tucum\u00e1n con gobernadores del Norte &#8230; <a title=\"Wado de Pedro se reuni\u00f3 con gobernadores del Norte Grande\" class=\"read-more\" href=\"https:\/\/www.hoymercedes.com.ar\/principal\/2023\/02\/16\/wado-de-pedro-se-reunio-con-gobernadores-del-norte-grande\/\" aria-label=\"Leer m\u00e1s sobre Wado de Pedro se reuni\u00f3 con gobernadores del Norte Grande\">Leer m\u00e1s<\/a><\/p>\n","protected":false},"author":1,"featured_media":158455,"comment_status":"closed","ping_status":"open","sticky":false,"template":"","format":"standard","meta":{"_monsterinsights_skip_tracking":false,"_monsterinsights_sitenote_active":false,"_monsterinsights_sitenote_note":"","_monsterinsights_sitenote_category":0,"jetpack_post_was_ever_published":false,"_jetpack_newsletter_access":"","_jetpack_dont_email_post_to_subs":false,"_jetpack_newsletter_tier_id":0,"_jetpack_memberships_contains_paywalled_content":false,"_jetpack_memberships_contains_paid_content":false,"footnotes":"","jetpack_publicize_message":"","jetpack_publicize_feature_enabled":true,"jetpack_social_post_already_shared":true,"jetpack_social_options":{"image_generator_settings":{"template":"highway","default_image_id":0,"font":"","enabled":false},"version":2},"_wpas_customize_per_network":false},"categories":[17182],"tags":[281],"class_list":["post-158454","post","type-post","status-publish","format-standard","has-post-thumbnail","hentry","category-nacion","tag-wado-de-pedro","generate-columns","tablet-grid-50","mobile-grid-100","grid-parent","grid-50"],"jetpack_publicize_connections":[],"jetpack_featured_media_url":"https:\/\/www.hoymercedes.com.ar\/principal\/wp-content\/uploads\/2023\/02\/WadoDePedro.jpg","wps_subtitle":"Pol\u00edtica Nacional","jetpack_sharing_enabled":true,"_links":{"self":[{"href":"https:\/\/www.hoymercedes.com.ar\/principal\/wp-json\/wp\/v2\/posts\/158454","targetHints":{"allow":["GET"]}}],"collection":[{"href":"https:\/\/www.hoymercedes.com.ar\/principal\/wp-json\/wp\/v2\/posts"}],"about":[{"href":"https:\/\/www.hoymercedes.com.ar\/principal\/wp-json\/wp\/v2\/types\/post"}],"author":[{"embeddable":true,"href":"https:\/\/www.hoymercedes.com.ar\/principal\/wp-json\/wp\/v2\/users\/1"}],"replies":[{"embeddable":true,"href":"https:\/\/www.hoymercedes.com.ar\/principal\/wp-json\/wp\/v2\/comments?post=158454"}],"version-history":[{"count":0,"href":"https:\/\/www.hoymercedes.com.ar\/principal\/wp-json\/wp\/v2\/posts\/158454\/revisions"}],"wp:featuredmedia":[{"embeddable":true,"href":"https:\/\/www.hoymercedes.com.ar\/principal\/wp-json\/wp\/v2\/media\/158455"}],"wp:attachment":[{"href":"https:\/\/www.hoymercedes.com.ar\/principal\/wp-json\/wp\/v2\/media?parent=158454"}],"wp:term":[{"taxonomy":"category","embeddable":true,"href":"https:\/\/www.hoymercedes.com.ar\/principal\/wp-json\/wp\/v2\/categories?post=158454"},{"taxonomy":"post_tag","embeddable":true,"href":"https:\/\/www.hoymercedes.com.ar\/principal\/wp-json\/wp\/v2\/tags?post=158454"}],"curies":[{"name":"wp","href":"https:\/\/api.w.org\/{rel}","templated":true}]}}