{"id":158477,"date":"2023-02-17T15:32:46","date_gmt":"2023-02-17T18:32:46","guid":{"rendered":"https:\/\/www.hoymercedes.com.ar\/principal\/?p=158477"},"modified":"2023-02-17T15:33:16","modified_gmt":"2023-02-17T18:33:16","slug":"bancarios-confirma-paro-para-el-23-de-febrero","status":"publish","type":"post","link":"https:\/\/www.hoymercedes.com.ar\/principal\/2023\/02\/17\/bancarios-confirma-paro-para-el-23-de-febrero\/","title":{"rendered":"Bancarios confirma paro para el 23 de febrero"},"content":{"rendered":"\n<p>En la reuni\u00f3n de\u00a0<strong>Secretariado Nacional de la Asociaci\u00f3n Bancaria<\/strong>\u00a0se resolvi\u00f3 realizar un\u00a0paro nacional de 24 horas\u00a0durante el 23 de febrero. La fecha se confirm\u00f3 a trav\u00e9s de un encuentro con los medios. <\/p>\n\n\n\n<p>Sergio Palazzo, secretario general del gremio, dijo a la prensa: \u201cNo se logr\u00f3 un acuerdo. Hemos planteado, m\u00e1s all\u00e1 de los porcentajes y revisar las paritarias del 2022, que el sector empresario se haga cargo de parte del impuesto a las Ganancias que hoy pagan los trabajadores. La respuesta ha sido negativa\u201d.<\/p>\n\n\n\n<p>Desde la asociaci\u00f3n bancaria a nivel nacional se\u00f1alaron que necesitan respuestas a \u00abtodos los planteos realizados durante las tres audiencias paritarias que se llevaron a cabo hasta el momento en el \u00e1mbito del ministerio de Trabajo\u00bb. Y enumeraron que tienen \u00abpendiente la paritaria 2022\u00bb. \u00abHay que fijar los aumentos correspondientes a este a\u00f1o y solucionar urgentemente el tema del impuesto a las Ganancias\u00bb.<\/p>\n\n\n\n<p>En lo que se refiere a la paritaria del a\u00f1o pasado, el gremio consigui\u00f3 una mejora de 94,1% contra un costo de vida de 94,8%, lo que podr\u00eda ser un \u00abempate\u00bb. Por eso sostienen en que primero hay que cerrar el acuerdo del a\u00f1o pasado para avanzar en lo referente al 2023.<\/p>\n","protected":false},"excerpt":{"rendered":"<p>En la reuni\u00f3n de\u00a0Secretariado Nacional de la Asociaci\u00f3n Bancaria\u00a0se resolvi\u00f3 realizar un\u00a0paro nacional de 24 horas\u00a0durante el 23 de febrero. &#8230; <a title=\"Bancarios confirma paro para el 23 de febrero\" class=\"read-more\" href=\"https:\/\/www.hoymercedes.com.ar\/principal\/2023\/02\/17\/bancarios-confirma-paro-para-el-23-de-febrero\/\" aria-label=\"Leer m\u00e1s sobre Bancarios confirma paro para el 23 de febrero\">Leer m\u00e1s<\/a><\/p>\n","protected":false},"author":1,"featured_media":108527,"comment_status":"closed","ping_status":"open","sticky":false,"template":"","format":"standard","meta":{"_monsterinsights_skip_tracking":false,"_monsterinsights_sitenote_active":false,"_monsterinsights_sitenote_note":"","_monsterinsights_sitenote_category":0,"jetpack_post_was_ever_published":false,"_jetpack_newsletter_access":"","_jetpack_dont_email_post_to_subs":false,"_jetpack_newsletter_tier_id":0,"_jetpack_memberships_contains_paywalled_content":false,"_jetpack_memberships_contains_paid_content":false,"footnotes":"","jetpack_publicize_message":"","jetpack_publicize_feature_enabled":true,"jetpack_social_post_already_shared":true,"jetpack_social_options":{"image_generator_settings":{"template":"highway","default_image_id":0,"font":"","enabled":false},"version":2},"_wpas_customize_per_network":false},"categories":[8],"tags":[],"class_list":["post-158477","post","type-post","status-publish","format-standard","has-post-thumbnail","hentry","category-sociedad","generate-columns","tablet-grid-50","mobile-grid-100","grid-parent","grid-50"],"jetpack_publicize_connections":[],"jetpack_featured_media_url":"https:\/\/www.hoymercedes.com.ar\/principal\/wp-content\/uploads\/2020\/03\/27-colas-bancos-2.jpg","wps_subtitle":"","jetpack_sharing_enabled":true,"_links":{"self":[{"href":"https:\/\/www.hoymercedes.com.ar\/principal\/wp-json\/wp\/v2\/posts\/158477","targetHints":{"allow":["GET"]}}],"collection":[{"href":"https:\/\/www.hoymercedes.com.ar\/principal\/wp-json\/wp\/v2\/posts"}],"about":[{"href":"https:\/\/www.hoymercedes.com.ar\/principal\/wp-json\/wp\/v2\/types\/post"}],"author":[{"embeddable":true,"href":"https:\/\/www.hoymercedes.com.ar\/principal\/wp-json\/wp\/v2\/users\/1"}],"replies":[{"embeddable":true,"href":"https:\/\/www.hoymercedes.com.ar\/principal\/wp-json\/wp\/v2\/comments?post=158477"}],"version-history":[{"count":0,"href":"https:\/\/www.hoymercedes.com.ar\/principal\/wp-json\/wp\/v2\/posts\/158477\/revisions"}],"wp:featuredmedia":[{"embeddable":true,"href":"https:\/\/www.hoymercedes.com.ar\/principal\/wp-json\/wp\/v2\/media\/108527"}],"wp:attachment":[{"href":"https:\/\/www.hoymercedes.com.ar\/principal\/wp-json\/wp\/v2\/media?parent=158477"}],"wp:term":[{"taxonomy":"category","embeddable":true,"href":"https:\/\/www.hoymercedes.com.ar\/principal\/wp-json\/wp\/v2\/categories?post=158477"},{"taxonomy":"post_tag","embeddable":true,"href":"https:\/\/www.hoymercedes.com.ar\/principal\/wp-json\/wp\/v2\/tags?post=158477"}],"curies":[{"name":"wp","href":"https:\/\/api.w.org\/{rel}","templated":true}]}}