{"id":158538,"date":"2023-02-19T15:41:00","date_gmt":"2023-02-19T18:41:00","guid":{"rendered":"https:\/\/www.hoymercedes.com.ar\/principal\/?p=158538"},"modified":"2023-02-19T20:55:18","modified_gmt":"2023-02-19T23:55:18","slug":"mujeres-cem-invitan-a-curso-canva-para-emprendedores","status":"publish","type":"post","link":"https:\/\/www.hoymercedes.com.ar\/principal\/2023\/02\/19\/mujeres-cem-invitan-a-curso-canva-para-emprendedores\/","title":{"rendered":"Mujeres CEM invitan a curso \u00abCanva para emprendedores\u00bb"},"content":{"rendered":"\n<p>Desde la Subcomisi\u00f3n de Mujeres de la C\u00e1mara Econ\u00f3mica Mercedina (CEM) hacen p\u00fablica la invitaci\u00f3n para participar de una capacitaci\u00f3n para emprendedores en lo que hace el dise\u00f1o de im\u00e1genes para redes sociales. <\/p>\n\n\n\n<p>Se trata del curso \u00abCanva para emprendedores\u00bb, una actividad presencial a cargo de Elba Campos, invitada para la ocasi\u00f3n. El curso ser\u00e1 el mi\u00e9rcoles 22 de febrero, 14:30 horas, en la sede de la CEM (Av. 29 N\u00b0 638, entre 26 y 28). <\/p>\n\n\n\n<p>Sin embargo, los interesados deber\u00e1n inscribirse previamente. Es con cupos limitados y para participar, hay que inscribirse en el siguiente link:\u00a0<a href=\"https:\/\/forms.gle\/AhdKMcPC8r3p7N4L9\" target=\"_blank\" rel=\"noopener\">https:\/\/forms.gle\/AhdKMcPC8r3p7N4L9<\/a> <\/p>\n\n\n\n<p>La actividad que es organizada por la Subcomisi\u00f3n de Mujeres de la C\u00e1mara Econ\u00f3mica Mercedina, con el apoyo de Mujeres Empresarias CAME y Mujeres Empresarias de la FEBA. La actividad es abierta a todo p\u00fablico y gratuita gracias al auspicio de Encontrarte Did\u00e1ctico.<\/p>\n\n\n\n<figure class=\"wp-block-image size-large\"><img loading=\"lazy\" decoding=\"async\" width=\"1024\" height=\"1024\" data-attachment-id=\"158539\" data-permalink=\"https:\/\/www.hoymercedes.com.ar\/principal\/2023\/02\/19\/mujeres-cem-invitan-a-curso-canva-para-emprendedores\/whatsapp-image-2023-02-13-at-14-39-34\/#main\" data-orig-file=\"https:\/\/www.hoymercedes.com.ar\/principal\/wp-content\/uploads\/2023\/02\/WhatsApp-Image-2023-02-13-at-14.39.34.jpeg\" data-orig-size=\"1080,1080\" data-comments-opened=\"0\" data-image-meta=\"{&quot;aperture&quot;:&quot;0&quot;,&quot;credit&quot;:&quot;&quot;,&quot;camera&quot;:&quot;&quot;,&quot;caption&quot;:&quot;&quot;,&quot;created_timestamp&quot;:&quot;0&quot;,&quot;copyright&quot;:&quot;&quot;,&quot;focal_length&quot;:&quot;0&quot;,&quot;iso&quot;:&quot;0&quot;,&quot;shutter_speed&quot;:&quot;0&quot;,&quot;title&quot;:&quot;&quot;,&quot;orientation&quot;:&quot;0&quot;}\" data-image-title=\"WhatsApp-Image-2023-02-13-at-14.39.34\" data-image-description=\"\" data-image-caption=\"\" data-large-file=\"https:\/\/www.hoymercedes.com.ar\/principal\/wp-content\/uploads\/2023\/02\/WhatsApp-Image-2023-02-13-at-14.39.34-1024x1024.jpeg\" src=\"https:\/\/www.hoymercedes.com.ar\/principal\/wp-content\/uploads\/2023\/02\/WhatsApp-Image-2023-02-13-at-14.39.34-1024x1024.jpeg\" alt=\"\" class=\"wp-image-158539\" srcset=\"https:\/\/www.hoymercedes.com.ar\/principal\/wp-content\/uploads\/2023\/02\/WhatsApp-Image-2023-02-13-at-14.39.34-1024x1024.jpeg 1024w, https:\/\/www.hoymercedes.com.ar\/principal\/wp-content\/uploads\/2023\/02\/WhatsApp-Image-2023-02-13-at-14.39.34-620x620.jpeg 620w, https:\/\/www.hoymercedes.com.ar\/principal\/wp-content\/uploads\/2023\/02\/WhatsApp-Image-2023-02-13-at-14.39.34-150x150.jpeg 150w, https:\/\/www.hoymercedes.com.ar\/principal\/wp-content\/uploads\/2023\/02\/WhatsApp-Image-2023-02-13-at-14.39.34.jpeg 1080w\" sizes=\"auto, (max-width: 1024px) 100vw, 1024px\" \/><\/figure>\n","protected":false},"excerpt":{"rendered":"<p>Desde la Subcomisi\u00f3n de Mujeres de la C\u00e1mara Econ\u00f3mica Mercedina (CEM) hacen p\u00fablica la invitaci\u00f3n para participar de una capacitaci\u00f3n &#8230; <a title=\"Mujeres CEM invitan a curso \u00abCanva para emprendedores\u00bb\" class=\"read-more\" href=\"https:\/\/www.hoymercedes.com.ar\/principal\/2023\/02\/19\/mujeres-cem-invitan-a-curso-canva-para-emprendedores\/\" aria-label=\"Leer m\u00e1s sobre Mujeres CEM invitan a curso \u00abCanva para emprendedores\u00bb\">Leer m\u00e1s<\/a><\/p>\n","protected":false},"author":1,"featured_media":158539,"comment_status":"closed","ping_status":"open","sticky":false,"template":"","format":"standard","meta":{"_monsterinsights_skip_tracking":false,"_monsterinsights_sitenote_active":false,"_monsterinsights_sitenote_note":"","_monsterinsights_sitenote_category":0,"jetpack_post_was_ever_published":false,"_jetpack_newsletter_access":"","_jetpack_dont_email_post_to_subs":false,"_jetpack_newsletter_tier_id":0,"_jetpack_memberships_contains_paywalled_content":false,"_jetpack_memberships_contains_paid_content":false,"footnotes":"","jetpack_publicize_message":"","jetpack_publicize_feature_enabled":true,"jetpack_social_post_already_shared":true,"jetpack_social_options":{"image_generator_settings":{"template":"highway","default_image_id":0,"font":"","enabled":false},"version":2},"_wpas_customize_per_network":false},"categories":[8],"tags":[],"class_list":["post-158538","post","type-post","status-publish","format-standard","has-post-thumbnail","hentry","category-sociedad","generate-columns","tablet-grid-50","mobile-grid-100","grid-parent","grid-50"],"jetpack_publicize_connections":[],"jetpack_featured_media_url":"https:\/\/www.hoymercedes.com.ar\/principal\/wp-content\/uploads\/2023\/02\/WhatsApp-Image-2023-02-13-at-14.39.34.jpeg","wps_subtitle":"","jetpack_sharing_enabled":true,"_links":{"self":[{"href":"https:\/\/www.hoymercedes.com.ar\/principal\/wp-json\/wp\/v2\/posts\/158538","targetHints":{"allow":["GET"]}}],"collection":[{"href":"https:\/\/www.hoymercedes.com.ar\/principal\/wp-json\/wp\/v2\/posts"}],"about":[{"href":"https:\/\/www.hoymercedes.com.ar\/principal\/wp-json\/wp\/v2\/types\/post"}],"author":[{"embeddable":true,"href":"https:\/\/www.hoymercedes.com.ar\/principal\/wp-json\/wp\/v2\/users\/1"}],"replies":[{"embeddable":true,"href":"https:\/\/www.hoymercedes.com.ar\/principal\/wp-json\/wp\/v2\/comments?post=158538"}],"version-history":[{"count":0,"href":"https:\/\/www.hoymercedes.com.ar\/principal\/wp-json\/wp\/v2\/posts\/158538\/revisions"}],"wp:featuredmedia":[{"embeddable":true,"href":"https:\/\/www.hoymercedes.com.ar\/principal\/wp-json\/wp\/v2\/media\/158539"}],"wp:attachment":[{"href":"https:\/\/www.hoymercedes.com.ar\/principal\/wp-json\/wp\/v2\/media?parent=158538"}],"wp:term":[{"taxonomy":"category","embeddable":true,"href":"https:\/\/www.hoymercedes.com.ar\/principal\/wp-json\/wp\/v2\/categories?post=158538"},{"taxonomy":"post_tag","embeddable":true,"href":"https:\/\/www.hoymercedes.com.ar\/principal\/wp-json\/wp\/v2\/tags?post=158538"}],"curies":[{"name":"wp","href":"https:\/\/api.w.org\/{rel}","templated":true}]}}