{"id":158582,"date":"2023-02-21T14:33:30","date_gmt":"2023-02-21T17:33:30","guid":{"rendered":"https:\/\/www.hoymercedes.com.ar\/principal\/?p=158582"},"modified":"2023-02-21T14:33:32","modified_gmt":"2023-02-21T17:33:32","slug":"fonavi-nena-colgada-de-9o-piso-y-casi-sucede-una-tragedia","status":"publish","type":"post","link":"https:\/\/www.hoymercedes.com.ar\/principal\/2023\/02\/21\/fonavi-nena-colgada-de-9o-piso-y-casi-sucede-una-tragedia\/","title":{"rendered":"Fonavi: nena colgada de 9\u00ba piso y casi sucede una tragedia"},"content":{"rendered":"\n<figure class=\"wp-block-image size-full is-resized\"><img loading=\"lazy\" decoding=\"async\" data-attachment-id=\"158583\" data-permalink=\"https:\/\/www.hoymercedes.com.ar\/principal\/2023\/02\/21\/fonavi-nena-colgada-de-9o-piso-y-casi-sucede-una-tragedia\/fonavi-nenaventana-1\/#main\" data-orig-file=\"https:\/\/www.hoymercedes.com.ar\/principal\/wp-content\/uploads\/2023\/02\/Fonavi-NenaVentana-1.jpg\" data-orig-size=\"900,461\" data-comments-opened=\"0\" data-image-meta=\"{&quot;aperture&quot;:&quot;0&quot;,&quot;credit&quot;:&quot;&quot;,&quot;camera&quot;:&quot;&quot;,&quot;caption&quot;:&quot;&quot;,&quot;created_timestamp&quot;:&quot;0&quot;,&quot;copyright&quot;:&quot;&quot;,&quot;focal_length&quot;:&quot;0&quot;,&quot;iso&quot;:&quot;0&quot;,&quot;shutter_speed&quot;:&quot;0&quot;,&quot;title&quot;:&quot;&quot;,&quot;orientation&quot;:&quot;0&quot;}\" data-image-title=\"Fonavi-NenaVentana-1\" data-image-description=\"\" data-image-caption=\"\" data-large-file=\"https:\/\/www.hoymercedes.com.ar\/principal\/wp-content\/uploads\/2023\/02\/Fonavi-NenaVentana-1.jpg\" src=\"https:\/\/www.hoymercedes.com.ar\/principal\/wp-content\/uploads\/2023\/02\/Fonavi-NenaVentana-1.jpg\" alt=\"\" class=\"wp-image-158583\" width=\"958\" height=\"491\" srcset=\"https:\/\/www.hoymercedes.com.ar\/principal\/wp-content\/uploads\/2023\/02\/Fonavi-NenaVentana-1.jpg 900w, https:\/\/www.hoymercedes.com.ar\/principal\/wp-content\/uploads\/2023\/02\/Fonavi-NenaVentana-1-630x323.jpg 630w, https:\/\/www.hoymercedes.com.ar\/principal\/wp-content\/uploads\/2023\/02\/Fonavi-NenaVentana-1-150x77.jpg 150w\" sizes=\"auto, (max-width: 958px) 100vw, 958px\" \/><\/figure>\n\n\n\n<p>La noticia se conoci\u00f3 a trav\u00e9s de las redes sociales. Una menor de edad qued\u00f3 colgada de la ventana de la torre 1 desde el noveno piso. Un vecino logr\u00f3 atraparla mientras empezaba a caer. Preventivamente fue trasladada al hospital Dubarry.<\/p>\n\n\n\n<p>Las y los vecinos vieron la situaci\u00f3n y se pusieron inmediatamente en alerta. Intentaron entrar en el departamento, haci\u00e9ndoseles dif\u00edcil, hasta que finalmente lograron romper la puerta e ingresar. La nena se encontraba sola.<\/p>\n\n\n\n<figure class=\"wp-block-image size-full is-resized\"><img loading=\"lazy\" decoding=\"async\" data-attachment-id=\"158584\" data-permalink=\"https:\/\/www.hoymercedes.com.ar\/principal\/2023\/02\/21\/fonavi-nena-colgada-de-9o-piso-y-casi-sucede-una-tragedia\/fonavi-nenaventana-2\/#main\" data-orig-file=\"https:\/\/www.hoymercedes.com.ar\/principal\/wp-content\/uploads\/2023\/02\/Fonavi-NenaVentana-2.jpg\" data-orig-size=\"720,704\" data-comments-opened=\"0\" data-image-meta=\"{&quot;aperture&quot;:&quot;0&quot;,&quot;credit&quot;:&quot;&quot;,&quot;camera&quot;:&quot;&quot;,&quot;caption&quot;:&quot;&quot;,&quot;created_timestamp&quot;:&quot;0&quot;,&quot;copyright&quot;:&quot;&quot;,&quot;focal_length&quot;:&quot;0&quot;,&quot;iso&quot;:&quot;0&quot;,&quot;shutter_speed&quot;:&quot;0&quot;,&quot;title&quot;:&quot;&quot;,&quot;orientation&quot;:&quot;0&quot;}\" data-image-title=\"Fonavi-NenaVentana-2\" data-image-description=\"\" data-image-caption=\"\" data-large-file=\"https:\/\/www.hoymercedes.com.ar\/principal\/wp-content\/uploads\/2023\/02\/Fonavi-NenaVentana-2.jpg\" src=\"https:\/\/www.hoymercedes.com.ar\/principal\/wp-content\/uploads\/2023\/02\/Fonavi-NenaVentana-2.jpg\" alt=\"\" class=\"wp-image-158584\" width=\"961\" height=\"940\" srcset=\"https:\/\/www.hoymercedes.com.ar\/principal\/wp-content\/uploads\/2023\/02\/Fonavi-NenaVentana-2.jpg 720w, https:\/\/www.hoymercedes.com.ar\/principal\/wp-content\/uploads\/2023\/02\/Fonavi-NenaVentana-2-630x616.jpg 630w, https:\/\/www.hoymercedes.com.ar\/principal\/wp-content\/uploads\/2023\/02\/Fonavi-NenaVentana-2-150x147.jpg 150w\" sizes=\"auto, (max-width: 961px) 100vw, 961px\" \/><\/figure>\n\n\n\n<p>El hecho tom\u00f3 magnitud social al difundirse, por medio de varios usuarios, a trav\u00e9s de las redes sociales. Distintas versiones dieron cuenta del hecho. Lo importante la nena logr\u00f3 ser salvada.<\/p>\n","protected":false},"excerpt":{"rendered":"<p>Fonavi: nena colgada de 9\u00ba piso y casi sucede una tragedia<\/p>\n","protected":false},"author":1,"featured_media":158583,"comment_status":"closed","ping_status":"open","sticky":false,"template":"","format":"standard","meta":{"_monsterinsights_skip_tracking":false,"_monsterinsights_sitenote_active":false,"_monsterinsights_sitenote_note":"","_monsterinsights_sitenote_category":0,"jetpack_post_was_ever_published":false,"_jetpack_newsletter_access":"","_jetpack_dont_email_post_to_subs":false,"_jetpack_newsletter_tier_id":0,"_jetpack_memberships_contains_paywalled_content":false,"_jetpack_memberships_contains_paid_content":false,"footnotes":"","jetpack_publicize_message":"","jetpack_publicize_feature_enabled":true,"jetpack_social_post_already_shared":true,"jetpack_social_options":{"image_generator_settings":{"template":"highway","default_image_id":0,"font":"","enabled":false},"version":2},"_wpas_customize_per_network":false},"categories":[8],"tags":[5840,18676],"class_list":["post-158582","post","type-post","status-publish","format-standard","has-post-thumbnail","hentry","category-sociedad","tag-fonavi","tag-nena-colgada-de-9-piso","generate-columns","tablet-grid-50","mobile-grid-100","grid-parent","grid-50"],"jetpack_publicize_connections":[],"jetpack_featured_media_url":"https:\/\/www.hoymercedes.com.ar\/principal\/wp-content\/uploads\/2023\/02\/Fonavi-NenaVentana-1.jpg","wps_subtitle":"Preocupaci\u00f3n ","jetpack_sharing_enabled":true,"_links":{"self":[{"href":"https:\/\/www.hoymercedes.com.ar\/principal\/wp-json\/wp\/v2\/posts\/158582","targetHints":{"allow":["GET"]}}],"collection":[{"href":"https:\/\/www.hoymercedes.com.ar\/principal\/wp-json\/wp\/v2\/posts"}],"about":[{"href":"https:\/\/www.hoymercedes.com.ar\/principal\/wp-json\/wp\/v2\/types\/post"}],"author":[{"embeddable":true,"href":"https:\/\/www.hoymercedes.com.ar\/principal\/wp-json\/wp\/v2\/users\/1"}],"replies":[{"embeddable":true,"href":"https:\/\/www.hoymercedes.com.ar\/principal\/wp-json\/wp\/v2\/comments?post=158582"}],"version-history":[{"count":0,"href":"https:\/\/www.hoymercedes.com.ar\/principal\/wp-json\/wp\/v2\/posts\/158582\/revisions"}],"wp:featuredmedia":[{"embeddable":true,"href":"https:\/\/www.hoymercedes.com.ar\/principal\/wp-json\/wp\/v2\/media\/158583"}],"wp:attachment":[{"href":"https:\/\/www.hoymercedes.com.ar\/principal\/wp-json\/wp\/v2\/media?parent=158582"}],"wp:term":[{"taxonomy":"category","embeddable":true,"href":"https:\/\/www.hoymercedes.com.ar\/principal\/wp-json\/wp\/v2\/categories?post=158582"},{"taxonomy":"post_tag","embeddable":true,"href":"https:\/\/www.hoymercedes.com.ar\/principal\/wp-json\/wp\/v2\/tags?post=158582"}],"curies":[{"name":"wp","href":"https:\/\/api.w.org\/{rel}","templated":true}]}}