{"id":158598,"date":"2023-02-22T07:35:00","date_gmt":"2023-02-22T10:35:00","guid":{"rendered":"https:\/\/www.hoymercedes.com.ar\/principal\/?p=158598"},"modified":"2023-02-21T19:38:11","modified_gmt":"2023-02-21T22:38:11","slug":"primera-nacional-flandria-rescata-un-punto-en-mendoza","status":"publish","type":"post","link":"https:\/\/www.hoymercedes.com.ar\/principal\/2023\/02\/22\/primera-nacional-flandria-rescata-un-punto-en-mendoza\/","title":{"rendered":"Primera Nacional: Flandria rescata un punto en Mendoza\u00a0"},"content":{"rendered":"\n<p><strong><em>El Canario igual\u00f3 en cero contra Gimnasia. Si bien no sufri\u00f3 grandes contratiempos, sobre el final Peraf\u00e1n se convirti\u00f3 en figura con una doble atajada. El equipo de Felipe De la Riva empieza a perfilarse como un duro rival.<\/em><\/strong>\u00a0<\/p>\n\n\n<div class=\"wp-block-image\">\n<figure class=\"aligncenter size-full is-resized\"><img loading=\"lazy\" decoding=\"async\" data-attachment-id=\"158595\" data-permalink=\"https:\/\/www.hoymercedes.com.ar\/principal\/2023\/02\/21\/liga-mercedina-de-futbol-definen-los-torneos-de-primera-y-segunda\/flandria-2102\/#main\" data-orig-file=\"https:\/\/www.hoymercedes.com.ar\/principal\/wp-content\/uploads\/2023\/02\/flandria-2102.jpeg\" data-orig-size=\"481,377\" data-comments-opened=\"0\" data-image-meta=\"{&quot;aperture&quot;:&quot;0&quot;,&quot;credit&quot;:&quot;&quot;,&quot;camera&quot;:&quot;&quot;,&quot;caption&quot;:&quot;&quot;,&quot;created_timestamp&quot;:&quot;0&quot;,&quot;copyright&quot;:&quot;&quot;,&quot;focal_length&quot;:&quot;0&quot;,&quot;iso&quot;:&quot;0&quot;,&quot;shutter_speed&quot;:&quot;0&quot;,&quot;title&quot;:&quot;&quot;,&quot;orientation&quot;:&quot;0&quot;}\" data-image-title=\"flandria 2102\" data-image-description=\"\" data-image-caption=\"\" data-large-file=\"https:\/\/www.hoymercedes.com.ar\/principal\/wp-content\/uploads\/2023\/02\/flandria-2102.jpeg\" src=\"https:\/\/www.hoymercedes.com.ar\/principal\/wp-content\/uploads\/2023\/02\/flandria-2102.jpeg\" alt=\"\" class=\"wp-image-158595\" width=\"602\" height=\"470\" srcset=\"https:\/\/www.hoymercedes.com.ar\/principal\/wp-content\/uploads\/2023\/02\/flandria-2102.jpeg 481w, https:\/\/www.hoymercedes.com.ar\/principal\/wp-content\/uploads\/2023\/02\/flandria-2102-150x118.jpeg 150w\" sizes=\"auto, (max-width: 602px) 100vw, 602px\" \/><\/figure>\n<\/div>\n\n\n<p>Flandria logr\u00f3 un valioso empate en su viaje a Mendoza, frente a Gimnasia de esa provincia. El Canario justific\u00f3 el punto, porque si bien el local tuvo mayor posesi\u00f3n de pelota, casi no sum\u00f3 chances claras para romper el cero. Y el equipo de J\u00e1uregui, a su vez, mostr\u00f3 su mejor cara al promediar el segundo tiempo, cuando tuvo algunas jugadas de cierto riesgo que, sin embargo, no logr\u00f3 finalizar con \u00e9xito.&nbsp;<\/p>\n\n\n\n<p>El primer tiempo pas\u00f3 sin pena de gloria, pero sirvi\u00f3 para ratificar la impronta que Felipe De la Riva intenta darle a Flandria: la de un equipo dur\u00edsimo que juega con el cuchillo entre los dientes. Las tres amonestaciones recibidas en esa primera parte dan cuenta de este perfil. Como contracara, de la mitad de cancha para arriba las dificultades en la generaci\u00f3n de juego fueron otra vez evidentes.&nbsp;<\/p>\n\n\n\n<p>El segundo tiempo comenz\u00f3 m\u00e1s o menos igual. Gimnasia intentando pero sin claridad. Sin embargo, poco a poco Flandria adelant\u00f3 un poco sus l\u00edneas y, aprovechando alguna contra, tuvo sus mejores momentos ofensivos, con chances que si bien no fueron clar\u00edsimas, s\u00ed llevaron peligro al \u00e1rea local. En el \u00faltimo cuarto de hora, Gimnasia volvi\u00f3 a tomar las riendas del partido y complic\u00f3 a Flandria. La m\u00e1s clara ocurri\u00f3 a los 36 minutos, con una impresionante doble atajada de Peraf\u00e1n. Ahora si viene Patronato en el Carlos V.\u00a0<\/p>\n\n\n\n<p>Colaboraci\u00f3n: Mariano Oyarz\u00fa<\/p>\n","protected":false},"excerpt":{"rendered":"<p>El Canario igual\u00f3 en cero contra Gimnasia. Si bien no sufri\u00f3 grandes contratiempos, sobre el final Peraf\u00e1n se convirti\u00f3 en &#8230; <a title=\"Primera Nacional: Flandria rescata un punto en Mendoza\u00a0\" class=\"read-more\" href=\"https:\/\/www.hoymercedes.com.ar\/principal\/2023\/02\/22\/primera-nacional-flandria-rescata-un-punto-en-mendoza\/\" aria-label=\"Leer m\u00e1s sobre Primera Nacional: Flandria rescata un punto en Mendoza\u00a0\">Leer m\u00e1s<\/a><\/p>\n","protected":false},"author":1,"featured_media":158595,"comment_status":"closed","ping_status":"open","sticky":false,"template":"","format":"standard","meta":{"_monsterinsights_skip_tracking":false,"_monsterinsights_sitenote_active":false,"_monsterinsights_sitenote_note":"","_monsterinsights_sitenote_category":0,"jetpack_post_was_ever_published":false,"_jetpack_newsletter_access":"","_jetpack_dont_email_post_to_subs":false,"_jetpack_newsletter_tier_id":0,"_jetpack_memberships_contains_paywalled_content":false,"_jetpack_memberships_contains_paid_content":false,"footnotes":"","jetpack_publicize_message":"","jetpack_publicize_feature_enabled":true,"jetpack_social_post_already_shared":true,"jetpack_social_options":{"image_generator_settings":{"template":"highway","default_image_id":0,"font":"","enabled":false},"version":2},"_wpas_customize_per_network":false},"categories":[21],"tags":[204],"class_list":["post-158598","post","type-post","status-publish","format-standard","has-post-thumbnail","hentry","category-deportes","tag-deportes-2","generate-columns","tablet-grid-50","mobile-grid-100","grid-parent","grid-50"],"jetpack_publicize_connections":[],"jetpack_featured_media_url":"https:\/\/www.hoymercedes.com.ar\/principal\/wp-content\/uploads\/2023\/02\/flandria-2102.jpeg","wps_subtitle":"","jetpack_sharing_enabled":true,"_links":{"self":[{"href":"https:\/\/www.hoymercedes.com.ar\/principal\/wp-json\/wp\/v2\/posts\/158598","targetHints":{"allow":["GET"]}}],"collection":[{"href":"https:\/\/www.hoymercedes.com.ar\/principal\/wp-json\/wp\/v2\/posts"}],"about":[{"href":"https:\/\/www.hoymercedes.com.ar\/principal\/wp-json\/wp\/v2\/types\/post"}],"author":[{"embeddable":true,"href":"https:\/\/www.hoymercedes.com.ar\/principal\/wp-json\/wp\/v2\/users\/1"}],"replies":[{"embeddable":true,"href":"https:\/\/www.hoymercedes.com.ar\/principal\/wp-json\/wp\/v2\/comments?post=158598"}],"version-history":[{"count":0,"href":"https:\/\/www.hoymercedes.com.ar\/principal\/wp-json\/wp\/v2\/posts\/158598\/revisions"}],"wp:featuredmedia":[{"embeddable":true,"href":"https:\/\/www.hoymercedes.com.ar\/principal\/wp-json\/wp\/v2\/media\/158595"}],"wp:attachment":[{"href":"https:\/\/www.hoymercedes.com.ar\/principal\/wp-json\/wp\/v2\/media?parent=158598"}],"wp:term":[{"taxonomy":"category","embeddable":true,"href":"https:\/\/www.hoymercedes.com.ar\/principal\/wp-json\/wp\/v2\/categories?post=158598"},{"taxonomy":"post_tag","embeddable":true,"href":"https:\/\/www.hoymercedes.com.ar\/principal\/wp-json\/wp\/v2\/tags?post=158598"}],"curies":[{"name":"wp","href":"https:\/\/api.w.org\/{rel}","templated":true}]}}