{"id":15863,"date":"2012-09-06T11:21:49","date_gmt":"2012-09-06T11:21:49","guid":{"rendered":"http:\/\/www.hoymercedes.com.ar\/principal\/?p=15863"},"modified":"2012-09-06T11:21:57","modified_gmt":"2012-09-06T11:21:57","slug":"selva-en-encuentro-con-daniel-scioli","status":"publish","type":"post","link":"https:\/\/www.hoymercedes.com.ar\/principal\/2012\/09\/06\/selva-en-encuentro-con-daniel-scioli\/","title":{"rendered":"Selva en encuentro con Daniel Scioli"},"content":{"rendered":"<p><a href=\"https:\/\/www.hoymercedes.com.ar\/principal\/wp-content\/uploads\/2012\/09\/Selva-Sciolo-9.12.jpg\"><img loading=\"lazy\" decoding=\"async\" data-attachment-id=\"15865\" data-permalink=\"https:\/\/www.hoymercedes.com.ar\/principal\/2012\/09\/06\/selva-en-encuentro-con-daniel-scioli\/selva-sciolo-9-12\/#main\" data-orig-file=\"https:\/\/www.hoymercedes.com.ar\/principal\/wp-content\/uploads\/2012\/09\/Selva-Sciolo-9.12.jpg\" data-orig-size=\"614,346\" data-comments-opened=\"1\" data-image-meta=\"{&quot;aperture&quot;:&quot;2.2&quot;,&quot;credit&quot;:&quot;&quot;,&quot;camera&quot;:&quot;N9&quot;,&quot;caption&quot;:&quot;&quot;,&quot;created_timestamp&quot;:&quot;0&quot;,&quot;copyright&quot;:&quot;&quot;,&quot;focal_length&quot;:&quot;28&quot;,&quot;iso&quot;:&quot;696&quot;,&quot;shutter_speed&quot;:&quot;0.066&quot;,&quot;title&quot;:&quot;&quot;}\" data-image-title=\"Selva-Sciolo-9.12\" data-image-description=\"\" data-image-caption=\"\" data-large-file=\"https:\/\/www.hoymercedes.com.ar\/principal\/wp-content\/uploads\/2012\/09\/Selva-Sciolo-9.12.jpg\" class=\"aligncenter size-full wp-image-15865\" title=\"Selva-Sciolo-9.12\" src=\"https:\/\/www.hoymercedes.com.ar\/principal\/wp-content\/uploads\/2012\/09\/Selva-Sciolo-9.12.jpg\" alt=\"\" width=\"614\" height=\"346\" \/><\/a><\/p>\n<p>Selva estuvo presente en un encuentro que se llev\u00f3 a cabo en la capital provincial con la participaci\u00f3n del gobernador Daniel Scioli y Funcionarios de sus carteras de trabajo.<\/p>\n<p>Estuvo presente Nora de Lucia, la Directora General de Educaci\u00f3n y Cultura, quien present\u00f3 el programa \u00abEducaci\u00f3n y Trabajo\u00bb que, seg\u00fan manifestaron busca ser: \u00abuna pol\u00edtica que prev\u00e9 la vinculaci\u00f3n de los desarrollos productivos locales y regionales con el sistema educativo y que defini\u00f3 como \u201cla clave del futuro, el progreso y el desarrollo de la provincia de Buenos Aires\u201d<\/p>\n<p>Acompa\u00f1ando al Intendente Municipal de Mercedes estuvieron la Inspectora Regional Ines Atilli, la Inspectora Distrital Elsa Capurro, la Directora de la Escuela Aerot\u00e9cnica Sandra Almada y el Director del CPT N\u00ba 4 Julio Vitale<\/p>\n<p>En el Sal\u00f3n de Usos M\u00faltiples de la Casa de Gobierno se realiz\u00f3 la convocatoria en donde estuvieron presentes los jefes comunales de San Nicol\u00e1s, Salto, Salliquel\u00f3, Col\u00f3n, Leandro Alem, Monte Hermoso, Punta Indio y Coronel Rosales entre otros<\/p>\n<p>De Lucia remarc\u00f3 que en la provincia de Buenos Aires \u201cel mayor capital es la gente\u201d, por lo que invit\u00f3 a \u201ctrabajar todos juntos para formar hombres y mujeres que se puedan incluir en el mundo del trabajo con continuos cambios tecnol\u00f3gicos\u201d.<\/p>\n","protected":false},"excerpt":{"rendered":"<p>Selva estuvo presente en un encuentro que se llev\u00f3 a cabo en la capital provincial con la participaci\u00f3n del gobernador &#8230; <a title=\"Selva en encuentro con Daniel Scioli\" class=\"read-more\" href=\"https:\/\/www.hoymercedes.com.ar\/principal\/2012\/09\/06\/selva-en-encuentro-con-daniel-scioli\/\" aria-label=\"Leer m\u00e1s sobre Selva en encuentro con Daniel Scioli\">Leer m\u00e1s<\/a><\/p>\n","protected":false},"author":1,"featured_media":0,"comment_status":"open","ping_status":"open","sticky":false,"template":"","format":"standard","meta":{"_monsterinsights_skip_tracking":false,"_monsterinsights_sitenote_active":false,"_monsterinsights_sitenote_note":"","_monsterinsights_sitenote_category":0,"jetpack_post_was_ever_published":false,"_jetpack_newsletter_access":"","_jetpack_dont_email_post_to_subs":false,"_jetpack_newsletter_tier_id":0,"_jetpack_memberships_contains_paywalled_content":false,"_jetpack_memberships_contains_paid_content":false,"footnotes":"","jetpack_publicize_message":"","jetpack_publicize_feature_enabled":true,"jetpack_social_post_already_shared":false,"jetpack_social_options":{"image_generator_settings":{"template":"highway","default_image_id":0,"font":"","enabled":false},"version":2},"_wpas_customize_per_network":false},"categories":[5],"tags":[39,2204,2695],"class_list":["post-15863","post","type-post","status-publish","format-standard","hentry","category-politica","tag-carlos-selva","tag-daniel-scioli","tag-nora-de-lucia","generate-columns","tablet-grid-50","mobile-grid-100","grid-parent","grid-50"],"jetpack_publicize_connections":[],"jetpack_featured_media_url":"","wps_subtitle":"","jetpack_sharing_enabled":true,"_links":{"self":[{"href":"https:\/\/www.hoymercedes.com.ar\/principal\/wp-json\/wp\/v2\/posts\/15863","targetHints":{"allow":["GET"]}}],"collection":[{"href":"https:\/\/www.hoymercedes.com.ar\/principal\/wp-json\/wp\/v2\/posts"}],"about":[{"href":"https:\/\/www.hoymercedes.com.ar\/principal\/wp-json\/wp\/v2\/types\/post"}],"author":[{"embeddable":true,"href":"https:\/\/www.hoymercedes.com.ar\/principal\/wp-json\/wp\/v2\/users\/1"}],"replies":[{"embeddable":true,"href":"https:\/\/www.hoymercedes.com.ar\/principal\/wp-json\/wp\/v2\/comments?post=15863"}],"version-history":[{"count":0,"href":"https:\/\/www.hoymercedes.com.ar\/principal\/wp-json\/wp\/v2\/posts\/15863\/revisions"}],"wp:attachment":[{"href":"https:\/\/www.hoymercedes.com.ar\/principal\/wp-json\/wp\/v2\/media?parent=15863"}],"wp:term":[{"taxonomy":"category","embeddable":true,"href":"https:\/\/www.hoymercedes.com.ar\/principal\/wp-json\/wp\/v2\/categories?post=15863"},{"taxonomy":"post_tag","embeddable":true,"href":"https:\/\/www.hoymercedes.com.ar\/principal\/wp-json\/wp\/v2\/tags?post=15863"}],"curies":[{"name":"wp","href":"https:\/\/api.w.org\/{rel}","templated":true}]}}