{"id":158650,"date":"2023-02-22T20:00:00","date_gmt":"2023-02-22T23:00:00","guid":{"rendered":"https:\/\/www.hoymercedes.com.ar\/principal\/?p=158650"},"modified":"2023-02-22T17:53:45","modified_gmt":"2023-02-22T20:53:45","slug":"wado-visito-granja-de-productores-caprinos-donde-destaco-la-necesidad-de-brindar-condiciones-necesarias-para-generar-arraigo-en-cada-pueblo","status":"publish","type":"post","link":"https:\/\/www.hoymercedes.com.ar\/principal\/2023\/02\/22\/wado-visito-granja-de-productores-caprinos-donde-destaco-la-necesidad-de-brindar-condiciones-necesarias-para-generar-arraigo-en-cada-pueblo\/","title":{"rendered":"\u00abWado\u00bb visit\u00f3 granja de productores caprinos, donde destac\u00f3 la necesidad de \u00abbrindar condiciones necesarias para generar arraigo en cada pueblo\u00bb"},"content":{"rendered":"\n<figure class=\"wp-block-image size-large\"><img loading=\"lazy\" decoding=\"async\" width=\"1024\" height=\"731\" data-attachment-id=\"158651\" data-permalink=\"https:\/\/www.hoymercedes.com.ar\/principal\/2023\/02\/22\/wado-visito-granja-de-productores-caprinos-donde-destaco-la-necesidad-de-brindar-condiciones-necesarias-para-generar-arraigo-en-cada-pueblo\/wado_mercedes_1\/#main\" data-orig-file=\"https:\/\/www.hoymercedes.com.ar\/principal\/wp-content\/uploads\/2023\/02\/Wado_Mercedes_1-scaled.jpg\" data-orig-size=\"2560,1829\" data-comments-opened=\"0\" data-image-meta=\"{&quot;aperture&quot;:&quot;4&quot;,&quot;credit&quot;:&quot;&quot;,&quot;camera&quot;:&quot;NIKON D5&quot;,&quot;caption&quot;:&quot;&quot;,&quot;created_timestamp&quot;:&quot;1676744490&quot;,&quot;copyright&quot;:&quot;&quot;,&quot;focal_length&quot;:&quot;58&quot;,&quot;iso&quot;:&quot;1250&quot;,&quot;shutter_speed&quot;:&quot;0.0004&quot;,&quot;title&quot;:&quot;&quot;,&quot;orientation&quot;:&quot;0&quot;}\" data-image-title=\"Wado_Mercedes_1\" data-image-description=\"\" data-image-caption=\"\" data-large-file=\"https:\/\/www.hoymercedes.com.ar\/principal\/wp-content\/uploads\/2023\/02\/Wado_Mercedes_1-1024x731.jpg\" src=\"https:\/\/www.hoymercedes.com.ar\/principal\/wp-content\/uploads\/2023\/02\/Wado_Mercedes_1-1024x731.jpg\" alt=\"\" class=\"wp-image-158651\" srcset=\"https:\/\/www.hoymercedes.com.ar\/principal\/wp-content\/uploads\/2023\/02\/Wado_Mercedes_1-1024x731.jpg 1024w, https:\/\/www.hoymercedes.com.ar\/principal\/wp-content\/uploads\/2023\/02\/Wado_Mercedes_1-630x450.jpg 630w, https:\/\/www.hoymercedes.com.ar\/principal\/wp-content\/uploads\/2023\/02\/Wado_Mercedes_1-150x107.jpg 150w, https:\/\/www.hoymercedes.com.ar\/principal\/wp-content\/uploads\/2023\/02\/Wado_Mercedes_1-1536x1097.jpg 1536w, https:\/\/www.hoymercedes.com.ar\/principal\/wp-content\/uploads\/2023\/02\/Wado_Mercedes_1-2048x1463.jpg 2048w, https:\/\/www.hoymercedes.com.ar\/principal\/wp-content\/uploads\/2023\/02\/Wado_Mercedes_1-120x85.jpg 120w\" sizes=\"auto, (max-width: 1024px) 100vw, 1024px\" \/><\/figure>\n\n\n\n<p>El ministro del Interior, Wado de Pedro, visit\u00f3 la localidad bonaerense de Mercedes donde, junto al intendente local, Juan Ignacio Ustarroz, recorri\u00f3 una granja de productores caprinos.&nbsp;<\/p>\n\n\n\n<p>\u201cVisit\u00e9 el tambo Champs \u00c9lys\u00e9es, en Goldney, Mercedes, perteneciente a Elise y Fernando. Ella es parisina y \u00e9l es argentino, y dejaron todo para ponerse a producir aqu\u00ed en Mercedes, en un pueblo del interior de la Argentina donde fabrican, de manera artesanal, quesos de leche de cabra que son un espect\u00e1culo, adem\u00e1s de yogurt\u201d, comenz\u00f3 diciendo Wado de Pedro durante su visita a la granja el s\u00e1bado, para luego agregar: \u201cSon una pareja joven que se decidi\u00f3 a emprender y a empezar a delinear un tambo desde cero. So\u00f1aban con vivir en un pueblo, en una ciudad peque\u00f1a, alejados del ruido y la contaminaci\u00f3n\u201d.<\/p>\n\n\n\n<p>\u201cS\u00e9 del esfuerzo que hacen porque yo tambi\u00e9n vengo de familia tambera, y me pone muy contento que les vaya bien\u201d, a\u00f1adi\u00f3 de Pedro.<\/p>\n\n\n\n<figure class=\"wp-block-image size-large\"><img loading=\"lazy\" decoding=\"async\" width=\"1024\" height=\"731\" data-attachment-id=\"158652\" data-permalink=\"https:\/\/www.hoymercedes.com.ar\/principal\/2023\/02\/22\/wado-visito-granja-de-productores-caprinos-donde-destaco-la-necesidad-de-brindar-condiciones-necesarias-para-generar-arraigo-en-cada-pueblo\/wado_mercedes_2\/#main\" data-orig-file=\"https:\/\/www.hoymercedes.com.ar\/principal\/wp-content\/uploads\/2023\/02\/Wado_Mercedes_2-scaled.jpg\" data-orig-size=\"2560,1829\" data-comments-opened=\"0\" data-image-meta=\"{&quot;aperture&quot;:&quot;4&quot;,&quot;credit&quot;:&quot;&quot;,&quot;camera&quot;:&quot;NIKON D5&quot;,&quot;caption&quot;:&quot;&quot;,&quot;created_timestamp&quot;:&quot;1676746069&quot;,&quot;copyright&quot;:&quot;&quot;,&quot;focal_length&quot;:&quot;24&quot;,&quot;iso&quot;:&quot;1000&quot;,&quot;shutter_speed&quot;:&quot;0.0025&quot;,&quot;title&quot;:&quot;&quot;,&quot;orientation&quot;:&quot;0&quot;}\" data-image-title=\"Wado_Mercedes_2\" data-image-description=\"\" data-image-caption=\"\" data-large-file=\"https:\/\/www.hoymercedes.com.ar\/principal\/wp-content\/uploads\/2023\/02\/Wado_Mercedes_2-1024x731.jpg\" src=\"https:\/\/www.hoymercedes.com.ar\/principal\/wp-content\/uploads\/2023\/02\/Wado_Mercedes_2-1024x731.jpg\" alt=\"\" class=\"wp-image-158652\" srcset=\"https:\/\/www.hoymercedes.com.ar\/principal\/wp-content\/uploads\/2023\/02\/Wado_Mercedes_2-1024x731.jpg 1024w, https:\/\/www.hoymercedes.com.ar\/principal\/wp-content\/uploads\/2023\/02\/Wado_Mercedes_2-630x450.jpg 630w, https:\/\/www.hoymercedes.com.ar\/principal\/wp-content\/uploads\/2023\/02\/Wado_Mercedes_2-150x107.jpg 150w, https:\/\/www.hoymercedes.com.ar\/principal\/wp-content\/uploads\/2023\/02\/Wado_Mercedes_2-1536x1097.jpg 1536w, https:\/\/www.hoymercedes.com.ar\/principal\/wp-content\/uploads\/2023\/02\/Wado_Mercedes_2-2048x1463.jpg 2048w, https:\/\/www.hoymercedes.com.ar\/principal\/wp-content\/uploads\/2023\/02\/Wado_Mercedes_2-120x85.jpg 120w\" sizes=\"auto, (max-width: 1024px) 100vw, 1024px\" \/><\/figure>\n\n\n\n<p>Para dar impulso a sus tareas de producci\u00f3n, la granja cont\u00f3 con el apoyo de la Direcci\u00f3n de Producci\u00f3n mercedina, quien la provey\u00f3 de los equipamientos necesarios a trav\u00e9s del Gobierno de la Provincia de Buenos Aires.&nbsp;<\/p>\n\n\n\n<p>\u201cQueremos seguir conociendo historias de productores y de arraigo. Queremos conocer a todas esas familias que hacen alimentos sanos, sustentables. Queremos escuchar sus sue\u00f1os, apoyarlos y, sobre todo, fortalecer esa econom\u00eda familiar, y a esos productores que generan arraigo, trabajo y alimentos sanos y de cercan\u00eda en el interior de la Argentina\u201d, prosigui\u00f3 el funcionario, quien tambi\u00e9n estuvo acompa\u00f1ado por el director de Producci\u00f3n de Mercedes, Mario Alday; y el exdirector de esa misma dependencia, Patricio Ballesty.&nbsp;<\/p>\n\n\n\n<p>Wado de Pedro a\u00f1adi\u00f3 que \u201cel trabajo que ellos llevan adelante es un modelo para la producci\u00f3n de alimentos sanos y sustentables\u201d, y que adem\u00e1s \u201cagregan valor en el mismo lugar en que producen la leche, y eso permite que Mercedes tambi\u00e9n siga creciendo\u201d.<\/p>\n\n\n\n<p>\u201cPara tener una Argentina federal y con arraigo, necesitamos m\u00e1s trabajo y producci\u00f3n. Los peque\u00f1os productores y la agricultura familiar son parte de la soluci\u00f3n. Hay que darles las condiciones y facilidades para que se desarrollen en el lugar en que nacieron o eligieron vivir.\u201d<\/p>\n\n\n\n<p>Por \u00faltimo, Wado de Pedro asegur\u00f3: \u201cCuenten conmigo. Con ejemplos as\u00ed la Argentina va a salir adelante: trabajando, trabajando y trabajando por una Argentina que funcione\u201d.&nbsp;<\/p>\n\n\n\n<p>La visita a la granja Champs \u00c9lys\u00e9es incluy\u00f3 un recorrido por sus diversas instalaciones, tales como el tambo y la queser\u00eda.&nbsp;<\/p>\n\n\n\n<p>La granja Champs \u00c9lys\u00e9es -de 11 hect\u00e1reas- es una empresa familiar dedicada a la elaboraci\u00f3n de quesos de cabra de estilo franc\u00e9s, adem\u00e1s de yogurt, y que comercializa sus l\u00e1cteos no s\u00f3lo en Mercedes, sino tambi\u00e9n en distintos puntos de venta de la Ciudad Aut\u00f3noma de Buenos Aires (ubicados en los barrios de San Telmo, Belgrano, N\u00fa\u00f1ez, Palermo y Chacarita); y de la Provincia de Buenos Aires (Olivos, Mart\u00ednez, Villa Ballester, Los Cardales y San Antonio de Areco); adem\u00e1s de Rosario&nbsp; y San Miguel de Tucum\u00e1n.<\/p>\n","protected":false},"excerpt":{"rendered":"<p>El ministro del Interior, Wado de Pedro, visit\u00f3 la localidad bonaerense de Mercedes donde, junto al intendente local, Juan Ignacio &#8230; <a title=\"\u00abWado\u00bb visit\u00f3 granja de productores caprinos, donde destac\u00f3 la necesidad de \u00abbrindar condiciones necesarias para generar arraigo en cada pueblo\u00bb\" class=\"read-more\" href=\"https:\/\/www.hoymercedes.com.ar\/principal\/2023\/02\/22\/wado-visito-granja-de-productores-caprinos-donde-destaco-la-necesidad-de-brindar-condiciones-necesarias-para-generar-arraigo-en-cada-pueblo\/\" aria-label=\"Leer m\u00e1s sobre \u00abWado\u00bb visit\u00f3 granja de productores caprinos, donde destac\u00f3 la necesidad de \u00abbrindar condiciones necesarias para generar arraigo en cada pueblo\u00bb\">Leer m\u00e1s<\/a><\/p>\n","protected":false},"author":1,"featured_media":158651,"comment_status":"closed","ping_status":"open","sticky":false,"template":"","format":"standard","meta":{"_monsterinsights_skip_tracking":false,"_monsterinsights_sitenote_active":false,"_monsterinsights_sitenote_note":"","_monsterinsights_sitenote_category":0,"jetpack_post_was_ever_published":false,"_jetpack_newsletter_access":"","_jetpack_dont_email_post_to_subs":false,"_jetpack_newsletter_tier_id":0,"_jetpack_memberships_contains_paywalled_content":false,"_jetpack_memberships_contains_paid_content":false,"footnotes":"","jetpack_publicize_message":"","jetpack_publicize_feature_enabled":true,"jetpack_social_post_already_shared":true,"jetpack_social_options":{"image_generator_settings":{"template":"highway","default_image_id":0,"font":"","enabled":false},"version":2},"_wpas_customize_per_network":false},"categories":[8],"tags":[18678,281],"class_list":["post-158650","post","type-post","status-publish","format-standard","has-post-thumbnail","hentry","category-sociedad","tag-granja-champs-elysees","tag-wado-de-pedro","generate-columns","tablet-grid-50","mobile-grid-100","grid-parent","grid-50"],"jetpack_publicize_connections":[],"jetpack_featured_media_url":"https:\/\/www.hoymercedes.com.ar\/principal\/wp-content\/uploads\/2023\/02\/Wado_Mercedes_1-scaled.jpg","wps_subtitle":"Desarrollo productivo","jetpack_sharing_enabled":true,"_links":{"self":[{"href":"https:\/\/www.hoymercedes.com.ar\/principal\/wp-json\/wp\/v2\/posts\/158650","targetHints":{"allow":["GET"]}}],"collection":[{"href":"https:\/\/www.hoymercedes.com.ar\/principal\/wp-json\/wp\/v2\/posts"}],"about":[{"href":"https:\/\/www.hoymercedes.com.ar\/principal\/wp-json\/wp\/v2\/types\/post"}],"author":[{"embeddable":true,"href":"https:\/\/www.hoymercedes.com.ar\/principal\/wp-json\/wp\/v2\/users\/1"}],"replies":[{"embeddable":true,"href":"https:\/\/www.hoymercedes.com.ar\/principal\/wp-json\/wp\/v2\/comments?post=158650"}],"version-history":[{"count":0,"href":"https:\/\/www.hoymercedes.com.ar\/principal\/wp-json\/wp\/v2\/posts\/158650\/revisions"}],"wp:featuredmedia":[{"embeddable":true,"href":"https:\/\/www.hoymercedes.com.ar\/principal\/wp-json\/wp\/v2\/media\/158651"}],"wp:attachment":[{"href":"https:\/\/www.hoymercedes.com.ar\/principal\/wp-json\/wp\/v2\/media?parent=158650"}],"wp:term":[{"taxonomy":"category","embeddable":true,"href":"https:\/\/www.hoymercedes.com.ar\/principal\/wp-json\/wp\/v2\/categories?post=158650"},{"taxonomy":"post_tag","embeddable":true,"href":"https:\/\/www.hoymercedes.com.ar\/principal\/wp-json\/wp\/v2\/tags?post=158650"}],"curies":[{"name":"wp","href":"https:\/\/api.w.org\/{rel}","templated":true}]}}