{"id":158657,"date":"2023-02-22T22:14:57","date_gmt":"2023-02-23T01:14:57","guid":{"rendered":"https:\/\/www.hoymercedes.com.ar\/principal\/?p=158657"},"modified":"2023-02-22T22:14:59","modified_gmt":"2023-02-23T01:14:59","slug":"siniestro-vial-de-gravedad-en-avenida-1","status":"publish","type":"post","link":"https:\/\/www.hoymercedes.com.ar\/principal\/2023\/02\/22\/siniestro-vial-de-gravedad-en-avenida-1\/","title":{"rendered":"Siniestro vial de gravedad en Avenida 1"},"content":{"rendered":"\n<figure class=\"wp-block-image size-large\"><img loading=\"lazy\" decoding=\"async\" width=\"1024\" height=\"576\" data-attachment-id=\"158658\" data-permalink=\"https:\/\/www.hoymercedes.com.ar\/principal\/2023\/02\/22\/siniestro-vial-de-gravedad-en-avenida-1\/siniestrovial-av1\/#main\" data-orig-file=\"https:\/\/www.hoymercedes.com.ar\/principal\/wp-content\/uploads\/2023\/02\/siniestrovial-av1.jpeg\" data-orig-size=\"1600,900\" data-comments-opened=\"0\" data-image-meta=\"{&quot;aperture&quot;:&quot;0&quot;,&quot;credit&quot;:&quot;&quot;,&quot;camera&quot;:&quot;&quot;,&quot;caption&quot;:&quot;&quot;,&quot;created_timestamp&quot;:&quot;0&quot;,&quot;copyright&quot;:&quot;&quot;,&quot;focal_length&quot;:&quot;0&quot;,&quot;iso&quot;:&quot;0&quot;,&quot;shutter_speed&quot;:&quot;0&quot;,&quot;title&quot;:&quot;&quot;,&quot;orientation&quot;:&quot;0&quot;}\" data-image-title=\"siniestrovial-av1\" data-image-description=\"\" data-image-caption=\"\" data-large-file=\"https:\/\/www.hoymercedes.com.ar\/principal\/wp-content\/uploads\/2023\/02\/siniestrovial-av1-1024x576.jpeg\" src=\"https:\/\/www.hoymercedes.com.ar\/principal\/wp-content\/uploads\/2023\/02\/siniestrovial-av1-1024x576.jpeg\" alt=\"\" class=\"wp-image-158658\" srcset=\"https:\/\/www.hoymercedes.com.ar\/principal\/wp-content\/uploads\/2023\/02\/siniestrovial-av1-1024x576.jpeg 1024w, https:\/\/www.hoymercedes.com.ar\/principal\/wp-content\/uploads\/2023\/02\/siniestrovial-av1-630x354.jpeg 630w, https:\/\/www.hoymercedes.com.ar\/principal\/wp-content\/uploads\/2023\/02\/siniestrovial-av1-150x84.jpeg 150w, https:\/\/www.hoymercedes.com.ar\/principal\/wp-content\/uploads\/2023\/02\/siniestrovial-av1-1536x864.jpeg 1536w, https:\/\/www.hoymercedes.com.ar\/principal\/wp-content\/uploads\/2023\/02\/siniestrovial-av1.jpeg 1600w\" sizes=\"auto, (max-width: 1024px) 100vw, 1024px\" \/><figcaption class=\"wp-element-caption\"><strong>Foto: Gentileza Marcelo Far\u00edas<\/strong><\/figcaption><\/figure>\n\n\n\n<p>Durante horas de la tarde se produjo un siniestro vial que involucr\u00f3 un colectivo de la l\u00ednea 57 y dos personas en bicicleta, siendo una mayor y otra menor de edad. Como consecuencia debi\u00f3 una de ellas ser trasladada al hospital Dubarry.<\/p>\n\n\n\n<p>En horas de la tarde en avenida 1 y cruce de 34 se concret\u00f3 el siniestro vial. En la bicicleta iba un hombre de 30 a\u00f1os y un ni\u00f1o de 9 a\u00f1os de edad. &nbsp;<\/p>\n\n\n\n<p>Extra oficialmente se supo que, como consecuencia del impacto, el menor de 9 a\u00f1os de edad, fue trasladado con lesiones graves al nosocomio local por el SAME.<\/p>\n\n\n\n<p>Interviene la U.F.I N\u00ba6<\/p>\n","protected":false},"excerpt":{"rendered":"<p>Durante horas de la tarde se produjo un siniestro vial que involucr\u00f3 un colectivo de la l\u00ednea 57 y dos &#8230; <a title=\"Siniestro vial de gravedad en Avenida 1\" class=\"read-more\" href=\"https:\/\/www.hoymercedes.com.ar\/principal\/2023\/02\/22\/siniestro-vial-de-gravedad-en-avenida-1\/\" aria-label=\"Leer m\u00e1s sobre Siniestro vial de gravedad en Avenida 1\">Leer m\u00e1s<\/a><\/p>\n","protected":false},"author":1,"featured_media":158658,"comment_status":"closed","ping_status":"open","sticky":false,"template":"","format":"standard","meta":{"_monsterinsights_skip_tracking":false,"_monsterinsights_sitenote_active":false,"_monsterinsights_sitenote_note":"","_monsterinsights_sitenote_category":0,"jetpack_post_was_ever_published":false,"_jetpack_newsletter_access":"","_jetpack_dont_email_post_to_subs":false,"_jetpack_newsletter_tier_id":0,"_jetpack_memberships_contains_paywalled_content":false,"_jetpack_memberships_contains_paid_content":false,"footnotes":"","jetpack_publicize_message":"","jetpack_publicize_feature_enabled":true,"jetpack_social_post_already_shared":true,"jetpack_social_options":{"image_generator_settings":{"template":"highway","default_image_id":0,"font":"","enabled":false},"version":2},"_wpas_customize_per_network":false},"categories":[8],"tags":[10395,18679],"class_list":["post-158657","post","type-post","status-publish","format-standard","has-post-thumbnail","hentry","category-sociedad","tag-siniestro-vial","tag-siniestro-vial-colectivo-57","generate-columns","tablet-grid-50","mobile-grid-100","grid-parent","grid-50"],"jetpack_publicize_connections":[],"jetpack_featured_media_url":"https:\/\/www.hoymercedes.com.ar\/principal\/wp-content\/uploads\/2023\/02\/siniestrovial-av1.jpeg","wps_subtitle":"Siniestro vial","jetpack_sharing_enabled":true,"_links":{"self":[{"href":"https:\/\/www.hoymercedes.com.ar\/principal\/wp-json\/wp\/v2\/posts\/158657","targetHints":{"allow":["GET"]}}],"collection":[{"href":"https:\/\/www.hoymercedes.com.ar\/principal\/wp-json\/wp\/v2\/posts"}],"about":[{"href":"https:\/\/www.hoymercedes.com.ar\/principal\/wp-json\/wp\/v2\/types\/post"}],"author":[{"embeddable":true,"href":"https:\/\/www.hoymercedes.com.ar\/principal\/wp-json\/wp\/v2\/users\/1"}],"replies":[{"embeddable":true,"href":"https:\/\/www.hoymercedes.com.ar\/principal\/wp-json\/wp\/v2\/comments?post=158657"}],"version-history":[{"count":0,"href":"https:\/\/www.hoymercedes.com.ar\/principal\/wp-json\/wp\/v2\/posts\/158657\/revisions"}],"wp:featuredmedia":[{"embeddable":true,"href":"https:\/\/www.hoymercedes.com.ar\/principal\/wp-json\/wp\/v2\/media\/158658"}],"wp:attachment":[{"href":"https:\/\/www.hoymercedes.com.ar\/principal\/wp-json\/wp\/v2\/media?parent=158657"}],"wp:term":[{"taxonomy":"category","embeddable":true,"href":"https:\/\/www.hoymercedes.com.ar\/principal\/wp-json\/wp\/v2\/categories?post=158657"},{"taxonomy":"post_tag","embeddable":true,"href":"https:\/\/www.hoymercedes.com.ar\/principal\/wp-json\/wp\/v2\/tags?post=158657"}],"curies":[{"name":"wp","href":"https:\/\/api.w.org\/{rel}","templated":true}]}}