{"id":158690,"date":"2023-02-23T10:11:00","date_gmt":"2023-02-23T13:11:00","guid":{"rendered":"https:\/\/www.hoymercedes.com.ar\/principal\/?p=158690"},"modified":"2023-02-23T17:26:33","modified_gmt":"2023-02-23T20:26:33","slug":"iniciaron-las-capacitaciones-en-la-camara-economica","status":"publish","type":"post","link":"https:\/\/www.hoymercedes.com.ar\/principal\/2023\/02\/23\/iniciaron-las-capacitaciones-en-la-camara-economica\/","title":{"rendered":"Iniciaron las capacitaciones en la C\u00e1mara Econ\u00f3mica"},"content":{"rendered":"\n<p>En la tarde del \u00faltimo mi\u00e9rcoles, la subcomisi\u00f3n de Mujeres de la C\u00e1mara Econ\u00f3mica Mercedina concret\u00f3 una capacitaci\u00f3n para emprendedores. La tem\u00e1tica fue el manejo de herramientas b\u00e1sicas para el dise\u00f1o de im\u00e1genes para ser publicadas en redes sociales. <\/p>\n\n\n<div class=\"wp-block-image\">\n<figure class=\"aligncenter size-full\"><img loading=\"lazy\" decoding=\"async\" width=\"800\" height=\"533\" data-attachment-id=\"158692\" data-permalink=\"https:\/\/www.hoymercedes.com.ar\/principal\/2023\/02\/23\/iniciaron-las-capacitaciones-en-la-camara-economica\/canva-2302-2\/#main\" data-orig-file=\"https:\/\/www.hoymercedes.com.ar\/principal\/wp-content\/uploads\/2023\/02\/canva-2302-2.jpeg\" data-orig-size=\"800,533\" data-comments-opened=\"0\" data-image-meta=\"{&quot;aperture&quot;:&quot;0&quot;,&quot;credit&quot;:&quot;&quot;,&quot;camera&quot;:&quot;&quot;,&quot;caption&quot;:&quot;&quot;,&quot;created_timestamp&quot;:&quot;1677153417&quot;,&quot;copyright&quot;:&quot;&quot;,&quot;focal_length&quot;:&quot;0&quot;,&quot;iso&quot;:&quot;0&quot;,&quot;shutter_speed&quot;:&quot;0&quot;,&quot;title&quot;:&quot;&quot;,&quot;orientation&quot;:&quot;1&quot;}\" data-image-title=\"canva 2302 2\" data-image-description=\"\" data-image-caption=\"\" data-large-file=\"https:\/\/www.hoymercedes.com.ar\/principal\/wp-content\/uploads\/2023\/02\/canva-2302-2.jpeg\" src=\"https:\/\/www.hoymercedes.com.ar\/principal\/wp-content\/uploads\/2023\/02\/canva-2302-2.jpeg\" alt=\"\" class=\"wp-image-158692\" srcset=\"https:\/\/www.hoymercedes.com.ar\/principal\/wp-content\/uploads\/2023\/02\/canva-2302-2.jpeg 800w, https:\/\/www.hoymercedes.com.ar\/principal\/wp-content\/uploads\/2023\/02\/canva-2302-2-630x420.jpeg 630w, https:\/\/www.hoymercedes.com.ar\/principal\/wp-content\/uploads\/2023\/02\/canva-2302-2-150x100.jpeg 150w, https:\/\/www.hoymercedes.com.ar\/principal\/wp-content\/uploads\/2023\/02\/canva-2302-2-700x465.jpeg 700w\" sizes=\"auto, (max-width: 800px) 100vw, 800px\" \/><\/figure>\n<\/div>\n\n\n<p>A cargo de Elba Campos de InstaEscuela, especialista en sistemas inform\u00e1ticos y programaci\u00f3n, la capacitaci\u00f3n rond\u00f3 en la utilizaci\u00f3n de la aplicaci\u00f3n Canva, una herramienta para el dise\u00f1o de piezas gr\u00e1ficas b\u00e1sica y sencilla. En poco tiempo, la invitada a brindar la capacitaci\u00f3n dio claves para que la utilizaci\u00f3n de Canva sea r\u00e1pida y con otras herramientas que complementan la aplicaci\u00f3n. <\/p>\n\n\n\n<p>Concluida la capacitaci\u00f3n, la coordinadora de la subcomisi\u00f3n de Mujeres CEM, Natalia Facciolo, destac\u00f3 la participaci\u00f3n de m\u00e1s de 30 emprendedores &#8211; en su mayor\u00eda mujeres &#8211; que aprovecharon la oportunidad para llevar sus notebook y celulares para utilizar Canva durante el encuentro. <\/p>\n\n\n\n<p>Facciolo, adem\u00e1s, agradeci\u00f3 la presencia de los participantes invit\u00e1ndolos a seguir sum\u00e1ndose a las pr\u00f3ximas capacitaciones, entre las cuales se destaca una de marketing digital. As\u00edmismo, agradeci\u00f3 a las entidades a las que la CEM est\u00e1 adherida, FEBA y CAME, y a Encontrarte Did\u00e1ctico, sponsor de esta actividad que se realiz\u00f3 de<br>manera gratuita y abierta a todo p\u00fablico.<\/p>\n\n\n<div class=\"wp-block-image\">\n<figure class=\"aligncenter size-full\"><img loading=\"lazy\" decoding=\"async\" width=\"800\" height=\"533\" data-attachment-id=\"158693\" data-permalink=\"https:\/\/www.hoymercedes.com.ar\/principal\/2023\/02\/23\/iniciaron-las-capacitaciones-en-la-camara-economica\/canva-2302-1\/#main\" data-orig-file=\"https:\/\/www.hoymercedes.com.ar\/principal\/wp-content\/uploads\/2023\/02\/canva-2302-1.jpeg\" data-orig-size=\"800,533\" data-comments-opened=\"0\" data-image-meta=\"{&quot;aperture&quot;:&quot;0&quot;,&quot;credit&quot;:&quot;&quot;,&quot;camera&quot;:&quot;&quot;,&quot;caption&quot;:&quot;&quot;,&quot;created_timestamp&quot;:&quot;1677153394&quot;,&quot;copyright&quot;:&quot;&quot;,&quot;focal_length&quot;:&quot;0&quot;,&quot;iso&quot;:&quot;0&quot;,&quot;shutter_speed&quot;:&quot;0&quot;,&quot;title&quot;:&quot;&quot;,&quot;orientation&quot;:&quot;1&quot;}\" data-image-title=\"canva 2302 1\" data-image-description=\"\" data-image-caption=\"\" data-large-file=\"https:\/\/www.hoymercedes.com.ar\/principal\/wp-content\/uploads\/2023\/02\/canva-2302-1.jpeg\" src=\"https:\/\/www.hoymercedes.com.ar\/principal\/wp-content\/uploads\/2023\/02\/canva-2302-1.jpeg\" alt=\"\" class=\"wp-image-158693\" srcset=\"https:\/\/www.hoymercedes.com.ar\/principal\/wp-content\/uploads\/2023\/02\/canva-2302-1.jpeg 800w, https:\/\/www.hoymercedes.com.ar\/principal\/wp-content\/uploads\/2023\/02\/canva-2302-1-630x420.jpeg 630w, https:\/\/www.hoymercedes.com.ar\/principal\/wp-content\/uploads\/2023\/02\/canva-2302-1-150x100.jpeg 150w, https:\/\/www.hoymercedes.com.ar\/principal\/wp-content\/uploads\/2023\/02\/canva-2302-1-700x465.jpeg 700w\" sizes=\"auto, (max-width: 800px) 100vw, 800px\" \/><\/figure>\n<\/div>","protected":false},"excerpt":{"rendered":"<p>En la tarde del \u00faltimo mi\u00e9rcoles, la subcomisi\u00f3n de Mujeres de la C\u00e1mara Econ\u00f3mica Mercedina concret\u00f3 una capacitaci\u00f3n para emprendedores. &#8230; <a title=\"Iniciaron las capacitaciones en la C\u00e1mara Econ\u00f3mica\" class=\"read-more\" href=\"https:\/\/www.hoymercedes.com.ar\/principal\/2023\/02\/23\/iniciaron-las-capacitaciones-en-la-camara-economica\/\" aria-label=\"Leer m\u00e1s sobre Iniciaron las capacitaciones en la C\u00e1mara Econ\u00f3mica\">Leer m\u00e1s<\/a><\/p>\n","protected":false},"author":1,"featured_media":158693,"comment_status":"closed","ping_status":"open","sticky":false,"template":"","format":"standard","meta":{"_monsterinsights_skip_tracking":false,"_monsterinsights_sitenote_active":false,"_monsterinsights_sitenote_note":"","_monsterinsights_sitenote_category":0,"jetpack_post_was_ever_published":false,"_jetpack_newsletter_access":"","_jetpack_dont_email_post_to_subs":false,"_jetpack_newsletter_tier_id":0,"_jetpack_memberships_contains_paywalled_content":false,"_jetpack_memberships_contains_paid_content":false,"footnotes":"","jetpack_publicize_message":"","jetpack_publicize_feature_enabled":true,"jetpack_social_post_already_shared":true,"jetpack_social_options":{"image_generator_settings":{"template":"highway","default_image_id":0,"font":"","enabled":false},"version":2},"_wpas_customize_per_network":false},"categories":[8],"tags":[],"class_list":["post-158690","post","type-post","status-publish","format-standard","has-post-thumbnail","hentry","category-sociedad","generate-columns","tablet-grid-50","mobile-grid-100","grid-parent","grid-50"],"jetpack_publicize_connections":[],"jetpack_featured_media_url":"https:\/\/www.hoymercedes.com.ar\/principal\/wp-content\/uploads\/2023\/02\/canva-2302-1.jpeg","wps_subtitle":"","jetpack_sharing_enabled":true,"_links":{"self":[{"href":"https:\/\/www.hoymercedes.com.ar\/principal\/wp-json\/wp\/v2\/posts\/158690","targetHints":{"allow":["GET"]}}],"collection":[{"href":"https:\/\/www.hoymercedes.com.ar\/principal\/wp-json\/wp\/v2\/posts"}],"about":[{"href":"https:\/\/www.hoymercedes.com.ar\/principal\/wp-json\/wp\/v2\/types\/post"}],"author":[{"embeddable":true,"href":"https:\/\/www.hoymercedes.com.ar\/principal\/wp-json\/wp\/v2\/users\/1"}],"replies":[{"embeddable":true,"href":"https:\/\/www.hoymercedes.com.ar\/principal\/wp-json\/wp\/v2\/comments?post=158690"}],"version-history":[{"count":0,"href":"https:\/\/www.hoymercedes.com.ar\/principal\/wp-json\/wp\/v2\/posts\/158690\/revisions"}],"wp:featuredmedia":[{"embeddable":true,"href":"https:\/\/www.hoymercedes.com.ar\/principal\/wp-json\/wp\/v2\/media\/158693"}],"wp:attachment":[{"href":"https:\/\/www.hoymercedes.com.ar\/principal\/wp-json\/wp\/v2\/media?parent=158690"}],"wp:term":[{"taxonomy":"category","embeddable":true,"href":"https:\/\/www.hoymercedes.com.ar\/principal\/wp-json\/wp\/v2\/categories?post=158690"},{"taxonomy":"post_tag","embeddable":true,"href":"https:\/\/www.hoymercedes.com.ar\/principal\/wp-json\/wp\/v2\/tags?post=158690"}],"curies":[{"name":"wp","href":"https:\/\/api.w.org\/{rel}","templated":true}]}}