{"id":158701,"date":"2023-02-23T18:38:00","date_gmt":"2023-02-23T21:38:00","guid":{"rendered":"https:\/\/www.hoymercedes.com.ar\/principal\/?p=158701"},"modified":"2023-02-23T17:50:19","modified_gmt":"2023-02-23T20:50:19","slug":"estreno-de-quantumania-en-el-cine-mercedes","status":"publish","type":"post","link":"https:\/\/www.hoymercedes.com.ar\/principal\/2023\/02\/23\/estreno-de-quantumania-en-el-cine-mercedes\/","title":{"rendered":"Estreno de \u00abQuantumania\u00bb en el Cine Mercedes"},"content":{"rendered":"\n<p>La \u00faltima pel\u00edcula del Universo Marvel llega a la pantalla grnde de Mercedes. Se trata de \u00abQuantumania &#8211; AntMan &amp; The Wasp\u00bb, esperada por chicos y no tan chicos fan\u00e1ticos de los films de superh\u00e9roes. Desde el viernes 24 al martes 28 de marzo, podr\u00e1 verse en las funciones de las 20:30. Tambi\u00e9n se proyecta la pel\u00edcula de animaci\u00f3n \u00abLas Momias y el Anillo Perdido\u00bb a la hora 18:30. <\/p>\n\n\n<div class=\"wp-block-image\">\n<figure class=\"aligncenter size-full is-resized\"><img loading=\"lazy\" decoding=\"async\" data-attachment-id=\"158703\" data-permalink=\"https:\/\/www.hoymercedes.com.ar\/principal\/2023\/02\/23\/estreno-de-quantumania-en-el-cine-mercedes\/gacetilla-cine-mercedes-17-2\/#main\" data-orig-file=\"https:\/\/www.hoymercedes.com.ar\/principal\/wp-content\/uploads\/2023\/02\/Gacetilla-Cine-Mercedes-17.jpg\" data-orig-size=\"800,906\" data-comments-opened=\"0\" data-image-meta=\"{&quot;aperture&quot;:&quot;0&quot;,&quot;credit&quot;:&quot;&quot;,&quot;camera&quot;:&quot;&quot;,&quot;caption&quot;:&quot;&quot;,&quot;created_timestamp&quot;:&quot;0&quot;,&quot;copyright&quot;:&quot;&quot;,&quot;focal_length&quot;:&quot;0&quot;,&quot;iso&quot;:&quot;0&quot;,&quot;shutter_speed&quot;:&quot;0&quot;,&quot;title&quot;:&quot;&quot;,&quot;orientation&quot;:&quot;1&quot;}\" data-image-title=\"Gacetilla Cine Mercedes (17)\" data-image-description=\"\" data-image-caption=\"\" data-large-file=\"https:\/\/www.hoymercedes.com.ar\/principal\/wp-content\/uploads\/2023\/02\/Gacetilla-Cine-Mercedes-17.jpg\" src=\"https:\/\/www.hoymercedes.com.ar\/principal\/wp-content\/uploads\/2023\/02\/Gacetilla-Cine-Mercedes-17.jpg\" alt=\"\" class=\"wp-image-158703\" width=\"796\" height=\"888\"\/><\/figure>\n<\/div>\n\n\n<p>Sinopsis \u00abLas Momias y el Anillo Perdido\u00bb: Por mandato imperial, la Princesa Nefer debe casarse con Thut, un ex auriga de carros. Ninguno desea el matrimonio; Nefer porque ans\u00eda la libertad, y Thut porque es al\u00e9rgico al matrimonio. Pero los designios de los dioses son irrevocables: Thut deber\u00e1 desposar a Nefer y custodiar el anillo real que el Fara\u00f3n le ha otorgado; si algo le ocurriera a este, Thut perder\u00eda los ojos y la lengua. Mientras tanto, en nuestro mundo, Lord Carnaby lleva a cabo una excavaci\u00f3n arqueol\u00f3gica y encuentra algo \u00fanico: \u00a1un anillo de boda real egipcia! Thut debe ir al mundo de los humanos para recuperarlo. Le acompa\u00f1a Sekhem, su hermano de 12 a\u00f1os, con su mascota cocodrilo, y Nefer. Juntos vivir\u00e1n una gran aventura en la moderna Londres y descubrir\u00e1n algo que no entraba en sus planes: enamorarse.<\/p>\n\n\n\n<p>Sinopsis \u00abQuantumania &#8211; AntMan &amp; The Wasp\u00bb: Scott Lang (Paul Rudd) y Hope Van Dyne (Evangeline Lilly) regresan para continuar sus aventuras como Ant-Man y Wasp. Juntos y acompa\u00f1ados por los padres de Hope, Janet Van Dyne (Michelle Pfeiffer) y Hank Pym (Michael Douglas), y la hija de Scott, Cassie Lang (Kathryn Newton), toda la familia se encuentra explorando el Reino Cu\u00e1ntico, interactuando con extra\u00f1as criaturas y embarc\u00e1ndose en una aventura que los llevar\u00e1 m\u00e1s all\u00e1 de los l\u00edmites que cre\u00edan posibles. Dirigida por Peyton Reed y producida por Kevin Feige y Stephen Broussard, ANT-MAN AND THE WASP: QUANTUMANIA est\u00e1 protagonizada tambi\u00e9n por Jonathan Majors en el papel de Kang, David Dastmalchian como Veb, Katy O&#8217;Brian como Jentorra, William Jackson Harper como Quaz y Bill Murray como Lord Krylar.\u00a0<\/p>\n","protected":false},"excerpt":{"rendered":"<p>La \u00faltima pel\u00edcula del Universo Marvel llega a la pantalla grnde de Mercedes. Se trata de \u00abQuantumania &#8211; AntMan &amp; &#8230; <a title=\"Estreno de \u00abQuantumania\u00bb en el Cine Mercedes\" class=\"read-more\" href=\"https:\/\/www.hoymercedes.com.ar\/principal\/2023\/02\/23\/estreno-de-quantumania-en-el-cine-mercedes\/\" aria-label=\"Leer m\u00e1s sobre Estreno de \u00abQuantumania\u00bb en el Cine Mercedes\">Leer m\u00e1s<\/a><\/p>\n","protected":false},"author":1,"featured_media":158702,"comment_status":"closed","ping_status":"open","sticky":false,"template":"","format":"standard","meta":{"_monsterinsights_skip_tracking":false,"_monsterinsights_sitenote_active":false,"_monsterinsights_sitenote_note":"","_monsterinsights_sitenote_category":0,"jetpack_post_was_ever_published":false,"_jetpack_newsletter_access":"","_jetpack_dont_email_post_to_subs":false,"_jetpack_newsletter_tier_id":0,"_jetpack_memberships_contains_paywalled_content":false,"_jetpack_memberships_contains_paid_content":false,"footnotes":"","jetpack_publicize_message":"","jetpack_publicize_feature_enabled":true,"jetpack_social_post_already_shared":true,"jetpack_social_options":{"image_generator_settings":{"template":"highway","default_image_id":0,"font":"","enabled":false},"version":2},"_wpas_customize_per_network":false},"categories":[104],"tags":[7805],"class_list":["post-158701","post","type-post","status-publish","format-standard","has-post-thumbnail","hentry","category-cultura","tag-cultura","generate-columns","tablet-grid-50","mobile-grid-100","grid-parent","grid-50"],"jetpack_publicize_connections":[],"jetpack_featured_media_url":"https:\/\/www.hoymercedes.com.ar\/principal\/wp-content\/uploads\/2023\/02\/Antman.jpg","wps_subtitle":"","jetpack_sharing_enabled":true,"_links":{"self":[{"href":"https:\/\/www.hoymercedes.com.ar\/principal\/wp-json\/wp\/v2\/posts\/158701","targetHints":{"allow":["GET"]}}],"collection":[{"href":"https:\/\/www.hoymercedes.com.ar\/principal\/wp-json\/wp\/v2\/posts"}],"about":[{"href":"https:\/\/www.hoymercedes.com.ar\/principal\/wp-json\/wp\/v2\/types\/post"}],"author":[{"embeddable":true,"href":"https:\/\/www.hoymercedes.com.ar\/principal\/wp-json\/wp\/v2\/users\/1"}],"replies":[{"embeddable":true,"href":"https:\/\/www.hoymercedes.com.ar\/principal\/wp-json\/wp\/v2\/comments?post=158701"}],"version-history":[{"count":0,"href":"https:\/\/www.hoymercedes.com.ar\/principal\/wp-json\/wp\/v2\/posts\/158701\/revisions"}],"wp:featuredmedia":[{"embeddable":true,"href":"https:\/\/www.hoymercedes.com.ar\/principal\/wp-json\/wp\/v2\/media\/158702"}],"wp:attachment":[{"href":"https:\/\/www.hoymercedes.com.ar\/principal\/wp-json\/wp\/v2\/media?parent=158701"}],"wp:term":[{"taxonomy":"category","embeddable":true,"href":"https:\/\/www.hoymercedes.com.ar\/principal\/wp-json\/wp\/v2\/categories?post=158701"},{"taxonomy":"post_tag","embeddable":true,"href":"https:\/\/www.hoymercedes.com.ar\/principal\/wp-json\/wp\/v2\/tags?post=158701"}],"curies":[{"name":"wp","href":"https:\/\/api.w.org\/{rel}","templated":true}]}}