{"id":158761,"date":"2023-02-24T19:39:00","date_gmt":"2023-02-24T22:39:00","guid":{"rendered":"https:\/\/www.hoymercedes.com.ar\/principal\/?p=158761"},"modified":"2023-02-24T23:52:41","modified_gmt":"2023-02-25T02:52:41","slug":"apertura-de-la-muestra-toda-fotografia-tiene-autor","status":"publish","type":"post","link":"https:\/\/www.hoymercedes.com.ar\/principal\/2023\/02\/24\/apertura-de-la-muestra-toda-fotografia-tiene-autor\/","title":{"rendered":"Apertura de la muestra \u00abToda Fotograf\u00eda Tiene Autor\u00bb"},"content":{"rendered":"\n<p>En la tarde del jueves \u00faltimo se realiz\u00f3 la apertura de la muestra \u00abToda Fotograf\u00eda Tiene Autor\u00bb. La muestra puede visitarse en el horario del MAMM. Es la muestra anual de El Estudio en el Museo de Arte Municipalidad de Mercedes. Las im\u00e1genes se realizaron en el marco de la postpandemia. <\/p>\n\n\n<div class=\"wp-block-image\">\n<figure class=\"aligncenter size-large\"><img loading=\"lazy\" decoding=\"async\" width=\"1024\" height=\"683\" data-attachment-id=\"158763\" data-permalink=\"https:\/\/www.hoymercedes.com.ar\/principal\/2023\/02\/24\/apertura-de-la-muestra-toda-fotografia-tiene-autor\/image-17-2\/#main\" data-orig-file=\"https:\/\/www.hoymercedes.com.ar\/principal\/wp-content\/uploads\/2023\/02\/image-17.png\" data-orig-size=\"2048,1365\" data-comments-opened=\"0\" data-image-meta=\"{&quot;aperture&quot;:&quot;0&quot;,&quot;credit&quot;:&quot;&quot;,&quot;camera&quot;:&quot;&quot;,&quot;caption&quot;:&quot;&quot;,&quot;created_timestamp&quot;:&quot;0&quot;,&quot;copyright&quot;:&quot;&quot;,&quot;focal_length&quot;:&quot;0&quot;,&quot;iso&quot;:&quot;0&quot;,&quot;shutter_speed&quot;:&quot;0&quot;,&quot;title&quot;:&quot;&quot;,&quot;orientation&quot;:&quot;0&quot;}\" data-image-title=\"image-17\" data-image-description=\"\" data-image-caption=\"\" data-large-file=\"https:\/\/www.hoymercedes.com.ar\/principal\/wp-content\/uploads\/2023\/02\/image-17-1024x683.png\" src=\"https:\/\/www.hoymercedes.com.ar\/principal\/wp-content\/uploads\/2023\/02\/image-17-1024x683.png\" alt=\"\" class=\"wp-image-158763\" srcset=\"https:\/\/www.hoymercedes.com.ar\/principal\/wp-content\/uploads\/2023\/02\/image-17-1024x683.png 1024w, https:\/\/www.hoymercedes.com.ar\/principal\/wp-content\/uploads\/2023\/02\/image-17-630x420.png 630w, https:\/\/www.hoymercedes.com.ar\/principal\/wp-content\/uploads\/2023\/02\/image-17-150x100.png 150w, https:\/\/www.hoymercedes.com.ar\/principal\/wp-content\/uploads\/2023\/02\/image-17-1536x1024.png 1536w, https:\/\/www.hoymercedes.com.ar\/principal\/wp-content\/uploads\/2023\/02\/image-17.png 2048w\" sizes=\"auto, (max-width: 1024px) 100vw, 1024px\" \/><\/figure>\n<\/div>\n\n\n<p>Exponen: Monica Camocardi, Diana Manos, Dar\u00edo Gonz\u00e1lez, Paula Puricelli, Mar\u00eda Jes\u00fas Maldonado, Jazm\u00edn Aro, Julio Beistain, Magdalena Gim\u00e9nez, Rosario Parodi, Federico Martinelli, Natalia Ochoa, Beatriz Games y Mariano Fuaz, que tambi\u00e9n estuvo a cargo de la curadur\u00eda a trav\u00e9s de su espacio El Estudio. <\/p>\n\n\n\n<p>Los invitados son todos los autores de Cita a Ciegas, una de las actividades online que se proponen desde las redes de El Estudio que cada vez suma m\u00e1s adeptos.<\/p>\n\n\n\n<p>El domingo 26, en horas del mediod\u00eda &#8211; entre las 12 y 13 horas &#8211; el curador de la muestra, Mariano Fuaz estar\u00e1 presente respondiendo preguntas sobre las obras o los autores. As\u00edmismo, de 10 a 14 horas se podr\u00e1 visitar. <\/p>\n\n\n<div class=\"wp-block-image\">\n<figure class=\"aligncenter size-large\"><img loading=\"lazy\" decoding=\"async\" width=\"1024\" height=\"683\" data-attachment-id=\"158762\" data-permalink=\"https:\/\/www.hoymercedes.com.ar\/principal\/2023\/02\/24\/apertura-de-la-muestra-toda-fotografia-tiene-autor\/image-16-2\/#main\" data-orig-file=\"https:\/\/www.hoymercedes.com.ar\/principal\/wp-content\/uploads\/2023\/02\/image-16.png\" data-orig-size=\"2048,1365\" data-comments-opened=\"0\" data-image-meta=\"{&quot;aperture&quot;:&quot;0&quot;,&quot;credit&quot;:&quot;&quot;,&quot;camera&quot;:&quot;&quot;,&quot;caption&quot;:&quot;&quot;,&quot;created_timestamp&quot;:&quot;0&quot;,&quot;copyright&quot;:&quot;&quot;,&quot;focal_length&quot;:&quot;0&quot;,&quot;iso&quot;:&quot;0&quot;,&quot;shutter_speed&quot;:&quot;0&quot;,&quot;title&quot;:&quot;&quot;,&quot;orientation&quot;:&quot;0&quot;}\" data-image-title=\"image-16\" data-image-description=\"\" data-image-caption=\"\" data-large-file=\"https:\/\/www.hoymercedes.com.ar\/principal\/wp-content\/uploads\/2023\/02\/image-16-1024x683.png\" src=\"https:\/\/www.hoymercedes.com.ar\/principal\/wp-content\/uploads\/2023\/02\/image-16-1024x683.png\" alt=\"\" class=\"wp-image-158762\" srcset=\"https:\/\/www.hoymercedes.com.ar\/principal\/wp-content\/uploads\/2023\/02\/image-16-1024x683.png 1024w, https:\/\/www.hoymercedes.com.ar\/principal\/wp-content\/uploads\/2023\/02\/image-16-630x420.png 630w, https:\/\/www.hoymercedes.com.ar\/principal\/wp-content\/uploads\/2023\/02\/image-16-150x100.png 150w, https:\/\/www.hoymercedes.com.ar\/principal\/wp-content\/uploads\/2023\/02\/image-16-1536x1024.png 1536w, https:\/\/www.hoymercedes.com.ar\/principal\/wp-content\/uploads\/2023\/02\/image-16.png 2048w\" sizes=\"auto, (max-width: 1024px) 100vw, 1024px\" \/><\/figure>\n<\/div>","protected":false},"excerpt":{"rendered":"<p>En la tarde del jueves \u00faltimo se realiz\u00f3 la apertura de la muestra \u00abToda Fotograf\u00eda Tiene Autor\u00bb. La muestra puede &#8230; <a title=\"Apertura de la muestra \u00abToda Fotograf\u00eda Tiene Autor\u00bb\" class=\"read-more\" href=\"https:\/\/www.hoymercedes.com.ar\/principal\/2023\/02\/24\/apertura-de-la-muestra-toda-fotografia-tiene-autor\/\" aria-label=\"Leer m\u00e1s sobre Apertura de la muestra \u00abToda Fotograf\u00eda Tiene Autor\u00bb\">Leer m\u00e1s<\/a><\/p>\n","protected":false},"author":1,"featured_media":158762,"comment_status":"closed","ping_status":"open","sticky":false,"template":"","format":"standard","meta":{"_monsterinsights_skip_tracking":false,"_monsterinsights_sitenote_active":false,"_monsterinsights_sitenote_note":"","_monsterinsights_sitenote_category":0,"jetpack_post_was_ever_published":false,"_jetpack_newsletter_access":"","_jetpack_dont_email_post_to_subs":false,"_jetpack_newsletter_tier_id":0,"_jetpack_memberships_contains_paywalled_content":false,"_jetpack_memberships_contains_paid_content":false,"footnotes":"","jetpack_publicize_message":"","jetpack_publicize_feature_enabled":true,"jetpack_social_post_already_shared":true,"jetpack_social_options":{"image_generator_settings":{"template":"highway","default_image_id":0,"font":"","enabled":false},"version":2},"_wpas_customize_per_network":false},"categories":[104],"tags":[7805],"class_list":["post-158761","post","type-post","status-publish","format-standard","has-post-thumbnail","hentry","category-cultura","tag-cultura","generate-columns","tablet-grid-50","mobile-grid-100","grid-parent","grid-50"],"jetpack_publicize_connections":[],"jetpack_featured_media_url":"https:\/\/www.hoymercedes.com.ar\/principal\/wp-content\/uploads\/2023\/02\/image-16.png","wps_subtitle":"","jetpack_sharing_enabled":true,"_links":{"self":[{"href":"https:\/\/www.hoymercedes.com.ar\/principal\/wp-json\/wp\/v2\/posts\/158761","targetHints":{"allow":["GET"]}}],"collection":[{"href":"https:\/\/www.hoymercedes.com.ar\/principal\/wp-json\/wp\/v2\/posts"}],"about":[{"href":"https:\/\/www.hoymercedes.com.ar\/principal\/wp-json\/wp\/v2\/types\/post"}],"author":[{"embeddable":true,"href":"https:\/\/www.hoymercedes.com.ar\/principal\/wp-json\/wp\/v2\/users\/1"}],"replies":[{"embeddable":true,"href":"https:\/\/www.hoymercedes.com.ar\/principal\/wp-json\/wp\/v2\/comments?post=158761"}],"version-history":[{"count":0,"href":"https:\/\/www.hoymercedes.com.ar\/principal\/wp-json\/wp\/v2\/posts\/158761\/revisions"}],"wp:featuredmedia":[{"embeddable":true,"href":"https:\/\/www.hoymercedes.com.ar\/principal\/wp-json\/wp\/v2\/media\/158762"}],"wp:attachment":[{"href":"https:\/\/www.hoymercedes.com.ar\/principal\/wp-json\/wp\/v2\/media?parent=158761"}],"wp:term":[{"taxonomy":"category","embeddable":true,"href":"https:\/\/www.hoymercedes.com.ar\/principal\/wp-json\/wp\/v2\/categories?post=158761"},{"taxonomy":"post_tag","embeddable":true,"href":"https:\/\/www.hoymercedes.com.ar\/principal\/wp-json\/wp\/v2\/tags?post=158761"}],"curies":[{"name":"wp","href":"https:\/\/api.w.org\/{rel}","templated":true}]}}