{"id":158787,"date":"2023-02-26T08:13:36","date_gmt":"2023-02-26T11:13:36","guid":{"rendered":"https:\/\/www.hoymercedes.com.ar\/principal\/?p=158787"},"modified":"2023-02-26T08:26:45","modified_gmt":"2023-02-26T11:26:45","slug":"entregaron-anteojos-en-el-cic","status":"publish","type":"post","link":"https:\/\/www.hoymercedes.com.ar\/principal\/2023\/02\/26\/entregaron-anteojos-en-el-cic\/","title":{"rendered":"Entregaron anteojos en el CIC"},"content":{"rendered":"\n<p>Desde el Centro Integral Comunitario (CIC) se hizo una nueva entrega de anteojos a vecinos de la ciudad. Los lentes se dieron en forma gratuita a personas que fueron atendidas en el Centro Oftalmol\u00f3gico emplazado en el espacio de atenci\u00f3n de calle 10. \u00a0<\/p>\n\n\n<div class=\"wp-block-image\">\n<figure class=\"aligncenter size-large\"><img loading=\"lazy\" decoding=\"async\" width=\"1024\" height=\"683\" data-attachment-id=\"158789\" data-permalink=\"https:\/\/www.hoymercedes.com.ar\/principal\/2023\/02\/26\/entregaron-anteojos-en-el-cic\/anteojos-cic\/#main\" data-orig-file=\"https:\/\/www.hoymercedes.com.ar\/principal\/wp-content\/uploads\/2023\/02\/Anteojos-CIC.jpg\" data-orig-size=\"1318,879\" data-comments-opened=\"0\" data-image-meta=\"{&quot;aperture&quot;:&quot;0&quot;,&quot;credit&quot;:&quot;&quot;,&quot;camera&quot;:&quot;&quot;,&quot;caption&quot;:&quot;&quot;,&quot;created_timestamp&quot;:&quot;0&quot;,&quot;copyright&quot;:&quot;&quot;,&quot;focal_length&quot;:&quot;0&quot;,&quot;iso&quot;:&quot;0&quot;,&quot;shutter_speed&quot;:&quot;0&quot;,&quot;title&quot;:&quot;&quot;,&quot;orientation&quot;:&quot;0&quot;}\" data-image-title=\"Anteojos-CIC\" data-image-description=\"\" data-image-caption=\"\" data-large-file=\"https:\/\/www.hoymercedes.com.ar\/principal\/wp-content\/uploads\/2023\/02\/Anteojos-CIC-1024x683.jpg\" src=\"https:\/\/www.hoymercedes.com.ar\/principal\/wp-content\/uploads\/2023\/02\/Anteojos-CIC-1024x683.jpg\" alt=\"\" class=\"wp-image-158789\" srcset=\"https:\/\/www.hoymercedes.com.ar\/principal\/wp-content\/uploads\/2023\/02\/Anteojos-CIC-1024x683.jpg 1024w, https:\/\/www.hoymercedes.com.ar\/principal\/wp-content\/uploads\/2023\/02\/Anteojos-CIC-630x420.jpg 630w, https:\/\/www.hoymercedes.com.ar\/principal\/wp-content\/uploads\/2023\/02\/Anteojos-CIC-150x100.jpg 150w, https:\/\/www.hoymercedes.com.ar\/principal\/wp-content\/uploads\/2023\/02\/Anteojos-CIC.jpg 1318w\" sizes=\"auto, (max-width: 1024px) 100vw, 1024px\" \/><\/figure>\n<\/div>\n\n\n<p>El intendente Juan Ignacio Ustarroz, presente en la entrega dijo \u201cquiero felicitar a todos por el enorme trabajo que se viene realizando en el CIC, un dispositivo que le sirve mucho a la ciudad y en particular a los barrios de la zona\u201d. &nbsp;<\/p>\n\n\n\n<p>En este sentido, el intendente Ustarroz remarc\u00f3 \u201ceste programa de mejoramiento de la salud a trav\u00e9s de la entrega de anteojos, donde nosotros tenemos la ventaja de tener una excelente articulaci\u00f3n, tanto con el Estado Nacional como Provincial, que nos permite tener cantidad de entregas\u201d como as\u00ed tambi\u00e9n apunt\u00f3 \u201ccuando no llegamos a cubrir todas las entregas con esas gestiones, lo hacemos con recursos municipales, tal y como fue en el d\u00eda de hoy\u201d. &nbsp;<\/p>\n\n\n\n<p>\u201cEsto significa mejorar la calidad de vida de la gente y as\u00ed desempe\u00f1arse con total normalidad\u201d destac\u00f3 Ustarroz y cont\u00f3 \u201cestas compras las vamos haciendo en diferentes \u00f3pticas de la ciudad, generando una rotaci\u00f3n, beneficiando a la gran mayor\u00eda, tratando de hacer un c\u00edrculo virtuoso a nivel econ\u00f3mico y social\u201d.&nbsp;&nbsp;&nbsp;<\/p>\n\n\n\n<p>El secretario de salud, N\u00e9stor Pisapia expres\u00f3 \u201cestamos muy felices de estar haciendo esta entrega, una necesidad muy grande para la gente, es vital que las personas tengan una buena visi\u00f3n, la cual mejora la calidad de vida\u201d. &nbsp;<\/p>\n\n\n\n<p>Por su parte, el director del Centro Integrador Comunitario (CIC) Fernando San Pedro se\u00f1al\u00f3 \u201cla entrega estos anteojos, para nosotros representa un avance concreto, de una gesti\u00f3n que siempre est\u00e1 cerca de la gente escuchando y trabajando\u201d. &nbsp;<\/p>\n\n\n\n<p>Estos anteojos fueron facilitados tras un debido proceso de estudio socioecon\u00f3mico donde se verifica que la adquisici\u00f3n de los mismos no est\u00e1 dentro de sus posibilidades.\u00a0\u00a0\u00a0\u00a0<\/p>\n\n\n\n<p>por Prensa Municipal<\/p>\n","protected":false},"excerpt":{"rendered":"<p>Desde el Centro Integral Comunitario (CIC) se hizo una nueva entrega de anteojos a vecinos de la ciudad. Los lentes &#8230; <a title=\"Entregaron anteojos en el CIC\" class=\"read-more\" href=\"https:\/\/www.hoymercedes.com.ar\/principal\/2023\/02\/26\/entregaron-anteojos-en-el-cic\/\" aria-label=\"Leer m\u00e1s sobre Entregaron anteojos en el CIC\">Leer m\u00e1s<\/a><\/p>\n","protected":false},"author":1,"featured_media":0,"comment_status":"closed","ping_status":"open","sticky":false,"template":"","format":"standard","meta":{"_monsterinsights_skip_tracking":false,"_monsterinsights_sitenote_active":false,"_monsterinsights_sitenote_note":"","_monsterinsights_sitenote_category":0,"jetpack_post_was_ever_published":false,"_jetpack_newsletter_access":"","_jetpack_dont_email_post_to_subs":false,"_jetpack_newsletter_tier_id":0,"_jetpack_memberships_contains_paywalled_content":false,"_jetpack_memberships_contains_paid_content":false,"footnotes":"","jetpack_publicize_message":"","jetpack_publicize_feature_enabled":true,"jetpack_social_post_already_shared":true,"jetpack_social_options":{"image_generator_settings":{"template":"highway","default_image_id":0,"font":"","enabled":false},"version":2},"_wpas_customize_per_network":false},"categories":[8],"tags":[],"class_list":["post-158787","post","type-post","status-publish","format-standard","hentry","category-sociedad","generate-columns","tablet-grid-50","mobile-grid-100","grid-parent","grid-50"],"jetpack_publicize_connections":[],"jetpack_featured_media_url":"","wps_subtitle":"","jetpack_sharing_enabled":true,"_links":{"self":[{"href":"https:\/\/www.hoymercedes.com.ar\/principal\/wp-json\/wp\/v2\/posts\/158787","targetHints":{"allow":["GET"]}}],"collection":[{"href":"https:\/\/www.hoymercedes.com.ar\/principal\/wp-json\/wp\/v2\/posts"}],"about":[{"href":"https:\/\/www.hoymercedes.com.ar\/principal\/wp-json\/wp\/v2\/types\/post"}],"author":[{"embeddable":true,"href":"https:\/\/www.hoymercedes.com.ar\/principal\/wp-json\/wp\/v2\/users\/1"}],"replies":[{"embeddable":true,"href":"https:\/\/www.hoymercedes.com.ar\/principal\/wp-json\/wp\/v2\/comments?post=158787"}],"version-history":[{"count":0,"href":"https:\/\/www.hoymercedes.com.ar\/principal\/wp-json\/wp\/v2\/posts\/158787\/revisions"}],"wp:attachment":[{"href":"https:\/\/www.hoymercedes.com.ar\/principal\/wp-json\/wp\/v2\/media?parent=158787"}],"wp:term":[{"taxonomy":"category","embeddable":true,"href":"https:\/\/www.hoymercedes.com.ar\/principal\/wp-json\/wp\/v2\/categories?post=158787"},{"taxonomy":"post_tag","embeddable":true,"href":"https:\/\/www.hoymercedes.com.ar\/principal\/wp-json\/wp\/v2\/tags?post=158787"}],"curies":[{"name":"wp","href":"https:\/\/api.w.org\/{rel}","templated":true}]}}