{"id":158858,"date":"2023-02-27T22:23:48","date_gmt":"2023-02-28T01:23:48","guid":{"rendered":"https:\/\/www.hoymercedes.com.ar\/principal\/?p=158858"},"modified":"2023-02-27T22:23:51","modified_gmt":"2023-02-28T01:23:51","slug":"anuncian-aumentos-en-las-jubilaciones-de-abogados-bonaerenses","status":"publish","type":"post","link":"https:\/\/www.hoymercedes.com.ar\/principal\/2023\/02\/27\/anuncian-aumentos-en-las-jubilaciones-de-abogados-bonaerenses\/","title":{"rendered":"Anuncian aumentos en las jubilaciones de abogados bonaerenses"},"content":{"rendered":"\n<p><strong><em>La Caja de la Abogac\u00eda de la provincia de Buenos Aires anunci\u00f3 nuevos aumentos en las jubilaciones. De esta manera, los profesionales retirados percibir\u00e1n $110.000 de jubilaci\u00f3n b\u00e1sica para este mes. Con este nuevo aumento la suba interanual de los abogados retirados lleg\u00f3 100%.<\/em><\/strong><\/p>\n\n\n\n<p>La Caja de Previsi\u00f3n Social para Abogados de la Provincia de Buenos Aires anunci\u00f3 nuevos incrementos para los profesionales retirados. Los mismos alcanzar\u00e1n a&nbsp;jubilados&nbsp;y pensionados,&nbsp;de esta manera el haber b\u00e1sico ser\u00e1 110.000 pesos&nbsp;desde el pr\u00f3ximo cobro de haberes, mientras que la jubilaci\u00f3n m\u00e1xima ascender\u00e1 a $330.000.<\/p>\n\n\n\n<p>\u00abEste movimiento en el haber jubilatorio se suma a los ya otorgados en septiembre y diciembre, llegando a duplicar lo percibido por los pasivos hace doce meses, con lo cual los aumentos de recuperaci\u00f3n de la jubilaci\u00f3n son paulatinos, pero tratamos que sean constantes para ir recuperando el valor de la jubilaci\u00f3n.\u00bb expres\u00f3 Daniel Burke, presidente de la Caja de Abogac\u00eda de la Provincia de Buenos Aires.<\/p>\n\n\n\n<p>En la misma l\u00ednea, el titular de la entidad indic\u00f3: \u00abSab\u00edamos que ten\u00edamos alg\u00fan atraso con las jubilaciones y este a\u00f1o hemos podido aumentar un 100% la jubilaci\u00f3n y aunque no es lo que quisi\u00e9ramos pagar, pero vamos recuperando un poco la jubilaci\u00f3n que se hab\u00eda perdido con la pandemia. Esto para nosotros es importante, es nuestro principal trabajo y esto incluye no s\u00f3lo el pago del beneficio, sino que tambi\u00e9n incorpora el sistema de salud, para todos aquellos afiliados que fueron solidarios con el sistema en su vida activa, cuando se jubilan tambi\u00e9n pueden mantener su afiliaci\u00f3n a C.A.S.A. por un peque\u00f1o porcentaje de su haber.\u00bb<\/p>\n\n\n\n<p>Otra de las medidas dispuestas por el Directorio de la Caja de la Abogac\u00eda tiene que ver con la pr\u00f3rroga de los vencimientos anuales al 31 de marzo, con lo que se podr\u00e1 integrar la cuota anual sin cobro de intereses a esa fecha.&nbsp;<\/p>\n\n\n\n<p>As\u00ed mismo,\u00a0la instituci\u00f3n\u00a0acompa\u00f1a el restablecimiento de la labor profesional tras la pandemia,\u00a0ratificando la plena vigencia del Sistema de Aportes por Estamentos<strong>,<\/strong>\u00a0pudiendo elegir\u00a0cada letrado aportar\u00a0entre el 38%, 50%, 75% o 100%, de acuerdo a la realidad profesional de cada\u00a0abogado.<\/p>\n\n\n\n<p>Fuente: Caja de Abogac\u00eda de la Provincia<\/p>\n","protected":false},"excerpt":{"rendered":"<p>La Caja de la Abogac\u00eda de la provincia de Buenos Aires anunci\u00f3 nuevos aumentos en las jubilaciones. De esta manera, &#8230; <a title=\"Anuncian aumentos en las jubilaciones de abogados bonaerenses\" class=\"read-more\" href=\"https:\/\/www.hoymercedes.com.ar\/principal\/2023\/02\/27\/anuncian-aumentos-en-las-jubilaciones-de-abogados-bonaerenses\/\" aria-label=\"Leer m\u00e1s sobre Anuncian aumentos en las jubilaciones de abogados bonaerenses\">Leer m\u00e1s<\/a><\/p>\n","protected":false},"author":1,"featured_media":158859,"comment_status":"closed","ping_status":"open","sticky":false,"template":"","format":"standard","meta":{"_monsterinsights_skip_tracking":false,"_monsterinsights_sitenote_active":false,"_monsterinsights_sitenote_note":"","_monsterinsights_sitenote_category":0,"jetpack_post_was_ever_published":false,"_jetpack_newsletter_access":"","_jetpack_dont_email_post_to_subs":false,"_jetpack_newsletter_tier_id":0,"_jetpack_memberships_contains_paywalled_content":false,"_jetpack_memberships_contains_paid_content":false,"footnotes":"","jetpack_publicize_message":"","jetpack_publicize_feature_enabled":true,"jetpack_social_post_already_shared":true,"jetpack_social_options":{"image_generator_settings":{"template":"highway","default_image_id":0,"font":"","enabled":false},"version":2},"_wpas_customize_per_network":false},"categories":[8],"tags":[],"class_list":["post-158858","post","type-post","status-publish","format-standard","has-post-thumbnail","hentry","category-sociedad","generate-columns","tablet-grid-50","mobile-grid-100","grid-parent","grid-50"],"jetpack_publicize_connections":[],"jetpack_featured_media_url":"https:\/\/www.hoymercedes.com.ar\/principal\/wp-content\/uploads\/2023\/02\/Daniel-Burke-presidente-de-la-Caja-de-Abogacia-2.jpg","wps_subtitle":"","jetpack_sharing_enabled":true,"_links":{"self":[{"href":"https:\/\/www.hoymercedes.com.ar\/principal\/wp-json\/wp\/v2\/posts\/158858","targetHints":{"allow":["GET"]}}],"collection":[{"href":"https:\/\/www.hoymercedes.com.ar\/principal\/wp-json\/wp\/v2\/posts"}],"about":[{"href":"https:\/\/www.hoymercedes.com.ar\/principal\/wp-json\/wp\/v2\/types\/post"}],"author":[{"embeddable":true,"href":"https:\/\/www.hoymercedes.com.ar\/principal\/wp-json\/wp\/v2\/users\/1"}],"replies":[{"embeddable":true,"href":"https:\/\/www.hoymercedes.com.ar\/principal\/wp-json\/wp\/v2\/comments?post=158858"}],"version-history":[{"count":0,"href":"https:\/\/www.hoymercedes.com.ar\/principal\/wp-json\/wp\/v2\/posts\/158858\/revisions"}],"wp:featuredmedia":[{"embeddable":true,"href":"https:\/\/www.hoymercedes.com.ar\/principal\/wp-json\/wp\/v2\/media\/158859"}],"wp:attachment":[{"href":"https:\/\/www.hoymercedes.com.ar\/principal\/wp-json\/wp\/v2\/media?parent=158858"}],"wp:term":[{"taxonomy":"category","embeddable":true,"href":"https:\/\/www.hoymercedes.com.ar\/principal\/wp-json\/wp\/v2\/categories?post=158858"},{"taxonomy":"post_tag","embeddable":true,"href":"https:\/\/www.hoymercedes.com.ar\/principal\/wp-json\/wp\/v2\/tags?post=158858"}],"curies":[{"name":"wp","href":"https:\/\/api.w.org\/{rel}","templated":true}]}}