{"id":158872,"date":"2023-02-28T09:30:00","date_gmt":"2023-02-28T12:30:00","guid":{"rendered":"https:\/\/www.hoymercedes.com.ar\/principal\/?p=158872"},"modified":"2023-02-28T09:08:09","modified_gmt":"2023-02-28T12:08:09","slug":"abre-inscripcion-para-taller-de-artes-visuales-gratuito","status":"publish","type":"post","link":"https:\/\/www.hoymercedes.com.ar\/principal\/2023\/02\/28\/abre-inscripcion-para-taller-de-artes-visuales-gratuito\/","title":{"rendered":"Abre inscripci\u00f3n para taller de artes visuales gratuito"},"content":{"rendered":"\n<p>Luego de ganar el Fondo Nacional de las Artes, las profesoras y artistas pl\u00e1sticas Marcela Cueto y Paula Figoli, inician el Taller de Artes Visuales Gratuito con la distinci\u00f3n otorgada el a\u00f1o pasado. D\u00edas atr\u00e1s abri\u00f3 la inscripci\u00f3n para aquellas personas que est\u00e9n interesadas en participar de manera presencial. Las clases comenzar\u00e1n a finales de marzo. <\/p>\n\n\n<div class=\"wp-block-image\">\n<figure class=\"aligncenter size-large\"><img loading=\"lazy\" decoding=\"async\" width=\"1011\" height=\"1024\" data-attachment-id=\"158873\" data-permalink=\"https:\/\/www.hoymercedes.com.ar\/principal\/2023\/02\/28\/abre-inscripcion-para-taller-de-artes-visuales-gratuito\/arte-cueto-fondo\/#main\" data-orig-file=\"https:\/\/www.hoymercedes.com.ar\/principal\/wp-content\/uploads\/2023\/02\/arte-cueto-fondo-e1677585929646.jpeg\" data-orig-size=\"790,800\" data-comments-opened=\"0\" data-image-meta=\"{&quot;aperture&quot;:&quot;0&quot;,&quot;credit&quot;:&quot;&quot;,&quot;camera&quot;:&quot;&quot;,&quot;caption&quot;:&quot;&quot;,&quot;created_timestamp&quot;:&quot;0&quot;,&quot;copyright&quot;:&quot;&quot;,&quot;focal_length&quot;:&quot;0&quot;,&quot;iso&quot;:&quot;0&quot;,&quot;shutter_speed&quot;:&quot;0&quot;,&quot;title&quot;:&quot;&quot;,&quot;orientation&quot;:&quot;0&quot;}\" data-image-title=\"arte cueto fondo\" data-image-description=\"\" data-image-caption=\"\" data-large-file=\"https:\/\/www.hoymercedes.com.ar\/principal\/wp-content\/uploads\/2023\/02\/arte-cueto-fondo-1011x1024.jpeg\" src=\"https:\/\/www.hoymercedes.com.ar\/principal\/wp-content\/uploads\/2023\/02\/arte-cueto-fondo-1011x1024.jpeg\" alt=\"\" class=\"wp-image-158873\"\/><\/figure>\n<\/div>\n\n\n<p>\u00abEl entorno como material. Una mirada desde Mercedes\u00bb, es un taller dirigido a mayores de 18 a\u00f1os que residan en el partido de Mercedes o en municipios vecinos, con o sin experiencia previa en el campo de las artes. La actividad comenzar\u00e1 la \u00faltima semana de marzo y concluir\u00e1 en junio, contar\u00e1 con cinco encuentros presenciales en Mercedes y una muestra final en el Estudio de Arte Cueto.<\/p>\n\n\n\n<p>La propuesta tiene como objetivo agudizar la mirada sobre el entorno y aportar herramientas para proyectar pr\u00e1cticas art\u00edsticas vinculadas al territorio, con una mirada interdisciplinar y reflexiva.<\/p>\n\n\n\n<p>El taller es una iniciativa de las artistas y docentes de artes visuales Marcela Cueto y Paula Figoli, quienes lo dictar\u00e1n en formato de pareja pedag\u00f3gica. Adem\u00e1s, cuenta con el apoyo del Fondo Nacional de las Artes, ya que esta entidad seleccion\u00f3 al proyecto otorg\u00e1ndo una \u00abbeca a la formaci\u00f3n\u00bb, lo que permite que sea totalmente gratuita su participaci\u00f3n.<\/p>\n\n\n\n<p>Los cupos son limitados y la inscripci\u00f3n online ya est\u00e1 abierta a trav\u00e9s del formulario <a rel=\"noreferrer noopener\" href=\"https:\/\/forms.gle\/hyg3xqfFtaqiGtAi6\" target=\"_blank\">https:\/\/forms.gle\/hyg3xqfFtaqiGtAi6<\/a>. Las coordinadoras solicitan a las personas interesadas que presten especial atenci\u00f3n al cronograma para verificar la disponibilidad, teniendo en cuenta que los encuentros ser\u00e1n presenciales.<\/p>\n\n\n\n<p><strong>Cronograma<\/strong>:<\/p>\n\n\n\n<p>Lunes 27\/3, 17\/4 y 15\/5, clases presenciales en Estudio de Arte Cueto, de 18:30 a 21 hs.<br>Dos s\u00e1bados (con fecha y horario a confirmar), clases presenciales al aire libre (uno de estos s\u00e1bados el encuentro ser\u00e1 en las inmediaciones del R\u00edo Luj\u00e1n con el acompa\u00f1amiento de la agrupaci\u00f3n S.O.S H\u00c1BITAT, y el otro en la localidad de Altamira, con el apoyo de la Sociedad de Fomento).<br>Mes de junio: muestra final en Estudio de Arte Cueto (d\u00edas a confirmar).<\/p>\n\n\n\n<p>El cronograma puede ser modificado con previo aviso. A quienes se inscriban se les notificar\u00e1 con anticipaci\u00f3n cualquier cambio, as\u00ed como la confirmaci\u00f3n de fecha, hora y punto de encuentro para las dos clases al aire libre en d\u00edas s\u00e1bados.<\/p>\n\n\n\n<p>Cualquier duda o consulta realizarla a entornocomomaterial@gmail.com<\/p>\n","protected":false},"excerpt":{"rendered":"<p>Luego de ganar el Fondo Nacional de las Artes, las profesoras y artistas pl\u00e1sticas Marcela Cueto y Paula Figoli, inician &#8230; <a title=\"Abre inscripci\u00f3n para taller de artes visuales gratuito\" class=\"read-more\" href=\"https:\/\/www.hoymercedes.com.ar\/principal\/2023\/02\/28\/abre-inscripcion-para-taller-de-artes-visuales-gratuito\/\" aria-label=\"Leer m\u00e1s sobre Abre inscripci\u00f3n para taller de artes visuales gratuito\">Leer m\u00e1s<\/a><\/p>\n","protected":false},"author":1,"featured_media":158873,"comment_status":"closed","ping_status":"open","sticky":false,"template":"","format":"standard","meta":{"_monsterinsights_skip_tracking":false,"_monsterinsights_sitenote_active":false,"_monsterinsights_sitenote_note":"","_monsterinsights_sitenote_category":0,"jetpack_post_was_ever_published":false,"_jetpack_newsletter_access":"","_jetpack_dont_email_post_to_subs":false,"_jetpack_newsletter_tier_id":0,"_jetpack_memberships_contains_paywalled_content":false,"_jetpack_memberships_contains_paid_content":false,"footnotes":"","jetpack_publicize_message":"","jetpack_publicize_feature_enabled":true,"jetpack_social_post_already_shared":true,"jetpack_social_options":{"image_generator_settings":{"template":"highway","default_image_id":0,"font":"","enabled":false},"version":2},"_wpas_customize_per_network":false},"categories":[104],"tags":[7805],"class_list":["post-158872","post","type-post","status-publish","format-standard","has-post-thumbnail","hentry","category-cultura","tag-cultura","generate-columns","tablet-grid-50","mobile-grid-100","grid-parent","grid-50"],"jetpack_publicize_connections":[],"jetpack_featured_media_url":"https:\/\/www.hoymercedes.com.ar\/principal\/wp-content\/uploads\/2023\/02\/arte-cueto-fondo-e1677585929646.jpeg","wps_subtitle":"","jetpack_sharing_enabled":true,"_links":{"self":[{"href":"https:\/\/www.hoymercedes.com.ar\/principal\/wp-json\/wp\/v2\/posts\/158872","targetHints":{"allow":["GET"]}}],"collection":[{"href":"https:\/\/www.hoymercedes.com.ar\/principal\/wp-json\/wp\/v2\/posts"}],"about":[{"href":"https:\/\/www.hoymercedes.com.ar\/principal\/wp-json\/wp\/v2\/types\/post"}],"author":[{"embeddable":true,"href":"https:\/\/www.hoymercedes.com.ar\/principal\/wp-json\/wp\/v2\/users\/1"}],"replies":[{"embeddable":true,"href":"https:\/\/www.hoymercedes.com.ar\/principal\/wp-json\/wp\/v2\/comments?post=158872"}],"version-history":[{"count":0,"href":"https:\/\/www.hoymercedes.com.ar\/principal\/wp-json\/wp\/v2\/posts\/158872\/revisions"}],"wp:featuredmedia":[{"embeddable":true,"href":"https:\/\/www.hoymercedes.com.ar\/principal\/wp-json\/wp\/v2\/media\/158873"}],"wp:attachment":[{"href":"https:\/\/www.hoymercedes.com.ar\/principal\/wp-json\/wp\/v2\/media?parent=158872"}],"wp:term":[{"taxonomy":"category","embeddable":true,"href":"https:\/\/www.hoymercedes.com.ar\/principal\/wp-json\/wp\/v2\/categories?post=158872"},{"taxonomy":"post_tag","embeddable":true,"href":"https:\/\/www.hoymercedes.com.ar\/principal\/wp-json\/wp\/v2\/tags?post=158872"}],"curies":[{"name":"wp","href":"https:\/\/api.w.org\/{rel}","templated":true}]}}