{"id":15888,"date":"2012-09-07T01:55:22","date_gmt":"2012-09-07T01:55:22","guid":{"rendered":"http:\/\/www.hoymercedes.com.ar\/principal\/?p=15888"},"modified":"2012-09-07T01:57:34","modified_gmt":"2012-09-07T01:57:34","slug":"presentacion-del-programa-buenos-aires-hogar-con-presencia-de-selva","status":"publish","type":"post","link":"https:\/\/www.hoymercedes.com.ar\/principal\/2012\/09\/07\/presentacion-del-programa-buenos-aires-hogar-con-presencia-de-selva\/","title":{"rendered":"Presentaci\u00f3n del programa \u00abBuenos Aires Hogar\u00bb con presencia de Selva"},"content":{"rendered":"<p><a href=\"https:\/\/www.hoymercedes.com.ar\/principal\/wp-content\/uploads\/2012\/09\/SelvaProgramaBsASHogar.jpg\"><img loading=\"lazy\" decoding=\"async\" data-attachment-id=\"15890\" data-permalink=\"https:\/\/www.hoymercedes.com.ar\/principal\/2012\/09\/07\/presentacion-del-programa-buenos-aires-hogar-con-presencia-de-selva\/selvaprogramabsashogar\/#main\" data-orig-file=\"https:\/\/www.hoymercedes.com.ar\/principal\/wp-content\/uploads\/2012\/09\/SelvaProgramaBsASHogar.jpg\" data-orig-size=\"614,346\" data-comments-opened=\"1\" data-image-meta=\"{&quot;aperture&quot;:&quot;2.2&quot;,&quot;credit&quot;:&quot;&quot;,&quot;camera&quot;:&quot;N9&quot;,&quot;caption&quot;:&quot;&quot;,&quot;created_timestamp&quot;:&quot;0&quot;,&quot;copyright&quot;:&quot;&quot;,&quot;focal_length&quot;:&quot;28&quot;,&quot;iso&quot;:&quot;606&quot;,&quot;shutter_speed&quot;:&quot;0.05&quot;,&quot;title&quot;:&quot;&quot;}\" data-image-title=\"SelvaProgramaBsASHogar\" data-image-description=\"\" data-image-caption=\"\" data-large-file=\"https:\/\/www.hoymercedes.com.ar\/principal\/wp-content\/uploads\/2012\/09\/SelvaProgramaBsASHogar.jpg\" class=\"aligncenter size-full wp-image-15890\" title=\"SelvaProgramaBsASHogar\" src=\"https:\/\/www.hoymercedes.com.ar\/principal\/wp-content\/uploads\/2012\/09\/SelvaProgramaBsASHogar.jpg\" alt=\"\" width=\"614\" height=\"346\" \/><\/a><\/p>\n<p>Se present\u00f3 el programa de viviendas \u201cBuenos Aires Hogar\u201d, que beneficiar\u00e1 a los habitantes de la Provincia que no disponen de otros medios para acceder a la casa propia.<\/p>\n<p>Esta tarde se llev\u00f3 a cabo el lanzamiento oficial del nuevo programa de viviendas de la Provincia para los municipios. El mismo se implementar\u00e1 a trav\u00e9s del Ministerio de Infraestructura y el Banco de la Provincia.<\/p>\n<p>Estuvieron presentes el ministro de Infraestructura, Alejandro Arl\u00eda, el Presidente del Banco Provincia Gustavo Marangoni y el Administrador del Instituto de la Vivienda Pablo Sarlo entre otros.<\/p>\n<p>Este nuevo programa que ya se pone en marcha beneficiar\u00e1 a los municipios de Bolivar, Guarini, Leandro Alem, Magdalena, Navarro, Pehuaj\u00f3, Rojas, Saavedra, Tres Lomas, Villadino, Suipacha, Brandsen y Mercedes. Carlos Selva fue el encargado de hablar en representaci\u00f3n de todos los intendentes presentes quien remarc\u00f3 el compromiso del Gobernador Scioli con la vivienda y la importancia que tiene esta problem\u00e1tica para los ciudadanos.<\/p>\n<p>Luego el ministro de Infraestructura, Alejandro Arl\u00eda explic\u00f3 en que consiste y como se llevar\u00e1 a cabo con las diferentes localidades el nuevo programa para luego realizar una firma simb\u00f3lica del convenio<\/p>\n","protected":false},"excerpt":{"rendered":"<p>Se present\u00f3 el programa de viviendas \u201cBuenos Aires Hogar\u201d, que beneficiar\u00e1 a los habitantes de la Provincia que no disponen &#8230; <a title=\"Presentaci\u00f3n del programa \u00abBuenos Aires Hogar\u00bb con presencia de Selva\" class=\"read-more\" href=\"https:\/\/www.hoymercedes.com.ar\/principal\/2012\/09\/07\/presentacion-del-programa-buenos-aires-hogar-con-presencia-de-selva\/\" aria-label=\"Leer m\u00e1s sobre Presentaci\u00f3n del programa \u00abBuenos Aires Hogar\u00bb con presencia de Selva\">Leer m\u00e1s<\/a><\/p>\n","protected":false},"author":1,"featured_media":0,"comment_status":"open","ping_status":"open","sticky":false,"template":"","format":"standard","meta":{"_monsterinsights_skip_tracking":false,"_monsterinsights_sitenote_active":false,"_monsterinsights_sitenote_note":"","_monsterinsights_sitenote_category":0,"jetpack_post_was_ever_published":false,"_jetpack_newsletter_access":"","_jetpack_dont_email_post_to_subs":false,"_jetpack_newsletter_tier_id":0,"_jetpack_memberships_contains_paywalled_content":false,"_jetpack_memberships_contains_paid_content":false,"footnotes":"","jetpack_publicize_message":"","jetpack_publicize_feature_enabled":true,"jetpack_social_post_already_shared":false,"jetpack_social_options":{"image_generator_settings":{"template":"highway","default_image_id":0,"font":"","enabled":false},"version":2},"_wpas_customize_per_network":false},"categories":[5],"tags":[2698,39],"class_list":["post-15888","post","type-post","status-publish","format-standard","hentry","category-politica","tag-buenos-aires-hogar","tag-carlos-selva","generate-columns","tablet-grid-50","mobile-grid-100","grid-parent","grid-50"],"jetpack_publicize_connections":[],"jetpack_featured_media_url":"","wps_subtitle":"","jetpack_sharing_enabled":true,"_links":{"self":[{"href":"https:\/\/www.hoymercedes.com.ar\/principal\/wp-json\/wp\/v2\/posts\/15888","targetHints":{"allow":["GET"]}}],"collection":[{"href":"https:\/\/www.hoymercedes.com.ar\/principal\/wp-json\/wp\/v2\/posts"}],"about":[{"href":"https:\/\/www.hoymercedes.com.ar\/principal\/wp-json\/wp\/v2\/types\/post"}],"author":[{"embeddable":true,"href":"https:\/\/www.hoymercedes.com.ar\/principal\/wp-json\/wp\/v2\/users\/1"}],"replies":[{"embeddable":true,"href":"https:\/\/www.hoymercedes.com.ar\/principal\/wp-json\/wp\/v2\/comments?post=15888"}],"version-history":[{"count":0,"href":"https:\/\/www.hoymercedes.com.ar\/principal\/wp-json\/wp\/v2\/posts\/15888\/revisions"}],"wp:attachment":[{"href":"https:\/\/www.hoymercedes.com.ar\/principal\/wp-json\/wp\/v2\/media?parent=15888"}],"wp:term":[{"taxonomy":"category","embeddable":true,"href":"https:\/\/www.hoymercedes.com.ar\/principal\/wp-json\/wp\/v2\/categories?post=15888"},{"taxonomy":"post_tag","embeddable":true,"href":"https:\/\/www.hoymercedes.com.ar\/principal\/wp-json\/wp\/v2\/tags?post=15888"}],"curies":[{"name":"wp","href":"https:\/\/api.w.org\/{rel}","templated":true}]}}