{"id":159032,"date":"2023-03-04T15:18:00","date_gmt":"2023-03-04T18:18:00","guid":{"rendered":"https:\/\/www.hoymercedes.com.ar\/principal\/?p=159032"},"modified":"2023-03-04T20:28:26","modified_gmt":"2023-03-04T23:28:26","slug":"arranco-el-ciclo-de-camino-de-los-bodegones","status":"publish","type":"post","link":"https:\/\/www.hoymercedes.com.ar\/principal\/2023\/03\/04\/arranco-el-ciclo-de-camino-de-los-bodegones\/","title":{"rendered":"Arranc\u00f3 el ciclo de Camino de los Bodegones"},"content":{"rendered":"\n<p>Desde el Municipio de Mercedes informaron que comenz\u00f3 el ciclo verano de El \u201cCamino de los Bodegones\u201d. Un evento que reunes la cultura, el arte, la m\u00fasica y la gastronom\u00eda de la ciudad, arranc\u00f3 el jueves pasado en La Vieja Esquina y continu\u00f3 en Bistr\u00f3. Este domingo estar\u00e1 en Bar Laurino en 32 y 29. <\/p>\n\n\n<div class=\"wp-block-image\">\n<figure class=\"aligncenter size-full\"><img loading=\"lazy\" decoding=\"async\" width=\"800\" height=\"534\" data-attachment-id=\"159033\" data-permalink=\"https:\/\/www.hoymercedes.com.ar\/principal\/2023\/03\/04\/arranco-el-ciclo-de-camino-de-los-bodegones\/bnodegoens\/#main\" data-orig-file=\"https:\/\/www.hoymercedes.com.ar\/principal\/wp-content\/uploads\/2023\/03\/BNodegoens.jpg\" data-orig-size=\"800,534\" data-comments-opened=\"0\" data-image-meta=\"{&quot;aperture&quot;:&quot;0&quot;,&quot;credit&quot;:&quot;&quot;,&quot;camera&quot;:&quot;&quot;,&quot;caption&quot;:&quot;&quot;,&quot;created_timestamp&quot;:&quot;0&quot;,&quot;copyright&quot;:&quot;&quot;,&quot;focal_length&quot;:&quot;0&quot;,&quot;iso&quot;:&quot;0&quot;,&quot;shutter_speed&quot;:&quot;0&quot;,&quot;title&quot;:&quot;&quot;,&quot;orientation&quot;:&quot;0&quot;}\" data-image-title=\"BNodegoens\" data-image-description=\"\" data-image-caption=\"\" data-large-file=\"https:\/\/www.hoymercedes.com.ar\/principal\/wp-content\/uploads\/2023\/03\/BNodegoens.jpg\" src=\"https:\/\/www.hoymercedes.com.ar\/principal\/wp-content\/uploads\/2023\/03\/BNodegoens.jpg\" alt=\"\" class=\"wp-image-159033\" srcset=\"https:\/\/www.hoymercedes.com.ar\/principal\/wp-content\/uploads\/2023\/03\/BNodegoens.jpg 800w, https:\/\/www.hoymercedes.com.ar\/principal\/wp-content\/uploads\/2023\/03\/BNodegoens-630x421.jpg 630w, https:\/\/www.hoymercedes.com.ar\/principal\/wp-content\/uploads\/2023\/03\/BNodegoens-150x100.jpg 150w\" sizes=\"auto, (max-width: 800px) 100vw, 800px\" \/><\/figure>\n<\/div>\n\n\n<p>Con un lleno total, esta primera noche la m\u00fasica estuvo a cargo de Tren Misterioso y Santiago Respuela quienes deleitaron a los presentes en una calle 25 que se convirti\u00f3 en un gran escenario, con sonido, iluminaci\u00f3n, y una gran noche.<\/p>\n\n\n\n<p>Desde el \u00e1rea de Cultura se\u00f1alaron \u201cestas actividades son muy positivas ya que fomentan el turismo, el comercio, exponen lo mejor de nuestros artistas, re\u00fane a los amigos y familias\u201d y agregaron \u201cestamos muy felices por la gran convocatoria de esta primera noche, esto reci\u00e9n comienza y nos quedan a\u00fan varias noches de encuentro, buena comida y m\u00fasica\u201d.&nbsp;<\/p>\n\n\n\n<p>Las actividades continuar\u00e1n este domingo 5 en Bar Laurino. (NdR estaba previsto para el s\u00e1bado un jornada, pero el bar invitado no estar\u00eda habilitado por el Municipio, pese a que igual sigue abriendo durante las noches, tal como se lo observ\u00f3 el viernes \u00faltimo)<\/p>\n\n\n\n<p>Habr\u00e1 m\u00fasica en vivo, promociones gastron\u00f3micas y ampliaci\u00f3n del espacio para compartir, us\u00e1ndose la calle donde se manta escenario y sector de sillas y mesas.\u00a0<\/p>\n\n\n<div class=\"wp-block-image\">\n<figure class=\"aligncenter size-full\"><img loading=\"lazy\" decoding=\"async\" width=\"800\" height=\"534\" data-attachment-id=\"159034\" data-permalink=\"https:\/\/www.hoymercedes.com.ar\/principal\/2023\/03\/04\/arranco-el-ciclo-de-camino-de-los-bodegones\/bodegones-3\/#main\" data-orig-file=\"https:\/\/www.hoymercedes.com.ar\/principal\/wp-content\/uploads\/2023\/03\/Bodegones-3.jpg\" data-orig-size=\"800,534\" data-comments-opened=\"0\" data-image-meta=\"{&quot;aperture&quot;:&quot;0&quot;,&quot;credit&quot;:&quot;&quot;,&quot;camera&quot;:&quot;&quot;,&quot;caption&quot;:&quot;&quot;,&quot;created_timestamp&quot;:&quot;0&quot;,&quot;copyright&quot;:&quot;&quot;,&quot;focal_length&quot;:&quot;0&quot;,&quot;iso&quot;:&quot;0&quot;,&quot;shutter_speed&quot;:&quot;0&quot;,&quot;title&quot;:&quot;&quot;,&quot;orientation&quot;:&quot;0&quot;}\" data-image-title=\"Bodegones-3\" data-image-description=\"\" data-image-caption=\"\" data-large-file=\"https:\/\/www.hoymercedes.com.ar\/principal\/wp-content\/uploads\/2023\/03\/Bodegones-3.jpg\" src=\"https:\/\/www.hoymercedes.com.ar\/principal\/wp-content\/uploads\/2023\/03\/Bodegones-3.jpg\" alt=\"\" class=\"wp-image-159034\" srcset=\"https:\/\/www.hoymercedes.com.ar\/principal\/wp-content\/uploads\/2023\/03\/Bodegones-3.jpg 800w, https:\/\/www.hoymercedes.com.ar\/principal\/wp-content\/uploads\/2023\/03\/Bodegones-3-630x421.jpg 630w, https:\/\/www.hoymercedes.com.ar\/principal\/wp-content\/uploads\/2023\/03\/Bodegones-3-150x100.jpg 150w\" sizes=\"auto, (max-width: 800px) 100vw, 800px\" \/><\/figure>\n<\/div>","protected":false},"excerpt":{"rendered":"<p>Desde el Municipio de Mercedes informaron que comenz\u00f3 el ciclo verano de El \u201cCamino de los Bodegones\u201d. Un evento que &#8230; <a title=\"Arranc\u00f3 el ciclo de Camino de los Bodegones\" class=\"read-more\" href=\"https:\/\/www.hoymercedes.com.ar\/principal\/2023\/03\/04\/arranco-el-ciclo-de-camino-de-los-bodegones\/\" aria-label=\"Leer m\u00e1s sobre Arranc\u00f3 el ciclo de Camino de los Bodegones\">Leer m\u00e1s<\/a><\/p>\n","protected":false},"author":1,"featured_media":159034,"comment_status":"closed","ping_status":"open","sticky":false,"template":"","format":"standard","meta":{"_monsterinsights_skip_tracking":false,"_monsterinsights_sitenote_active":false,"_monsterinsights_sitenote_note":"","_monsterinsights_sitenote_category":0,"jetpack_post_was_ever_published":false,"_jetpack_newsletter_access":"","_jetpack_dont_email_post_to_subs":false,"_jetpack_newsletter_tier_id":0,"_jetpack_memberships_contains_paywalled_content":false,"_jetpack_memberships_contains_paid_content":false,"footnotes":"","jetpack_publicize_message":"","jetpack_publicize_feature_enabled":true,"jetpack_social_post_already_shared":true,"jetpack_social_options":{"image_generator_settings":{"template":"highway","default_image_id":0,"font":"","enabled":false},"version":2},"_wpas_customize_per_network":false},"categories":[30],"tags":[7805,244],"class_list":["post-159032","post","type-post","status-publish","format-standard","has-post-thumbnail","hentry","category-municipio","tag-cultura","tag-municipio-2","generate-columns","tablet-grid-50","mobile-grid-100","grid-parent","grid-50"],"jetpack_publicize_connections":[],"jetpack_featured_media_url":"https:\/\/www.hoymercedes.com.ar\/principal\/wp-content\/uploads\/2023\/03\/Bodegones-3.jpg","wps_subtitle":"","jetpack_sharing_enabled":true,"_links":{"self":[{"href":"https:\/\/www.hoymercedes.com.ar\/principal\/wp-json\/wp\/v2\/posts\/159032","targetHints":{"allow":["GET"]}}],"collection":[{"href":"https:\/\/www.hoymercedes.com.ar\/principal\/wp-json\/wp\/v2\/posts"}],"about":[{"href":"https:\/\/www.hoymercedes.com.ar\/principal\/wp-json\/wp\/v2\/types\/post"}],"author":[{"embeddable":true,"href":"https:\/\/www.hoymercedes.com.ar\/principal\/wp-json\/wp\/v2\/users\/1"}],"replies":[{"embeddable":true,"href":"https:\/\/www.hoymercedes.com.ar\/principal\/wp-json\/wp\/v2\/comments?post=159032"}],"version-history":[{"count":0,"href":"https:\/\/www.hoymercedes.com.ar\/principal\/wp-json\/wp\/v2\/posts\/159032\/revisions"}],"wp:featuredmedia":[{"embeddable":true,"href":"https:\/\/www.hoymercedes.com.ar\/principal\/wp-json\/wp\/v2\/media\/159034"}],"wp:attachment":[{"href":"https:\/\/www.hoymercedes.com.ar\/principal\/wp-json\/wp\/v2\/media?parent=159032"}],"wp:term":[{"taxonomy":"category","embeddable":true,"href":"https:\/\/www.hoymercedes.com.ar\/principal\/wp-json\/wp\/v2\/categories?post=159032"},{"taxonomy":"post_tag","embeddable":true,"href":"https:\/\/www.hoymercedes.com.ar\/principal\/wp-json\/wp\/v2\/tags?post=159032"}],"curies":[{"name":"wp","href":"https:\/\/api.w.org\/{rel}","templated":true}]}}