{"id":159037,"date":"2023-03-04T18:59:00","date_gmt":"2023-03-04T21:59:00","guid":{"rendered":"https:\/\/www.hoymercedes.com.ar\/principal\/?p=159037"},"modified":"2023-03-04T21:32:07","modified_gmt":"2023-03-05T00:32:07","slug":"el-proximo-finde-sera-todos-por-bomberos","status":"publish","type":"post","link":"https:\/\/www.hoymercedes.com.ar\/principal\/2023\/03\/04\/el-proximo-finde-sera-todos-por-bomberos\/","title":{"rendered":"El pr\u00f3ximo finde ser\u00e1 \u00abTodos por Bomberos\u00bb"},"content":{"rendered":"\n<p>El Cuerpo de Bomberos Voluntarios, la Sociedad Rural Regional Mercedes, la C\u00e1mara Econ\u00f3mica Mercedina y el Municipio de Mercedes, organiza el festival solidario a beneficio de Bomberos. El dinero recaudado permitir\u00e1 la compra de insumos y m\u00f3viles. El festival ser\u00e1 los d\u00edas 11 y 12 de marzo en el predio de Ruta 5 kil\u00f3metro 100. <\/p>\n\n\n<div class=\"wp-block-image\">\n<figure class=\"aligncenter size-large\"><img loading=\"lazy\" decoding=\"async\" width=\"1024\" height=\"683\" data-attachment-id=\"159038\" data-permalink=\"https:\/\/www.hoymercedes.com.ar\/principal\/2023\/03\/04\/el-proximo-finde-sera-todos-por-bomberos\/festivalbomberos\/#main\" data-orig-file=\"https:\/\/www.hoymercedes.com.ar\/principal\/wp-content\/uploads\/2023\/03\/FestivalBomberos.jpg\" data-orig-size=\"1318,879\" data-comments-opened=\"0\" data-image-meta=\"{&quot;aperture&quot;:&quot;0&quot;,&quot;credit&quot;:&quot;&quot;,&quot;camera&quot;:&quot;&quot;,&quot;caption&quot;:&quot;&quot;,&quot;created_timestamp&quot;:&quot;0&quot;,&quot;copyright&quot;:&quot;&quot;,&quot;focal_length&quot;:&quot;0&quot;,&quot;iso&quot;:&quot;0&quot;,&quot;shutter_speed&quot;:&quot;0&quot;,&quot;title&quot;:&quot;&quot;,&quot;orientation&quot;:&quot;0&quot;}\" data-image-title=\"FestivalBomberos\" data-image-description=\"\" data-image-caption=\"\" data-large-file=\"https:\/\/www.hoymercedes.com.ar\/principal\/wp-content\/uploads\/2023\/03\/FestivalBomberos-1024x683.jpg\" src=\"https:\/\/www.hoymercedes.com.ar\/principal\/wp-content\/uploads\/2023\/03\/FestivalBomberos-1024x683.jpg\" alt=\"\" class=\"wp-image-159038\" srcset=\"https:\/\/www.hoymercedes.com.ar\/principal\/wp-content\/uploads\/2023\/03\/FestivalBomberos-1024x683.jpg 1024w, https:\/\/www.hoymercedes.com.ar\/principal\/wp-content\/uploads\/2023\/03\/FestivalBomberos-630x420.jpg 630w, https:\/\/www.hoymercedes.com.ar\/principal\/wp-content\/uploads\/2023\/03\/FestivalBomberos-150x100.jpg 150w, https:\/\/www.hoymercedes.com.ar\/principal\/wp-content\/uploads\/2023\/03\/FestivalBomberos.jpg 1318w\" sizes=\"auto, (max-width: 1024px) 100vw, 1024px\" \/><\/figure>\n<\/div>\n\n\n<p>A trav\u00e9s de una conferencia de prensa, representantes de las instituciones que organizan el evento \u00abTodos por Bomberos\u00bb dieron m\u00e1s detalles luego de que se presente la propuesta los \u00faltimos d\u00edas de enero. Ante los micr\u00f3fonos, destacaron que durante las dos jornadas habr\u00e1 actividades para toda la familia. <\/p>\n\n\n\n<p>Tanto el s\u00e1bado 11 como el domingo 12 de marzo el Festival Todos por Bomberos tendr\u00e1 diferentes actividades relacionadas con el cuerpo activo bomberil. \u00abSebast\u00edan dijo \u201cestamos en el \u00faltimo envi\u00f3n de los preparativos para el Primer Festival Todos por Bomberos, como lo hemos denominado, donde vamos a pasar un d\u00eda en familia con muchas actividades bomberiles. <\/p>\n\n\n\n<p>\u00abEstamos recibiendo colaboraci\u00f3n de gran parte de comercios de la ciudad, gracias a la participaci\u00f3n de la C\u00e1mara Econ\u00f3mica, contando con el apoyo del Municipio y la Sociedad Rural, unificando criterios y cerrando detalles para que tengamos una jornada lo m\u00e1s linda posible\u201d, dijo Sebasti\u00e1n Cossi de Bomberos.<\/p>\n\n\n\n<p>\u201cSeguimos juntando donaciones y necesitando la colaboraci\u00f3n de toda la sociedad, donde todo lo recaudado durante la jornada, va a ser para la adquisici\u00f3n de m\u00f3viles y materiales para la instituci\u00f3n\u201d agreg\u00f3 el Bombero.<\/p>\n\n\n\n<p>Alejandro, segundo jefe de bomberos destac\u00f3 \u201cpara nosotros es todo un desaf\u00edo, donde no s\u00f3lo queremos hacer este tipo de festival para recaudar dinero para la instituci\u00f3n, que la necesitamos,  sino que queremos mostrar un poco lo que tenemos, por eso ese d\u00eda vamos a ir con la mayor\u00eda de los camiones y nuestro personal, para que la gente tambi\u00e9n vea lo que tenemos y que vea donde se invierte el dinero\u201d \u00a0\u00a0<\/p>\n\n\n\n<p>El evento ser\u00e1, entonces, en el predio de la Ruta 5 de la Sociedad Rural los d\u00edas 11 y 12 de marzo. Durante la noche del s\u00e1bado habr\u00e1 una cena en el sal\u00f3n para unas 250 personas. Los interesados en asistir pagar\u00e1n su tarjeta por la que pueden consultar en el cuartel de Bomberos. El domingo 12, los vecinos podr\u00e1n ingresar gratis al predio y comprar tambi\u00e9n asado hecho para la ocaci\u00f3n y particpar de las actividades propuestas. <\/p>\n","protected":false},"excerpt":{"rendered":"<p>El Cuerpo de Bomberos Voluntarios, la Sociedad Rural Regional Mercedes, la C\u00e1mara Econ\u00f3mica Mercedina y el Municipio de Mercedes, organiza &#8230; <a title=\"El pr\u00f3ximo finde ser\u00e1 \u00abTodos por Bomberos\u00bb\" class=\"read-more\" href=\"https:\/\/www.hoymercedes.com.ar\/principal\/2023\/03\/04\/el-proximo-finde-sera-todos-por-bomberos\/\" aria-label=\"Leer m\u00e1s sobre El pr\u00f3ximo finde ser\u00e1 \u00abTodos por Bomberos\u00bb\">Leer m\u00e1s<\/a><\/p>\n","protected":false},"author":1,"featured_media":159038,"comment_status":"closed","ping_status":"open","sticky":false,"template":"","format":"standard","meta":{"_monsterinsights_skip_tracking":false,"_monsterinsights_sitenote_active":false,"_monsterinsights_sitenote_note":"","_monsterinsights_sitenote_category":0,"jetpack_post_was_ever_published":false,"_jetpack_newsletter_access":"","_jetpack_dont_email_post_to_subs":false,"_jetpack_newsletter_tier_id":0,"_jetpack_memberships_contains_paywalled_content":false,"_jetpack_memberships_contains_paid_content":false,"footnotes":"","jetpack_publicize_message":"","jetpack_publicize_feature_enabled":true,"jetpack_social_post_already_shared":true,"jetpack_social_options":{"image_generator_settings":{"template":"highway","default_image_id":0,"font":"","enabled":false},"version":2},"_wpas_customize_per_network":false},"categories":[8],"tags":[],"class_list":["post-159037","post","type-post","status-publish","format-standard","has-post-thumbnail","hentry","category-sociedad","generate-columns","tablet-grid-50","mobile-grid-100","grid-parent","grid-50"],"jetpack_publicize_connections":[],"jetpack_featured_media_url":"https:\/\/www.hoymercedes.com.ar\/principal\/wp-content\/uploads\/2023\/03\/FestivalBomberos.jpg","wps_subtitle":"","jetpack_sharing_enabled":true,"_links":{"self":[{"href":"https:\/\/www.hoymercedes.com.ar\/principal\/wp-json\/wp\/v2\/posts\/159037","targetHints":{"allow":["GET"]}}],"collection":[{"href":"https:\/\/www.hoymercedes.com.ar\/principal\/wp-json\/wp\/v2\/posts"}],"about":[{"href":"https:\/\/www.hoymercedes.com.ar\/principal\/wp-json\/wp\/v2\/types\/post"}],"author":[{"embeddable":true,"href":"https:\/\/www.hoymercedes.com.ar\/principal\/wp-json\/wp\/v2\/users\/1"}],"replies":[{"embeddable":true,"href":"https:\/\/www.hoymercedes.com.ar\/principal\/wp-json\/wp\/v2\/comments?post=159037"}],"version-history":[{"count":0,"href":"https:\/\/www.hoymercedes.com.ar\/principal\/wp-json\/wp\/v2\/posts\/159037\/revisions"}],"wp:featuredmedia":[{"embeddable":true,"href":"https:\/\/www.hoymercedes.com.ar\/principal\/wp-json\/wp\/v2\/media\/159038"}],"wp:attachment":[{"href":"https:\/\/www.hoymercedes.com.ar\/principal\/wp-json\/wp\/v2\/media?parent=159037"}],"wp:term":[{"taxonomy":"category","embeddable":true,"href":"https:\/\/www.hoymercedes.com.ar\/principal\/wp-json\/wp\/v2\/categories?post=159037"},{"taxonomy":"post_tag","embeddable":true,"href":"https:\/\/www.hoymercedes.com.ar\/principal\/wp-json\/wp\/v2\/tags?post=159037"}],"curies":[{"name":"wp","href":"https:\/\/api.w.org\/{rel}","templated":true}]}}