{"id":159041,"date":"2023-03-05T07:39:00","date_gmt":"2023-03-05T10:39:00","guid":{"rendered":"https:\/\/www.hoymercedes.com.ar\/principal\/?p=159041"},"modified":"2023-03-04T21:43:28","modified_gmt":"2023-03-05T00:43:28","slug":"propuesta-educativa-sobre-el-agua-para-implementarlo-en-todos-los-nivel-educativos","status":"publish","type":"post","link":"https:\/\/www.hoymercedes.com.ar\/principal\/2023\/03\/05\/propuesta-educativa-sobre-el-agua-para-implementarlo-en-todos-los-nivel-educativos\/","title":{"rendered":"Propuesta educativa sobre el agua para implementarlo en todos los nivel educativos"},"content":{"rendered":"\n<p>Por Cristi\u00e1n Frers* &#8211; Uno de cada cinco ni\u00f1os en el mundo carece de agua suficiente para satisfacer sus necesidades diarias. En todo el mundo, m\u00e1s de 1.420 millones de personas, incluidos 450 millones de ni\u00f1os, viven en zonas donde la vulnerabilidad h\u00eddrica es alta o extremadamente alta\u00a0<\/p>\n\n\n\n<p>La crisis mundial del agua no est\u00e1 simplemente por llegar, ya est\u00e1 aqu\u00ed, y el cambio clim\u00e1tico no har\u00e1 m\u00e1s que empeorarla&nbsp;<\/p>\n\n\n\n<p>La importancia del agua en todos los seres vivos es crucial. Por ello, es fundamental ense\u00f1ar a los m\u00e1s peque\u00f1os a beber agua y, por supuesto, a valorar y cuidar este recurso tan preciado.\u202f&nbsp;<\/p>\n\n\n\n<p>Es muy necesario que, desde las escuelas, tanto p\u00fablicas como privadas, se genere en los alumnos una nueva cultura del uso del agua, consider\u00e1ndola como un bien social, natural, finita y fundamental para nuestra existencia, mediante las siguientes acciones:&nbsp;<\/p>\n\n\n\n<p>&#8211; Estimular, a trav\u00e9s de acciones pedag\u00f3gicas, el compromiso de los alumnos en asumir y difundir en sus hogares y comunidad el cuidado y buen uso del recurso h\u00eddrico.&nbsp;<\/p>\n\n\n\n<p>-Impulsar estudios e investigaciones sobre el agua en todo lo que tenga que ver con su escasez y contaminaci\u00f3n, y la utilizaci\u00f3n de las nuevas tecnolog\u00edas aplicadas a las problem\u00e1ticas actuales.&nbsp;<\/p>\n\n\n\n<p>&#8211; Realizar actividades y pr\u00e1cticas educativas tales como talleres, jornadas, reuniones, seminarios; que tiendan a plantear nuevas conductas, nuevos valores y h\u00e1bitos en el uso del agua, como recurso escaso y social.&nbsp;<\/p>\n\n\n\n<p>Es por este motivo que les dejo un ejercicio para implementar con alumnos en escuelas tanto p\u00fablicas como privadas&nbsp;<\/p>\n\n\n\n<p>Algunos indicadores que se pueden utilizar para realizar una valoraci\u00f3n cr\u00edtica de los aspectos sociales del uso del agua&nbsp;<\/p>\n\n\n\n<p>Objetivo&nbsp;<\/p>\n\n\n\n<p>Que los alumnos marquen con una X seg\u00fan su grado de acuerdo.&nbsp;<\/p>\n\n\n\n<figure class=\"wp-block-table\"><table><tbody><tr><td><strong>LA UTILIZACION DEL AGUA EN NUESTROS DIAS<\/strong>&nbsp;<\/td><td>Mucho&nbsp;<\/td><td>Bastante&nbsp;<\/td><td>Regular&nbsp;<\/td><td>Poco&nbsp;<\/td><td>Nada&nbsp;<\/td><\/tr><tr><td>\u00bfCrees que es muy importante poseer agua en cantidad suficiente?&nbsp;<\/td><td>&nbsp;<\/td><td>&nbsp;<\/td><td>&nbsp;<\/td><td>&nbsp;<\/td><td>&nbsp;<\/td><\/tr><tr><td>\u00bfConsideras que el agua de que dispones es de buena calidad?&nbsp;<\/td><td>&nbsp;<\/td><td>&nbsp;<\/td><td>&nbsp;<\/td><td>&nbsp;<\/td><td>&nbsp;<\/td><\/tr><tr><td>\u00bfTienes idea de los litros de agua que se consumen en tu casa en un mes?&nbsp;<\/td><td>&nbsp;<\/td><td>&nbsp;<\/td><td>&nbsp;<\/td><td>&nbsp;<\/td><td>&nbsp;<\/td><\/tr><tr><td>\u00bfAdoptas alguna precauci\u00f3n de cara a disminuir el consumo diario de agua?&nbsp;<\/td><td>&nbsp;<\/td><td>&nbsp;<\/td><td>&nbsp;<\/td><td>&nbsp;<\/td><td>&nbsp;<\/td><\/tr><tr><td>\u00bfAprecias alguna relaci\u00f3n entre consumo de agua y calidad de vida?&nbsp;<\/td><td>\u202f&nbsp;\u202f&nbsp;<\/td><td>\u202f&nbsp;\u202f&nbsp;<\/td><td>\u202f&nbsp;\u202f&nbsp;<\/td><td>&nbsp;<\/td><td>&nbsp;<\/td><\/tr><tr><td>\u00bfEstar\u00edas dispuesto\/a a reducir el consumo de agua para compartirla con otras regiones, con otros pueblos o ciudades?&nbsp;<\/td><td>\u202f&nbsp;\u202f&nbsp;<\/td><td>&nbsp;<\/td><td>&nbsp;<\/td><td>&nbsp;<\/td><td>&nbsp;<\/td><\/tr><tr><td>\u00bfCrees que los traspasos de agua son necesarios?&nbsp;<\/td><td>&nbsp;<\/td><td>&nbsp;<\/td><td>&nbsp;<\/td><td>&nbsp;<\/td><td>&nbsp;<\/td><\/tr><tr><td>Si te asegurasen que el agua que consumes est\u00e1 contaminada estar\u00edas dispuesta\/o a:&nbsp;A. Cambiar tus h\u00e1bitos para contaminar menos.&nbsp;B. Aportar dinero para la construcci\u00f3n del uso de humedales artificiales (biotecnolog\u00eda)&nbsp;<\/td><td>&nbsp;<\/td><td>&nbsp;<\/td><td>&nbsp;<\/td><td>&nbsp;<\/td><td>&nbsp;<\/td><\/tr><\/tbody><\/table><\/figure>\n\n\n\n<p>Conclusiones&nbsp;<\/p>\n\n\n\n<p>An\u00e1lisis por filas y por columnas, c\u00e1lculo de medias y desviaciones, ejercicio de tipificaci\u00f3n individual y social, selecci\u00f3n de problemas m\u00e1s preocupantes y finalmente debates sobre el uso del agua.&nbsp;<\/p>\n\n\n\n<p>La educaci\u00f3n es el principal motor de cambio social, adem\u00e1s, prevenir los futuros da\u00f1os al medio ambiente es una soluci\u00f3n mucho m\u00e1s viable que la reparaci\u00f3n de estos, que muchas veces es sencillamente imposible.&nbsp;<\/p>\n\n\n\n<p>El desarrollo sustentable es un esfuerzo com\u00fan, interdisciplinario y diverso para proteger al planeta y a su biodiversidad, as\u00ed como a sus comunidades,\u202fmejorando el nivel de vida de las personas, pero sin comprometer el bienestar ni las necesidades b\u00e1sicas de las generaciones futuras<strong>.<\/strong>&nbsp;<\/p>\n\n\n\n<p>*Cristi\u00e1n Frers \u2013 T\u00e9cnico Superior en Gesti\u00f3n Ambiental y T\u00e9cnico Superior en Comunicaci\u00f3n Social (Periodista).\u00a0<\/p>\n","protected":false},"excerpt":{"rendered":"<p>Por Cristi\u00e1n Frers* &#8211; Uno de cada cinco ni\u00f1os en el mundo carece de agua suficiente para satisfacer sus necesidades &#8230; <a title=\"Propuesta educativa sobre el agua para implementarlo en todos los nivel educativos\" class=\"read-more\" href=\"https:\/\/www.hoymercedes.com.ar\/principal\/2023\/03\/05\/propuesta-educativa-sobre-el-agua-para-implementarlo-en-todos-los-nivel-educativos\/\" aria-label=\"Leer m\u00e1s sobre Propuesta educativa sobre el agua para implementarlo en todos los nivel educativos\">Leer m\u00e1s<\/a><\/p>\n","protected":false},"author":1,"featured_media":80568,"comment_status":"closed","ping_status":"open","sticky":false,"template":"","format":"standard","meta":{"_monsterinsights_skip_tracking":false,"_monsterinsights_sitenote_active":false,"_monsterinsights_sitenote_note":"","_monsterinsights_sitenote_category":0,"jetpack_post_was_ever_published":false,"_jetpack_newsletter_access":"","_jetpack_dont_email_post_to_subs":false,"_jetpack_newsletter_tier_id":0,"_jetpack_memberships_contains_paywalled_content":false,"_jetpack_memberships_contains_paid_content":false,"footnotes":"","jetpack_publicize_message":"","jetpack_publicize_feature_enabled":true,"jetpack_social_post_already_shared":true,"jetpack_social_options":{"image_generator_settings":{"template":"highway","default_image_id":0,"font":"","enabled":false},"version":2},"_wpas_customize_per_network":false},"categories":[1],"tags":[],"class_list":["post-159041","post","type-post","status-publish","format-standard","has-post-thumbnail","hentry","category-opinion","generate-columns","tablet-grid-50","mobile-grid-100","grid-parent","grid-50"],"jetpack_publicize_connections":[],"jetpack_featured_media_url":"https:\/\/www.hoymercedes.com.ar\/principal\/wp-content\/uploads\/2018\/09\/03-medio-ambiente.jpg","wps_subtitle":"","jetpack_sharing_enabled":true,"_links":{"self":[{"href":"https:\/\/www.hoymercedes.com.ar\/principal\/wp-json\/wp\/v2\/posts\/159041","targetHints":{"allow":["GET"]}}],"collection":[{"href":"https:\/\/www.hoymercedes.com.ar\/principal\/wp-json\/wp\/v2\/posts"}],"about":[{"href":"https:\/\/www.hoymercedes.com.ar\/principal\/wp-json\/wp\/v2\/types\/post"}],"author":[{"embeddable":true,"href":"https:\/\/www.hoymercedes.com.ar\/principal\/wp-json\/wp\/v2\/users\/1"}],"replies":[{"embeddable":true,"href":"https:\/\/www.hoymercedes.com.ar\/principal\/wp-json\/wp\/v2\/comments?post=159041"}],"version-history":[{"count":0,"href":"https:\/\/www.hoymercedes.com.ar\/principal\/wp-json\/wp\/v2\/posts\/159041\/revisions"}],"wp:featuredmedia":[{"embeddable":true,"href":"https:\/\/www.hoymercedes.com.ar\/principal\/wp-json\/wp\/v2\/media\/80568"}],"wp:attachment":[{"href":"https:\/\/www.hoymercedes.com.ar\/principal\/wp-json\/wp\/v2\/media?parent=159041"}],"wp:term":[{"taxonomy":"category","embeddable":true,"href":"https:\/\/www.hoymercedes.com.ar\/principal\/wp-json\/wp\/v2\/categories?post=159041"},{"taxonomy":"post_tag","embeddable":true,"href":"https:\/\/www.hoymercedes.com.ar\/principal\/wp-json\/wp\/v2\/tags?post=159041"}],"curies":[{"name":"wp","href":"https:\/\/api.w.org\/{rel}","templated":true}]}}