{"id":159067,"date":"2023-03-04T20:02:00","date_gmt":"2023-03-04T23:02:00","guid":{"rendered":"https:\/\/www.hoymercedes.com.ar\/principal\/?p=159067"},"modified":"2023-03-05T10:05:42","modified_gmt":"2023-03-05T13:05:42","slug":"cronicas-de-raly-barrionuevo-en-mercedes-o-como-hacer-que-un-teatro-sea-un-cielo-que-dance","status":"publish","type":"post","link":"https:\/\/www.hoymercedes.com.ar\/principal\/2023\/03\/04\/cronicas-de-raly-barrionuevo-en-mercedes-o-como-hacer-que-un-teatro-sea-un-cielo-que-dance\/","title":{"rendered":"Cr\u00f3nicas de Raly Barrionuevo en Mercedes (O como hacer que un teatro sea un cielo que dance)"},"content":{"rendered":"\n<p>Por Oscar Dinova &#8211;  \u201cTodo en el universo tiene ritmo, todo baila\u201d (Maya Angelu, artista africana)<\/p>\n\n\n\n<p>Cuando mi hijo, Francisco, me dijo hace un tiempo que hab\u00eda logrado acordar la presencia de Raly en el Teatro Argentino Julio C\u00e9sar Gioscio, tuve, no s\u00f3lo la alegr\u00eda de la noticia, sino la convicci\u00f3n que disfrutar\u00edamos de uno de los grandes m\u00fasicos argentinos de los \u00faltimos a\u00f1os.<\/p>\n\n\n\n<figure class=\"wp-block-image size-large\"><img loading=\"lazy\" decoding=\"async\" width=\"1024\" height=\"685\" data-attachment-id=\"159068\" data-permalink=\"https:\/\/www.hoymercedes.com.ar\/principal\/2023\/03\/04\/cronicas-de-raly-barrionuevo-en-mercedes-o-como-hacer-que-un-teatro-sea-un-cielo-que-dance\/image-1-12\/#main\" data-orig-file=\"https:\/\/www.hoymercedes.com.ar\/principal\/wp-content\/uploads\/2023\/03\/image-1.png\" data-orig-size=\"1600,1070\" data-comments-opened=\"0\" data-image-meta=\"{&quot;aperture&quot;:&quot;0&quot;,&quot;credit&quot;:&quot;&quot;,&quot;camera&quot;:&quot;&quot;,&quot;caption&quot;:&quot;&quot;,&quot;created_timestamp&quot;:&quot;0&quot;,&quot;copyright&quot;:&quot;&quot;,&quot;focal_length&quot;:&quot;0&quot;,&quot;iso&quot;:&quot;0&quot;,&quot;shutter_speed&quot;:&quot;0&quot;,&quot;title&quot;:&quot;&quot;,&quot;orientation&quot;:&quot;0&quot;}\" data-image-title=\"image-1\" data-image-description=\"\" data-image-caption=\"\" data-large-file=\"https:\/\/www.hoymercedes.com.ar\/principal\/wp-content\/uploads\/2023\/03\/image-1-1024x685.png\" src=\"https:\/\/www.hoymercedes.com.ar\/principal\/wp-content\/uploads\/2023\/03\/image-1-1024x685.png\" alt=\"\" class=\"wp-image-159068\" srcset=\"https:\/\/www.hoymercedes.com.ar\/principal\/wp-content\/uploads\/2023\/03\/image-1-1024x685.png 1024w, https:\/\/www.hoymercedes.com.ar\/principal\/wp-content\/uploads\/2023\/03\/image-1-630x421.png 630w, https:\/\/www.hoymercedes.com.ar\/principal\/wp-content\/uploads\/2023\/03\/image-1-150x100.png 150w, https:\/\/www.hoymercedes.com.ar\/principal\/wp-content\/uploads\/2023\/03\/image-1-1536x1027.png 1536w, https:\/\/www.hoymercedes.com.ar\/principal\/wp-content\/uploads\/2023\/03\/image-1.png 1600w\" sizes=\"auto, (max-width: 1024px) 100vw, 1024px\" \/><\/figure>\n\n\n\n<p>El <a><\/a>pasado viernes 3, a las 21.30 hs fue la cita. El espect\u00e1culo ofrecido y construido junto al p\u00fablico desbord\u00f3 toda expectativa imaginada. Dos horas de intensa comuni\u00f3n entre un artista popular de jerarqu\u00eda internacional y un nutrid\u00edsimo auditorio de mercedinos y visitantes que no ces\u00f3 de participar en todas las instancias promovidas por este gran cantautor, que acrecienta lo mejor de la m\u00fasica argentina.<\/p>\n\n\n\n<p>Con la m\u00e1gica compa\u00f1\u00eda de an\u00e9cdotas que nos tra\u00edan su infancia en Santiago, la figura entra\u00f1able de su madre, el patio sencillo de una casa de pueblo, sus primeros amores, las canciones se fueron desgranando una a una con el arrullo c\u00f3mplice de los presentes.<\/p>\n\n\n\n<p>Pudimos saber de instrumentos, sus or\u00edgenes y formas de tocarse, la amistad con otros m\u00fasicos que influyeron en su carrera, y la maestr\u00eda interpretativa en piano, guitarras, charango y bombo. Un placer.<\/p>\n\n\n\n<p>Pero faltaba m\u00e1s a\u00fan; con la llegada de las chacareras se hizo m\u00e1s cierto que nunca los dichos de Maya Angelu;\u2026 \u201dtodo el universo tiene ritmo\u201d.<\/p>\n\n\n\n<p>De pronto, el teatro en su plenitud pareci\u00f3 cobrar vida y como por arte de magia los sentados escuchas se convirtieron en docenas de parejas de baile que cubr\u00edan todos los espacios. Con sus brazos y manos flotando en el aire parec\u00edan llevar la sala a un lugar impensado, un cielo terrenal donde poder refugiarnos de todo dolor, de toda acechanza. Ahora entend\u00edamos el pensamiento de J.P. Richter\u2026 \u201cLa m\u00fasica es la poes\u00eda del aire\u201d.<\/p>\n\n\n\n<p>En lo personal, fue, para m\u00ed, una noche significativa; como suelo hacer cada vez que nos visitan artistas de esta talla, puse en manos del int\u00e9rprete un ejemplar de mi Cr\u00f3nicas de Gardel en Mercedes, que Raly acept\u00f3 con gran ternura y simpat\u00eda. Hoje\u00f3 sus p\u00e1ginas y mostr\u00e1ndolo respetuosa y agradecidamente a todos, se prepar\u00f3 para regalarnos dos tangazos fuera de programa; Soledad y Volver, los dos del Zorzal Criollo. \u00bfQu\u00e9 m\u00e1s pod\u00edamos pedir?<\/p>\n\n\n\n<p>Se fue terminando la velada, con sus \u00faltimas canciones, los bises y el agradecimiento final de un m\u00fasico completo, sencillo y profundo a la vez, coherente a trav\u00e9s de toda su carrera entre sus decires y su arte. Son los que cimentan nuestra identidad, los que engalanan los tiempos de logros y aten\u00faan los de fracasos, llam\u00e1ndonos siempre a seguir perseverando, a no olvidar nuestros or\u00edgenes.<\/p>\n\n\n\n<p>Salimos de la sala con el alma llena y la alegr\u00eda en los rostros. Hab\u00eda m\u00fasica en el aire, una pizca de lamento por el tiempo que vol\u00f3 y la esperanza de que este nivel de espect\u00e1culos se vuelva a repetir muy pronto.<\/p>\n\n\n\n<p>\u00a1Gracias Raly por tu arte! \u00a1Ya te estamos extra\u00f1ando!<\/p>\n\n\n\n<p>Oscar Dinova, textos.<br>Diana Manos, fotograf\u00edas.<\/p>\n\n\n\n<figure class=\"wp-block-image size-large\"><img loading=\"lazy\" decoding=\"async\" width=\"1024\" height=\"685\" data-attachment-id=\"159069\" data-permalink=\"https:\/\/www.hoymercedes.com.ar\/principal\/2023\/03\/04\/cronicas-de-raly-barrionuevo-en-mercedes-o-como-hacer-que-un-teatro-sea-un-cielo-que-dance\/image-2-8\/#main\" data-orig-file=\"https:\/\/www.hoymercedes.com.ar\/principal\/wp-content\/uploads\/2023\/03\/image-2.png\" data-orig-size=\"1600,1070\" data-comments-opened=\"0\" data-image-meta=\"{&quot;aperture&quot;:&quot;0&quot;,&quot;credit&quot;:&quot;&quot;,&quot;camera&quot;:&quot;&quot;,&quot;caption&quot;:&quot;&quot;,&quot;created_timestamp&quot;:&quot;0&quot;,&quot;copyright&quot;:&quot;&quot;,&quot;focal_length&quot;:&quot;0&quot;,&quot;iso&quot;:&quot;0&quot;,&quot;shutter_speed&quot;:&quot;0&quot;,&quot;title&quot;:&quot;&quot;,&quot;orientation&quot;:&quot;0&quot;}\" data-image-title=\"image-2\" data-image-description=\"\" data-image-caption=\"\" data-large-file=\"https:\/\/www.hoymercedes.com.ar\/principal\/wp-content\/uploads\/2023\/03\/image-2-1024x685.png\" src=\"https:\/\/www.hoymercedes.com.ar\/principal\/wp-content\/uploads\/2023\/03\/image-2-1024x685.png\" alt=\"\" class=\"wp-image-159069\" srcset=\"https:\/\/www.hoymercedes.com.ar\/principal\/wp-content\/uploads\/2023\/03\/image-2-1024x685.png 1024w, https:\/\/www.hoymercedes.com.ar\/principal\/wp-content\/uploads\/2023\/03\/image-2-630x421.png 630w, https:\/\/www.hoymercedes.com.ar\/principal\/wp-content\/uploads\/2023\/03\/image-2-150x100.png 150w, https:\/\/www.hoymercedes.com.ar\/principal\/wp-content\/uploads\/2023\/03\/image-2-1536x1027.png 1536w, https:\/\/www.hoymercedes.com.ar\/principal\/wp-content\/uploads\/2023\/03\/image-2.png 1600w\" sizes=\"auto, (max-width: 1024px) 100vw, 1024px\" \/><\/figure>\n","protected":false},"excerpt":{"rendered":"<p>Por Oscar Dinova &#8211; \u201cTodo en el universo tiene ritmo, todo baila\u201d (Maya Angelu, artista africana) Cuando mi hijo, Francisco, &#8230; <a title=\"Cr\u00f3nicas de Raly Barrionuevo en Mercedes (O como hacer que un teatro sea un cielo que dance)\" class=\"read-more\" href=\"https:\/\/www.hoymercedes.com.ar\/principal\/2023\/03\/04\/cronicas-de-raly-barrionuevo-en-mercedes-o-como-hacer-que-un-teatro-sea-un-cielo-que-dance\/\" aria-label=\"Leer m\u00e1s sobre Cr\u00f3nicas de Raly Barrionuevo en Mercedes (O como hacer que un teatro sea un cielo que dance)\">Leer m\u00e1s<\/a><\/p>\n","protected":false},"author":1,"featured_media":159069,"comment_status":"closed","ping_status":"open","sticky":false,"template":"","format":"standard","meta":{"_monsterinsights_skip_tracking":false,"_monsterinsights_sitenote_active":false,"_monsterinsights_sitenote_note":"","_monsterinsights_sitenote_category":0,"jetpack_post_was_ever_published":false,"_jetpack_newsletter_access":"","_jetpack_dont_email_post_to_subs":false,"_jetpack_newsletter_tier_id":0,"_jetpack_memberships_contains_paywalled_content":false,"_jetpack_memberships_contains_paid_content":false,"footnotes":"","jetpack_publicize_message":"","jetpack_publicize_feature_enabled":true,"jetpack_social_post_already_shared":true,"jetpack_social_options":{"image_generator_settings":{"template":"highway","default_image_id":0,"font":"","enabled":false},"version":2},"_wpas_customize_per_network":false},"categories":[104],"tags":[7805],"class_list":["post-159067","post","type-post","status-publish","format-standard","has-post-thumbnail","hentry","category-cultura","tag-cultura","generate-columns","tablet-grid-50","mobile-grid-100","grid-parent","grid-50"],"jetpack_publicize_connections":[],"jetpack_featured_media_url":"https:\/\/www.hoymercedes.com.ar\/principal\/wp-content\/uploads\/2023\/03\/image-2.png","wps_subtitle":"","jetpack_sharing_enabled":true,"_links":{"self":[{"href":"https:\/\/www.hoymercedes.com.ar\/principal\/wp-json\/wp\/v2\/posts\/159067","targetHints":{"allow":["GET"]}}],"collection":[{"href":"https:\/\/www.hoymercedes.com.ar\/principal\/wp-json\/wp\/v2\/posts"}],"about":[{"href":"https:\/\/www.hoymercedes.com.ar\/principal\/wp-json\/wp\/v2\/types\/post"}],"author":[{"embeddable":true,"href":"https:\/\/www.hoymercedes.com.ar\/principal\/wp-json\/wp\/v2\/users\/1"}],"replies":[{"embeddable":true,"href":"https:\/\/www.hoymercedes.com.ar\/principal\/wp-json\/wp\/v2\/comments?post=159067"}],"version-history":[{"count":0,"href":"https:\/\/www.hoymercedes.com.ar\/principal\/wp-json\/wp\/v2\/posts\/159067\/revisions"}],"wp:featuredmedia":[{"embeddable":true,"href":"https:\/\/www.hoymercedes.com.ar\/principal\/wp-json\/wp\/v2\/media\/159069"}],"wp:attachment":[{"href":"https:\/\/www.hoymercedes.com.ar\/principal\/wp-json\/wp\/v2\/media?parent=159067"}],"wp:term":[{"taxonomy":"category","embeddable":true,"href":"https:\/\/www.hoymercedes.com.ar\/principal\/wp-json\/wp\/v2\/categories?post=159067"},{"taxonomy":"post_tag","embeddable":true,"href":"https:\/\/www.hoymercedes.com.ar\/principal\/wp-json\/wp\/v2\/tags?post=159067"}],"curies":[{"name":"wp","href":"https:\/\/api.w.org\/{rel}","templated":true}]}}