{"id":159076,"date":"2023-03-05T16:36:00","date_gmt":"2023-03-05T19:36:00","guid":{"rendered":"https:\/\/www.hoymercedes.com.ar\/principal\/?p=159076"},"modified":"2023-03-05T18:09:02","modified_gmt":"2023-03-05T21:09:02","slug":"ingenieros-recuerdan-la-llegada-del-ferrocarril-oeste-a-158-anos","status":"publish","type":"post","link":"https:\/\/www.hoymercedes.com.ar\/principal\/2023\/03\/05\/ingenieros-recuerdan-la-llegada-del-ferrocarril-oeste-a-158-anos\/","title":{"rendered":"Ingenieros recuerdan la llegada del Ferrocarril Oeste a 158 a\u00f1os"},"content":{"rendered":"\n<p>Desde el Centro de Ingenieros de Mercedes recuerdan los 158 a\u00f1os de la llegada del Ferrocarril Oeste &#8211; hoy conocido como Ferrocarril Sarmiento &#8211; a la ciudad de Mercedes. El tren arrib\u00f3 a la estaci\u00f3n local el 1 de marzo. <\/p>\n\n\n\n<p>\u00abNuestros ferrocarriles de pasajeros y de cargas, aportaron y pueden aportar mucho al desarrollo de una infraestructura imprescindible en orden a mejorar y abaratar sensiblemente la vinculaci\u00f3n f\u00edsica de personas y de econom\u00edas regionales, ampliando y favoreciendo las condiciones para el desarrollo y cohesi\u00f3n de las econom\u00edas locales, facilitando conducentemente el desarrollo humano, el crecimiento econ\u00f3mico, la productividad de la econom\u00eda, la generaci\u00f3n de empleo de y un aprovechamiento equitativo de oportunidades. Todo ello proveer\u00eda al crecimiento arm\u00f3nico de la Naci\u00f3n, a su repoblamiento territorial mediante pol\u00edticas diferenciadas que tiendan\u00a0 a equilibrar el desigual desarrollo relativo de provincias y regiones\u00bb, destacan los Ingenieros.\u00a0<\/p>\n\n\n\n<p>Es as\u00ed que el Centro de Ingenieros reitera su compromiso para \u00abimpulsar todas las acciones que favorezcan la reactivaci\u00f3n de las tres l\u00edneas ferroviarias (Sarmiento, San Mart\u00edn y Belgrano) en nuestro Partido, la creaci\u00f3n de un Nodo Ferro-vial y la preservaci\u00f3n de los terrenos de las tres l\u00edneas ferroviarias, como lo establece la Ordenanza 7716\/15 que fuera votada por unanimidad\u00bb.\u00a0<\/p>\n\n\n\n<p><img decoding=\"async\" alt=\"C:\\Users\\JOSE\\Pictures\\20230303_192103.jpg\" src=\"blob:https:\/\/www.hoymercedes.com.ar\/d8160827-40cc-49d7-9bc1-4c10835cc081\"><\/p>\n","protected":false},"excerpt":{"rendered":"<p>Desde el Centro de Ingenieros de Mercedes recuerdan los 158 a\u00f1os de la llegada del Ferrocarril Oeste &#8211; hoy conocido &#8230; <a title=\"Ingenieros recuerdan la llegada del Ferrocarril Oeste a 158 a\u00f1os\" class=\"read-more\" href=\"https:\/\/www.hoymercedes.com.ar\/principal\/2023\/03\/05\/ingenieros-recuerdan-la-llegada-del-ferrocarril-oeste-a-158-anos\/\" aria-label=\"Leer m\u00e1s sobre Ingenieros recuerdan la llegada del Ferrocarril Oeste a 158 a\u00f1os\">Leer m\u00e1s<\/a><\/p>\n","protected":false},"author":1,"featured_media":41790,"comment_status":"closed","ping_status":"open","sticky":false,"template":"","format":"standard","meta":{"_monsterinsights_skip_tracking":false,"_monsterinsights_sitenote_active":false,"_monsterinsights_sitenote_note":"","_monsterinsights_sitenote_category":0,"jetpack_post_was_ever_published":false,"_jetpack_newsletter_access":"","_jetpack_dont_email_post_to_subs":false,"_jetpack_newsletter_tier_id":0,"_jetpack_memberships_contains_paywalled_content":false,"_jetpack_memberships_contains_paid_content":false,"footnotes":"","jetpack_publicize_message":"","jetpack_publicize_feature_enabled":true,"jetpack_social_post_already_shared":true,"jetpack_social_options":{"image_generator_settings":{"template":"highway","default_image_id":0,"font":"","enabled":false},"version":2},"_wpas_customize_per_network":false},"categories":[8],"tags":[],"class_list":["post-159076","post","type-post","status-publish","format-standard","has-post-thumbnail","hentry","category-sociedad","generate-columns","tablet-grid-50","mobile-grid-100","grid-parent","grid-50"],"jetpack_publicize_connections":[],"jetpack_featured_media_url":"https:\/\/www.hoymercedes.com.ar\/principal\/wp-content\/uploads\/2015\/05\/mercedes-estacion.jpg","wps_subtitle":"","jetpack_sharing_enabled":true,"_links":{"self":[{"href":"https:\/\/www.hoymercedes.com.ar\/principal\/wp-json\/wp\/v2\/posts\/159076","targetHints":{"allow":["GET"]}}],"collection":[{"href":"https:\/\/www.hoymercedes.com.ar\/principal\/wp-json\/wp\/v2\/posts"}],"about":[{"href":"https:\/\/www.hoymercedes.com.ar\/principal\/wp-json\/wp\/v2\/types\/post"}],"author":[{"embeddable":true,"href":"https:\/\/www.hoymercedes.com.ar\/principal\/wp-json\/wp\/v2\/users\/1"}],"replies":[{"embeddable":true,"href":"https:\/\/www.hoymercedes.com.ar\/principal\/wp-json\/wp\/v2\/comments?post=159076"}],"version-history":[{"count":0,"href":"https:\/\/www.hoymercedes.com.ar\/principal\/wp-json\/wp\/v2\/posts\/159076\/revisions"}],"wp:featuredmedia":[{"embeddable":true,"href":"https:\/\/www.hoymercedes.com.ar\/principal\/wp-json\/wp\/v2\/media\/41790"}],"wp:attachment":[{"href":"https:\/\/www.hoymercedes.com.ar\/principal\/wp-json\/wp\/v2\/media?parent=159076"}],"wp:term":[{"taxonomy":"category","embeddable":true,"href":"https:\/\/www.hoymercedes.com.ar\/principal\/wp-json\/wp\/v2\/categories?post=159076"},{"taxonomy":"post_tag","embeddable":true,"href":"https:\/\/www.hoymercedes.com.ar\/principal\/wp-json\/wp\/v2\/tags?post=159076"}],"curies":[{"name":"wp","href":"https:\/\/api.w.org\/{rel}","templated":true}]}}