{"id":159143,"date":"2023-03-06T18:00:00","date_gmt":"2023-03-06T21:00:00","guid":{"rendered":"https:\/\/www.hoymercedes.com.ar\/principal\/?p=159143"},"modified":"2023-03-06T16:03:45","modified_gmt":"2023-03-06T19:03:45","slug":"8m-actividades-en-el-marco-del-dia-de-la-mujer-trabajadora","status":"publish","type":"post","link":"https:\/\/www.hoymercedes.com.ar\/principal\/2023\/03\/06\/8m-actividades-en-el-marco-del-dia-de-la-mujer-trabajadora\/","title":{"rendered":"8M: actividades en el marco del D\u00eda de la Mujer Trabajadora"},"content":{"rendered":"\n<p><strong><em>El pr\u00f3ximo mi\u00e9rcoles se llevar\u00e1n a cabo diversas actividades en el marco del D\u00eda Internacional de la Mujer Trabajadora. Comenzar\u00e1 con un reconocimiento a mujeres trabajadoras de la ciudad y culminar\u00e1 con la tradicional marcha por las calles por la igualdad de derechos.\u00a0<\/em><\/strong><\/p>\n\n\n<div class=\"wp-block-image\">\n<figure class=\"aligncenter size-full\"><img loading=\"lazy\" decoding=\"async\" width=\"800\" height=\"532\" data-attachment-id=\"159115\" data-permalink=\"https:\/\/www.hoymercedes.com.ar\/principal\/2023\/03\/06\/roban-placas-en-la-plaza-de-los-heroes-de-malvinas\/asamblea-mujeres-8m\/#main\" data-orig-file=\"https:\/\/www.hoymercedes.com.ar\/principal\/wp-content\/uploads\/2023\/03\/asamblea-mujeres-8m.jpeg\" data-orig-size=\"800,532\" data-comments-opened=\"0\" data-image-meta=\"{&quot;aperture&quot;:&quot;0&quot;,&quot;credit&quot;:&quot;&quot;,&quot;camera&quot;:&quot;&quot;,&quot;caption&quot;:&quot;&quot;,&quot;created_timestamp&quot;:&quot;0&quot;,&quot;copyright&quot;:&quot;&quot;,&quot;focal_length&quot;:&quot;0&quot;,&quot;iso&quot;:&quot;0&quot;,&quot;shutter_speed&quot;:&quot;0&quot;,&quot;title&quot;:&quot;&quot;,&quot;orientation&quot;:&quot;0&quot;}\" data-image-title=\"asamblea mujeres 8m\" data-image-description=\"\" data-image-caption=\"\" data-large-file=\"https:\/\/www.hoymercedes.com.ar\/principal\/wp-content\/uploads\/2023\/03\/asamblea-mujeres-8m.jpeg\" src=\"https:\/\/www.hoymercedes.com.ar\/principal\/wp-content\/uploads\/2023\/03\/asamblea-mujeres-8m.jpeg\" alt=\"\" class=\"wp-image-159115\" srcset=\"https:\/\/www.hoymercedes.com.ar\/principal\/wp-content\/uploads\/2023\/03\/asamblea-mujeres-8m.jpeg 800w, https:\/\/www.hoymercedes.com.ar\/principal\/wp-content\/uploads\/2023\/03\/asamblea-mujeres-8m-630x419.jpeg 630w, https:\/\/www.hoymercedes.com.ar\/principal\/wp-content\/uploads\/2023\/03\/asamblea-mujeres-8m-150x100.jpeg 150w, https:\/\/www.hoymercedes.com.ar\/principal\/wp-content\/uploads\/2023\/03\/asamblea-mujeres-8m-700x465.jpeg 700w\" sizes=\"auto, (max-width: 800px) 100vw, 800px\" \/><\/figure>\n<\/div>\n\n\n<p>Como cada 8 de marzo, el pa\u00eds se congrega en diversas actividades, marchas&nbsp; y manifestaciones en el marco del D\u00eda Internacional de la Mujer Trabajadora.&nbsp;<\/p>\n\n\n\n<p>De un tiempo a esta parte, Mercedes ha mostrado una fuerte iniciativa al respecto de la tem\u00e1tica con la participaci\u00f3n de diversas instituciones que llevan adelante sus propuestas a fin de visibilizar su lucha.&nbsp;<\/p>\n\n\n\n<p>Es por eso que, para el 2023, se prev\u00e9n varias actividades que tendr\u00e1n como punto de encuentro la plaza san Mart\u00edn y alrededores desde tempranas horas del mi\u00e9rcoles.&nbsp;<\/p>\n\n\n\n<p>Desde la coordinaci\u00f3n de g\u00e9nero de la municipalidad de Mercedes a cargo de Guadalupe Gonz\u00e1lez se llevar\u00e1 a cabo la segunda edici\u00f3n de la propuesta \u201cMujeres Trabajadoras Somos Todas\u00bb la cual comenzar\u00e1 a las 10.30 en el Teatro Argentino con un reconocimiento a mujeres trabajadoras de la ciudad.&nbsp;<\/p>\n\n\n\n<p>Luego, cerca de las 11 ser\u00e1 el tiempo de una propuesta cultural con el Canto colectivo con artistas invitadas, la cual se extender\u00e1 hasta las 18 horas con propuestas como la biblioteca feminista, mural en vivo, m\u00fasica en vivo, pegatina y confecci\u00f3n de afiches, proyecci\u00f3n de muestra fotogr\u00e1fica, microespacio audiovisual, entre otras.&nbsp;<\/p>\n\n\n\n<p>Desde la coordinaci\u00f3n de g\u00e9nero, encargada de la organizaci\u00f3n del evento destacan que la misma \u201cno ser\u00eda posible sin la participaci\u00f3n de todas las artistas que nos acompa\u00f1ar\u00e1n\u201d. Ellas son: Lore Mayol, Marilina Erramuspe, Maga Arce, Clarisa Garc\u00eda, Carolina Garc\u00eda, Mel Garabello, Jula Pietrzykowski, Natalia Giumelli y Karina Vola.\u00a0<\/p>\n\n\n<div class=\"wp-block-image\">\n<figure class=\"aligncenter size-full\"><img loading=\"lazy\" decoding=\"async\" width=\"800\" height=\"800\" data-attachment-id=\"159132\" data-permalink=\"https:\/\/www.hoymercedes.com.ar\/principal\/2023\/03\/06\/roban-placas-en-la-plaza-de-los-heroes-de-malvinas\/8m-asamblea\/#main\" data-orig-file=\"https:\/\/www.hoymercedes.com.ar\/principal\/wp-content\/uploads\/2023\/03\/8M-asamblea.jpeg\" data-orig-size=\"800,800\" data-comments-opened=\"0\" data-image-meta=\"{&quot;aperture&quot;:&quot;0&quot;,&quot;credit&quot;:&quot;&quot;,&quot;camera&quot;:&quot;&quot;,&quot;caption&quot;:&quot;&quot;,&quot;created_timestamp&quot;:&quot;0&quot;,&quot;copyright&quot;:&quot;&quot;,&quot;focal_length&quot;:&quot;0&quot;,&quot;iso&quot;:&quot;0&quot;,&quot;shutter_speed&quot;:&quot;0&quot;,&quot;title&quot;:&quot;&quot;,&quot;orientation&quot;:&quot;0&quot;}\" data-image-title=\"8M asamblea\" data-image-description=\"\" data-image-caption=\"\" data-large-file=\"https:\/\/www.hoymercedes.com.ar\/principal\/wp-content\/uploads\/2023\/03\/8M-asamblea.jpeg\" src=\"https:\/\/www.hoymercedes.com.ar\/principal\/wp-content\/uploads\/2023\/03\/8M-asamblea.jpeg\" alt=\"\" class=\"wp-image-159132\" srcset=\"https:\/\/www.hoymercedes.com.ar\/principal\/wp-content\/uploads\/2023\/03\/8M-asamblea.jpeg 800w, https:\/\/www.hoymercedes.com.ar\/principal\/wp-content\/uploads\/2023\/03\/8M-asamblea-620x620.jpeg 620w, https:\/\/www.hoymercedes.com.ar\/principal\/wp-content\/uploads\/2023\/03\/8M-asamblea-150x150.jpeg 150w\" sizes=\"auto, (max-width: 800px) 100vw, 800px\" \/><\/figure>\n<\/div>\n\n\n<p><strong>\u201cNosotras Paramos el Mundo\u201d<\/strong>&nbsp;&nbsp;&nbsp;<\/p>\n\n\n\n<p>Por su parte, la Asamblea de Mujeres Mercedinas diversa y feminista (AMM), tambi\u00e9n se suma a esta jornada de lucha y reivindicaci\u00f3n realizando una nueva convocatoria al Paro Internacional de Mujeres, la cual vienen sosteniendo desde el a\u00f1o 2017, a nivel nacional, y desde el 2018 a nivel local.&nbsp;<\/p>\n\n\n\n<p>\u201cHacemos un llamamiento a todas las organizaciones sociales, partidos pol\u00edticos, sindicatos, instituciones, a todas las mujeres, una vez m\u00e1s, Parar la explotaci\u00f3n de nuestros cuerpos y territorios\u201d manifiestan desde la AMM.&nbsp;&nbsp;<\/p>\n\n\n\n<p>Como parte de los reeclamos que buscan visibilizar a trav\u00e9s del paro destacan los siguientes puntos:\u00a0<br>\u2022 Paramos para transformar la justicia patriarcal, clasista, racista, corporativa y antidemocr\u00e1tica. Por los casos de criminalizaci\u00f3n de la pobreza (porque ser mujer y ser pobre no es un delito).\u202f\u00a0<br>\u2022 Paramos contra la deuda ilegitima, el ajuste que se lleva adelante,\u00a0 por reconocimiento de todos los trabajos y por salarios dignos.\u00a0<br>\u2022 Paramos para construir v\u00ednculos que rompan el pacto machista que nos condena a la muerte dentro y fuera de nuestras casas.\u00a0<br>\u2022 Paramos para reclamar el reconocimiento (o paramos en defensa) de los derechos de los pueblos originarios de nuestra Puna a un ambiente sano en contra de la miner\u00eda de litio extractiva y no responsable.\u00a0<br>\u2022 Paramos por la escalada de la derecha y el discurso fascista.\u202f\u00a0<br>\u2022 Paramos por el cumplimiento del Cupo laboral trans en Mercedes. \u00a1Justicia por Sof\u00eda Santill\u00e1n!\u00a0<\/p>\n\n\n\n<p>El acto est\u00e1 convocado pata las 18:30 hs en la Plaza San Martin donde habr\u00e1 lecturas de documentos y adhesiones culminando cerca de las 20 hs con la marcha por las calles mercedina \u201cpara cambiarlo todo\u201d.&nbsp;&nbsp;<\/p>\n\n\n\n<p>Adem\u00e1s, la AMM contar\u00e1 con la participaci\u00f3n de diferentes artistas como, Mili Vallejos, Amarilis D\u00edaz, y al final de la marcha el cierre estar\u00e1 a cargo de Se\u00f1orita Miel.\u00a0<\/p>\n\n\n\n<p>Colaboraci\u00f3n Mariano Oyarz\u00fa<\/p>\n","protected":false},"excerpt":{"rendered":"<p>El pr\u00f3ximo mi\u00e9rcoles se llevar\u00e1n a cabo diversas actividades en el marco del D\u00eda Internacional de la Mujer Trabajadora. Comenzar\u00e1 &#8230; <a title=\"8M: actividades en el marco del D\u00eda de la Mujer Trabajadora\" class=\"read-more\" href=\"https:\/\/www.hoymercedes.com.ar\/principal\/2023\/03\/06\/8m-actividades-en-el-marco-del-dia-de-la-mujer-trabajadora\/\" aria-label=\"Leer m\u00e1s sobre 8M: actividades en el marco del D\u00eda de la Mujer Trabajadora\">Leer m\u00e1s<\/a><\/p>\n","protected":false},"author":1,"featured_media":159115,"comment_status":"closed","ping_status":"open","sticky":false,"template":"","format":"standard","meta":{"_monsterinsights_skip_tracking":false,"_monsterinsights_sitenote_active":false,"_monsterinsights_sitenote_note":"","_monsterinsights_sitenote_category":0,"jetpack_post_was_ever_published":false,"_jetpack_newsletter_access":"","_jetpack_dont_email_post_to_subs":false,"_jetpack_newsletter_tier_id":0,"_jetpack_memberships_contains_paywalled_content":false,"_jetpack_memberships_contains_paid_content":false,"footnotes":"","jetpack_publicize_message":"","jetpack_publicize_feature_enabled":true,"jetpack_social_post_already_shared":true,"jetpack_social_options":{"image_generator_settings":{"template":"highway","default_image_id":0,"font":"","enabled":false},"version":2},"_wpas_customize_per_network":false},"categories":[8],"tags":[],"class_list":["post-159143","post","type-post","status-publish","format-standard","has-post-thumbnail","hentry","category-sociedad","generate-columns","tablet-grid-50","mobile-grid-100","grid-parent","grid-50"],"jetpack_publicize_connections":[],"jetpack_featured_media_url":"https:\/\/www.hoymercedes.com.ar\/principal\/wp-content\/uploads\/2023\/03\/asamblea-mujeres-8m.jpeg","wps_subtitle":"D\u00eda Internacional de la Mujer Trabajadora ","jetpack_sharing_enabled":true,"_links":{"self":[{"href":"https:\/\/www.hoymercedes.com.ar\/principal\/wp-json\/wp\/v2\/posts\/159143","targetHints":{"allow":["GET"]}}],"collection":[{"href":"https:\/\/www.hoymercedes.com.ar\/principal\/wp-json\/wp\/v2\/posts"}],"about":[{"href":"https:\/\/www.hoymercedes.com.ar\/principal\/wp-json\/wp\/v2\/types\/post"}],"author":[{"embeddable":true,"href":"https:\/\/www.hoymercedes.com.ar\/principal\/wp-json\/wp\/v2\/users\/1"}],"replies":[{"embeddable":true,"href":"https:\/\/www.hoymercedes.com.ar\/principal\/wp-json\/wp\/v2\/comments?post=159143"}],"version-history":[{"count":0,"href":"https:\/\/www.hoymercedes.com.ar\/principal\/wp-json\/wp\/v2\/posts\/159143\/revisions"}],"wp:featuredmedia":[{"embeddable":true,"href":"https:\/\/www.hoymercedes.com.ar\/principal\/wp-json\/wp\/v2\/media\/159115"}],"wp:attachment":[{"href":"https:\/\/www.hoymercedes.com.ar\/principal\/wp-json\/wp\/v2\/media?parent=159143"}],"wp:term":[{"taxonomy":"category","embeddable":true,"href":"https:\/\/www.hoymercedes.com.ar\/principal\/wp-json\/wp\/v2\/categories?post=159143"},{"taxonomy":"post_tag","embeddable":true,"href":"https:\/\/www.hoymercedes.com.ar\/principal\/wp-json\/wp\/v2\/tags?post=159143"}],"curies":[{"name":"wp","href":"https:\/\/api.w.org\/{rel}","templated":true}]}}