{"id":159247,"date":"2023-03-08T12:01:00","date_gmt":"2023-03-08T15:01:00","guid":{"rendered":"https:\/\/www.hoymercedes.com.ar\/principal\/?p=159247"},"modified":"2023-03-08T17:09:25","modified_gmt":"2023-03-08T20:09:25","slug":"mientras-tanto-poema-de-horacio-vero","status":"publish","type":"post","link":"https:\/\/www.hoymercedes.com.ar\/principal\/2023\/03\/08\/mientras-tanto-poema-de-horacio-vero\/","title":{"rendered":"\u00abMientras Tanto\u00bb poema de Horacio Vero"},"content":{"rendered":"\n<p>Desde el Colegio de Abogados del Departamento Judicial Mercedes saludan a las matriculadas en el D\u00eda de la Mujer Trabajadora con un poema escrito por el abogado y quien fuera titular de la instituci\u00f3n Horacio Vero. <\/p>\n\n\n<div class=\"wp-block-image\">\n<figure class=\"alignright is-resized\"><img loading=\"lazy\" decoding=\"async\" src=\"https:\/\/scontent.faep10-1.fna.fbcdn.net\/v\/t39.30808-6\/333985774_1609421056150894_8917667018763109290_n.png?stp=dst-png_p526x296&amp;_nc_cat=108&amp;ccb=1-7&amp;_nc_sid=730e14&amp;_nc_ohc=dr5TVKNs4L4AX_BwjLY&amp;_nc_ht=scontent.faep10-1.fna&amp;oh=00_AfB61fREACbSD4inF3lY5_dJWSbYOriIL9r7ZSQsdU3y4A&amp;oe=640D09E6\" alt=\"Puede ser una imagen de 1 persona y texto que dice &quot;Ok \u65e9 8M D\u00cdA INTERNACIONAL DE LA MUJER \u00a1DESDE EL CADJME SALUDAMOS AFECTUOSAMENTE A NUESTRAS MATRICULADAS EN SU D\u00cdA! Compartimos acompa\u00f1amos la lucha por m\u00e1s igualdad m\u00e1s reconocimiento de derechos y, fundamentalmente, en el ejercicio profesional. COLEGIO ABOGADOSG&quot;\" width=\"641\" height=\"641\"\/><\/figure>\n<\/div>\n\n\n<p>\u00ab\ud835\udd44\ud835\udd40\ud835\udd3c\u2115\ud835\udd4b\u211d\ud835\udd38\ud835\udd4a \ud835\udd4b\ud835\udd38\u2115\ud835\udd4b\ud835\udd46\u00bb<br>Se levant\u00f3 bien temprano,<br>algo as\u00ed como a las cinco.<br>Prepar\u00f3 todas sus cosas.<br>Las carpetas. Los escritos.<br>Dej\u00f3 listo el desayuno<br>para su esposo y su hijo.<br>En la heladera un cartel<br>con un mensaje cortito:<br>\u00b4Hoy tengo audiencia. Los amo.<br>Me voy o no llego al micro\u00b4.-<br>Es esposa. Y es mam\u00e1.<br>Y abogada del pasillo.<br>Camino a los Tribunales<br>sigue pensando en su ni\u00f1o.<br>En esa maldita tos,<br>en la gripe y el resfr\u00edo.<br>En el beso que dej\u00f3<br>en ese cuerpo dormido.<br>En la mesa de las doce<br>donde habr\u00e1 un lugar vac\u00edo.<br>Mientras tanto el coraz\u00f3n<br>acelera sus latidos.<br>Mientras tanto el coraz\u00f3n<br>se desangra dividido.<br>Ma\u00f1ana, seguramente,<br>pasar\u00e1 casi lo mismo.<br>Habr\u00e1 audiencias y papeles,<br>absolventes y testigos,<br>y quedar\u00e1 en un Juzgado<br>el beso para su ni\u00f1o.<br>\u00a1Bendita seas, Mujer,<br>por tu lucha y tu destino!<br>Es esposa. Y es mam\u00e1.<br>Y abogada del pasillo.<br><br>Horacio A. Vero, en \u00abPoemas a Despacho\u00bb<\/p>\n","protected":false},"excerpt":{"rendered":"<p>Desde el Colegio de Abogados del Departamento Judicial Mercedes saludan a las matriculadas en el D\u00eda de la Mujer Trabajadora &#8230; <a title=\"\u00abMientras Tanto\u00bb poema de Horacio Vero\" class=\"read-more\" href=\"https:\/\/www.hoymercedes.com.ar\/principal\/2023\/03\/08\/mientras-tanto-poema-de-horacio-vero\/\" aria-label=\"Leer m\u00e1s sobre \u00abMientras Tanto\u00bb poema de Horacio Vero\">Leer m\u00e1s<\/a><\/p>\n","protected":false},"author":1,"featured_media":159248,"comment_status":"closed","ping_status":"open","sticky":false,"template":"","format":"standard","meta":{"_monsterinsights_skip_tracking":false,"_monsterinsights_sitenote_active":false,"_monsterinsights_sitenote_note":"","_monsterinsights_sitenote_category":0,"jetpack_post_was_ever_published":false,"_jetpack_newsletter_access":"","_jetpack_dont_email_post_to_subs":false,"_jetpack_newsletter_tier_id":0,"_jetpack_memberships_contains_paywalled_content":false,"_jetpack_memberships_contains_paid_content":false,"footnotes":"","jetpack_publicize_message":"","jetpack_publicize_feature_enabled":true,"jetpack_social_post_already_shared":true,"jetpack_social_options":{"image_generator_settings":{"template":"highway","default_image_id":0,"font":"","enabled":false},"version":2},"_wpas_customize_per_network":false},"categories":[8],"tags":[],"class_list":["post-159247","post","type-post","status-publish","format-standard","has-post-thumbnail","hentry","category-sociedad","generate-columns","tablet-grid-50","mobile-grid-100","grid-parent","grid-50"],"jetpack_publicize_connections":[],"jetpack_featured_media_url":"https:\/\/www.hoymercedes.com.ar\/principal\/wp-content\/uploads\/2023\/03\/poema-H.-Vero-Abogadas.png","wps_subtitle":"","jetpack_sharing_enabled":true,"_links":{"self":[{"href":"https:\/\/www.hoymercedes.com.ar\/principal\/wp-json\/wp\/v2\/posts\/159247","targetHints":{"allow":["GET"]}}],"collection":[{"href":"https:\/\/www.hoymercedes.com.ar\/principal\/wp-json\/wp\/v2\/posts"}],"about":[{"href":"https:\/\/www.hoymercedes.com.ar\/principal\/wp-json\/wp\/v2\/types\/post"}],"author":[{"embeddable":true,"href":"https:\/\/www.hoymercedes.com.ar\/principal\/wp-json\/wp\/v2\/users\/1"}],"replies":[{"embeddable":true,"href":"https:\/\/www.hoymercedes.com.ar\/principal\/wp-json\/wp\/v2\/comments?post=159247"}],"version-history":[{"count":0,"href":"https:\/\/www.hoymercedes.com.ar\/principal\/wp-json\/wp\/v2\/posts\/159247\/revisions"}],"wp:featuredmedia":[{"embeddable":true,"href":"https:\/\/www.hoymercedes.com.ar\/principal\/wp-json\/wp\/v2\/media\/159248"}],"wp:attachment":[{"href":"https:\/\/www.hoymercedes.com.ar\/principal\/wp-json\/wp\/v2\/media?parent=159247"}],"wp:term":[{"taxonomy":"category","embeddable":true,"href":"https:\/\/www.hoymercedes.com.ar\/principal\/wp-json\/wp\/v2\/categories?post=159247"},{"taxonomy":"post_tag","embeddable":true,"href":"https:\/\/www.hoymercedes.com.ar\/principal\/wp-json\/wp\/v2\/tags?post=159247"}],"curies":[{"name":"wp","href":"https:\/\/api.w.org\/{rel}","templated":true}]}}