{"id":159266,"date":"2023-03-08T23:37:32","date_gmt":"2023-03-09T02:37:32","guid":{"rendered":"https:\/\/www.hoymercedes.com.ar\/principal\/?p=159266"},"modified":"2023-03-08T23:37:35","modified_gmt":"2023-03-09T02:37:35","slug":"este-jueves-el-mercado-en-tu-barrio-estara-en-el-obrero","status":"publish","type":"post","link":"https:\/\/www.hoymercedes.com.ar\/principal\/2023\/03\/08\/este-jueves-el-mercado-en-tu-barrio-estara-en-el-obrero\/","title":{"rendered":"Este jueves: El Mercado en Tu Barrio estar\u00e1 en el Obrero"},"content":{"rendered":"\n<p>Entre las 10 y las 14 horas, en la Sociedad de Fomento del Barrio Obrero (16 y 101 bis) estar\u00e1 Mercado en tu Barrio. Con venta de carne, pescado, l\u00e1cteos, pastas, verduras agroecol\u00f3gicas, huevos y productos de almac\u00e9n, habr\u00e1 ofertas y promociones. <\/p>\n\n\n\n<p>Adem\u00e1s, en el lugar, tambi\u00e9n se instalar\u00e1n puestos de oficinas de los distintos estamentos &#8211; naci\u00f3n, provincia y municipio &#8211; para que los vecinos puedan realizar los tr\u00e1mites como DNI, Tarjeta SUBE, bot\u00f3n antip\u00e1nico, entre otros. <\/p>\n\n\n\n<figure class=\"wp-block-gallery has-nested-images columns-default is-cropped wp-block-gallery-1 is-layout-flex wp-block-gallery-is-layout-flex\">\n<figure class=\"wp-block-image size-large\"><img loading=\"lazy\" decoding=\"async\" width=\"444\" height=\"600\" data-attachment-id=\"159267\" data-permalink=\"https:\/\/www.hoymercedes.com.ar\/principal\/2023\/03\/08\/este-jueves-el-mercado-en-tu-barrio-estara-en-el-obrero\/image-7-4\/#main\" data-orig-file=\"https:\/\/www.hoymercedes.com.ar\/principal\/wp-content\/uploads\/2023\/03\/image-7.png\" data-orig-size=\"444,600\" data-comments-opened=\"0\" data-image-meta=\"{&quot;aperture&quot;:&quot;0&quot;,&quot;credit&quot;:&quot;&quot;,&quot;camera&quot;:&quot;&quot;,&quot;caption&quot;:&quot;&quot;,&quot;created_timestamp&quot;:&quot;0&quot;,&quot;copyright&quot;:&quot;&quot;,&quot;focal_length&quot;:&quot;0&quot;,&quot;iso&quot;:&quot;0&quot;,&quot;shutter_speed&quot;:&quot;0&quot;,&quot;title&quot;:&quot;&quot;,&quot;orientation&quot;:&quot;0&quot;}\" data-image-title=\"image-7\" data-image-description=\"\" data-image-caption=\"\" data-large-file=\"https:\/\/www.hoymercedes.com.ar\/principal\/wp-content\/uploads\/2023\/03\/image-7.png\" data-id=\"159267\" src=\"https:\/\/www.hoymercedes.com.ar\/principal\/wp-content\/uploads\/2023\/03\/image-7.png\" alt=\"\" class=\"wp-image-159267\" srcset=\"https:\/\/www.hoymercedes.com.ar\/principal\/wp-content\/uploads\/2023\/03\/image-7.png 444w, https:\/\/www.hoymercedes.com.ar\/principal\/wp-content\/uploads\/2023\/03\/image-7-111x150.png 111w\" sizes=\"auto, (max-width: 444px) 100vw, 444px\" \/><\/figure>\n\n\n\n<figure class=\"wp-block-image size-large\"><img loading=\"lazy\" decoding=\"async\" width=\"758\" height=\"1024\" data-attachment-id=\"159268\" data-permalink=\"https:\/\/www.hoymercedes.com.ar\/principal\/2023\/03\/08\/este-jueves-el-mercado-en-tu-barrio-estara-en-el-obrero\/image-8-4\/#main\" data-orig-file=\"https:\/\/www.hoymercedes.com.ar\/principal\/wp-content\/uploads\/2023\/03\/image-8.png\" data-orig-size=\"948,1280\" data-comments-opened=\"0\" data-image-meta=\"{&quot;aperture&quot;:&quot;0&quot;,&quot;credit&quot;:&quot;&quot;,&quot;camera&quot;:&quot;&quot;,&quot;caption&quot;:&quot;&quot;,&quot;created_timestamp&quot;:&quot;0&quot;,&quot;copyright&quot;:&quot;&quot;,&quot;focal_length&quot;:&quot;0&quot;,&quot;iso&quot;:&quot;0&quot;,&quot;shutter_speed&quot;:&quot;0&quot;,&quot;title&quot;:&quot;&quot;,&quot;orientation&quot;:&quot;0&quot;}\" data-image-title=\"image-8\" data-image-description=\"\" data-image-caption=\"\" data-large-file=\"https:\/\/www.hoymercedes.com.ar\/principal\/wp-content\/uploads\/2023\/03\/image-8-758x1024.png\" data-id=\"159268\" src=\"https:\/\/www.hoymercedes.com.ar\/principal\/wp-content\/uploads\/2023\/03\/image-8-758x1024.png\" alt=\"\" class=\"wp-image-159268\" srcset=\"https:\/\/www.hoymercedes.com.ar\/principal\/wp-content\/uploads\/2023\/03\/image-8-758x1024.png 758w, https:\/\/www.hoymercedes.com.ar\/principal\/wp-content\/uploads\/2023\/03\/image-8-459x620.png 459w, https:\/\/www.hoymercedes.com.ar\/principal\/wp-content\/uploads\/2023\/03\/image-8-111x150.png 111w, https:\/\/www.hoymercedes.com.ar\/principal\/wp-content\/uploads\/2023\/03\/image-8.png 948w\" sizes=\"auto, (max-width: 758px) 100vw, 758px\" \/><\/figure>\n<\/figure>\n","protected":false},"excerpt":{"rendered":"<p>Entre las 10 y las 14 horas, en la Sociedad de Fomento del Barrio Obrero (16 y 101 bis) estar\u00e1 &#8230; <a title=\"Este jueves: El Mercado en Tu Barrio estar\u00e1 en el Obrero\" class=\"read-more\" href=\"https:\/\/www.hoymercedes.com.ar\/principal\/2023\/03\/08\/este-jueves-el-mercado-en-tu-barrio-estara-en-el-obrero\/\" aria-label=\"Leer m\u00e1s sobre Este jueves: El Mercado en Tu Barrio estar\u00e1 en el Obrero\">Leer m\u00e1s<\/a><\/p>\n","protected":false},"author":1,"featured_media":159268,"comment_status":"closed","ping_status":"open","sticky":false,"template":"","format":"standard","meta":{"_monsterinsights_skip_tracking":false,"_monsterinsights_sitenote_active":false,"_monsterinsights_sitenote_note":"","_monsterinsights_sitenote_category":0,"jetpack_post_was_ever_published":false,"_jetpack_newsletter_access":"","_jetpack_dont_email_post_to_subs":false,"_jetpack_newsletter_tier_id":0,"_jetpack_memberships_contains_paywalled_content":false,"_jetpack_memberships_contains_paid_content":false,"footnotes":"","jetpack_publicize_message":"","jetpack_publicize_feature_enabled":true,"jetpack_social_post_already_shared":true,"jetpack_social_options":{"image_generator_settings":{"template":"highway","default_image_id":0,"font":"","enabled":false},"version":2},"_wpas_customize_per_network":false},"categories":[30],"tags":[10,244],"class_list":["post-159266","post","type-post","status-publish","format-standard","has-post-thumbnail","hentry","category-municipio","tag-mercedes","tag-municipio-2","generate-columns","tablet-grid-50","mobile-grid-100","grid-parent","grid-50"],"jetpack_publicize_connections":[],"jetpack_featured_media_url":"https:\/\/www.hoymercedes.com.ar\/principal\/wp-content\/uploads\/2023\/03\/image-8.png","wps_subtitle":"","jetpack_sharing_enabled":true,"_links":{"self":[{"href":"https:\/\/www.hoymercedes.com.ar\/principal\/wp-json\/wp\/v2\/posts\/159266","targetHints":{"allow":["GET"]}}],"collection":[{"href":"https:\/\/www.hoymercedes.com.ar\/principal\/wp-json\/wp\/v2\/posts"}],"about":[{"href":"https:\/\/www.hoymercedes.com.ar\/principal\/wp-json\/wp\/v2\/types\/post"}],"author":[{"embeddable":true,"href":"https:\/\/www.hoymercedes.com.ar\/principal\/wp-json\/wp\/v2\/users\/1"}],"replies":[{"embeddable":true,"href":"https:\/\/www.hoymercedes.com.ar\/principal\/wp-json\/wp\/v2\/comments?post=159266"}],"version-history":[{"count":0,"href":"https:\/\/www.hoymercedes.com.ar\/principal\/wp-json\/wp\/v2\/posts\/159266\/revisions"}],"wp:featuredmedia":[{"embeddable":true,"href":"https:\/\/www.hoymercedes.com.ar\/principal\/wp-json\/wp\/v2\/media\/159268"}],"wp:attachment":[{"href":"https:\/\/www.hoymercedes.com.ar\/principal\/wp-json\/wp\/v2\/media?parent=159266"}],"wp:term":[{"taxonomy":"category","embeddable":true,"href":"https:\/\/www.hoymercedes.com.ar\/principal\/wp-json\/wp\/v2\/categories?post=159266"},{"taxonomy":"post_tag","embeddable":true,"href":"https:\/\/www.hoymercedes.com.ar\/principal\/wp-json\/wp\/v2\/tags?post=159266"}],"curies":[{"name":"wp","href":"https:\/\/api.w.org\/{rel}","templated":true}]}}