{"id":159279,"date":"2023-03-09T11:25:00","date_gmt":"2023-03-09T14:25:00","guid":{"rendered":"https:\/\/www.hoymercedes.com.ar\/principal\/?p=159279"},"modified":"2023-03-09T10:54:58","modified_gmt":"2023-03-09T13:54:58","slug":"mujeres-se-movilizaron-en-reclamo-de-igualdad-de-derechos","status":"publish","type":"post","link":"https:\/\/www.hoymercedes.com.ar\/principal\/2023\/03\/09\/mujeres-se-movilizaron-en-reclamo-de-igualdad-de-derechos\/","title":{"rendered":"Mujeres se movilizaron en reclamo de igualdad de derechos"},"content":{"rendered":"\n<p>Tarde noche del mi\u00e9rcoles, D\u00eda de la Mujer Trabajadora, mujeres referentes de distintos sectores sociales y pol\u00edticos se convocaron en la Plaza San Mart\u00edn para marchar y reclamar por los derechos de las mujeres e igualdad y paridad de g\u00e9nero. <\/p>\n\n\n\n<figure class=\"wp-block-gallery has-nested-images columns-default is-cropped wp-block-gallery-1 is-layout-flex wp-block-gallery-is-layout-flex\">\n<figure class=\"wp-block-image size-large\"><img loading=\"lazy\" decoding=\"async\" width=\"800\" height=\"533\" data-attachment-id=\"159300\" data-permalink=\"https:\/\/www.hoymercedes.com.ar\/principal\/2023\/03\/09\/dia-de-la-mujer-reconocieron-a-mujeres-de-distintos-sectores-sociales\/img_20230308_192316861\/#main\" data-orig-file=\"https:\/\/www.hoymercedes.com.ar\/principal\/wp-content\/uploads\/2023\/03\/IMG_20230308_192316861.jpg\" data-orig-size=\"800,533\" data-comments-opened=\"0\" data-image-meta=\"{&quot;aperture&quot;:&quot;0&quot;,&quot;credit&quot;:&quot;&quot;,&quot;camera&quot;:&quot;&quot;,&quot;caption&quot;:&quot;&quot;,&quot;created_timestamp&quot;:&quot;1678303397&quot;,&quot;copyright&quot;:&quot;&quot;,&quot;focal_length&quot;:&quot;0&quot;,&quot;iso&quot;:&quot;0&quot;,&quot;shutter_speed&quot;:&quot;0&quot;,&quot;title&quot;:&quot;&quot;,&quot;orientation&quot;:&quot;1&quot;}\" data-image-title=\"IMG_20230308_192316861\" data-image-description=\"\" data-image-caption=\"\" data-large-file=\"https:\/\/www.hoymercedes.com.ar\/principal\/wp-content\/uploads\/2023\/03\/IMG_20230308_192316861.jpg\" data-id=\"159300\" src=\"https:\/\/www.hoymercedes.com.ar\/principal\/wp-content\/uploads\/2023\/03\/IMG_20230308_192316861.jpg\" alt=\"\" class=\"wp-image-159300\" srcset=\"https:\/\/www.hoymercedes.com.ar\/principal\/wp-content\/uploads\/2023\/03\/IMG_20230308_192316861.jpg 800w, https:\/\/www.hoymercedes.com.ar\/principal\/wp-content\/uploads\/2023\/03\/IMG_20230308_192316861-630x420.jpg 630w, https:\/\/www.hoymercedes.com.ar\/principal\/wp-content\/uploads\/2023\/03\/IMG_20230308_192316861-150x100.jpg 150w, https:\/\/www.hoymercedes.com.ar\/principal\/wp-content\/uploads\/2023\/03\/IMG_20230308_192316861-700x465.jpg 700w\" sizes=\"auto, (max-width: 800px) 100vw, 800px\" \/><\/figure>\n\n\n\n<figure class=\"wp-block-image size-large\"><img loading=\"lazy\" decoding=\"async\" width=\"800\" height=\"533\" data-attachment-id=\"159299\" data-permalink=\"https:\/\/www.hoymercedes.com.ar\/principal\/2023\/03\/09\/dia-de-la-mujer-reconocieron-a-mujeres-de-distintos-sectores-sociales\/img_20230308_200353449\/#main\" data-orig-file=\"https:\/\/www.hoymercedes.com.ar\/principal\/wp-content\/uploads\/2023\/03\/IMG_20230308_200353449.jpg\" data-orig-size=\"800,533\" data-comments-opened=\"0\" data-image-meta=\"{&quot;aperture&quot;:&quot;0&quot;,&quot;credit&quot;:&quot;&quot;,&quot;camera&quot;:&quot;&quot;,&quot;caption&quot;:&quot;&quot;,&quot;created_timestamp&quot;:&quot;1678305834&quot;,&quot;copyright&quot;:&quot;&quot;,&quot;focal_length&quot;:&quot;0&quot;,&quot;iso&quot;:&quot;0&quot;,&quot;shutter_speed&quot;:&quot;0&quot;,&quot;title&quot;:&quot;&quot;,&quot;orientation&quot;:&quot;1&quot;}\" data-image-title=\"IMG_20230308_200353449\" data-image-description=\"\" data-image-caption=\"\" data-large-file=\"https:\/\/www.hoymercedes.com.ar\/principal\/wp-content\/uploads\/2023\/03\/IMG_20230308_200353449.jpg\" data-id=\"159299\" src=\"https:\/\/www.hoymercedes.com.ar\/principal\/wp-content\/uploads\/2023\/03\/IMG_20230308_200353449.jpg\" alt=\"\" class=\"wp-image-159299\" srcset=\"https:\/\/www.hoymercedes.com.ar\/principal\/wp-content\/uploads\/2023\/03\/IMG_20230308_200353449.jpg 800w, https:\/\/www.hoymercedes.com.ar\/principal\/wp-content\/uploads\/2023\/03\/IMG_20230308_200353449-630x420.jpg 630w, https:\/\/www.hoymercedes.com.ar\/principal\/wp-content\/uploads\/2023\/03\/IMG_20230308_200353449-150x100.jpg 150w, https:\/\/www.hoymercedes.com.ar\/principal\/wp-content\/uploads\/2023\/03\/IMG_20230308_200353449-700x465.jpg 700w\" sizes=\"auto, (max-width: 800px) 100vw, 800px\" \/><\/figure>\n<\/figure>\n\n\n\n<p>Tras las palabras de bienvenida y la lectura de las adhesiones, referentes de la Asamblea de Mujeres Mercedinas, Diversa y Feministaleyeron el documento redactado en conjunto por sus integrantes. En el documento reivindican los derechos de las mujeres, pero tambi\u00e9n denuncian la disparidad econ\u00f3mica para las mujeres. <\/p>\n\n\n\n<p>\u00abRepudiamos y exigimos la intervenci\u00f3n real y comprometida de las instituciones del estado frente al crecimiento de los femicidios y trans-trasvesticidies y cr\u00edmenes de odio, que desde principio de a\u00f1o hasta la fecha suman 54; sin contar abusos y violaciones.\u00a0\u00a1Nos negamos a naturalizar. Entendamos, se trata de vidas\u00bb, resaltan y reiteran el reclamo para que se efectivice la separaci\u00f3n de la Iglesia y el Estado. Tambi\u00e9n rechazaron los actos de violencia contra menores, as\u00ed como la resoluci\u00f3n de femicidios y transvesticidios en todo el pa\u00eds que siguen sucediendo d\u00eda a d\u00eda. <\/p>\n\n\n<div class=\"wp-block-image\">\n<figure class=\"aligncenter size-full\"><img loading=\"lazy\" decoding=\"async\" width=\"800\" height=\"533\" data-attachment-id=\"159298\" data-permalink=\"https:\/\/www.hoymercedes.com.ar\/principal\/2023\/03\/09\/dia-de-la-mujer-reconocieron-a-mujeres-de-distintos-sectores-sociales\/img_20230308_203504672\/#main\" data-orig-file=\"https:\/\/www.hoymercedes.com.ar\/principal\/wp-content\/uploads\/2023\/03\/IMG_20230308_203504672.jpg\" data-orig-size=\"800,533\" data-comments-opened=\"0\" data-image-meta=\"{&quot;aperture&quot;:&quot;0&quot;,&quot;credit&quot;:&quot;&quot;,&quot;camera&quot;:&quot;&quot;,&quot;caption&quot;:&quot;&quot;,&quot;created_timestamp&quot;:&quot;1678307705&quot;,&quot;copyright&quot;:&quot;&quot;,&quot;focal_length&quot;:&quot;0&quot;,&quot;iso&quot;:&quot;0&quot;,&quot;shutter_speed&quot;:&quot;0&quot;,&quot;title&quot;:&quot;&quot;,&quot;orientation&quot;:&quot;1&quot;}\" data-image-title=\"IMG_20230308_203504672\" data-image-description=\"\" data-image-caption=\"\" data-large-file=\"https:\/\/www.hoymercedes.com.ar\/principal\/wp-content\/uploads\/2023\/03\/IMG_20230308_203504672.jpg\" src=\"https:\/\/www.hoymercedes.com.ar\/principal\/wp-content\/uploads\/2023\/03\/IMG_20230308_203504672.jpg\" alt=\"\" class=\"wp-image-159298\" srcset=\"https:\/\/www.hoymercedes.com.ar\/principal\/wp-content\/uploads\/2023\/03\/IMG_20230308_203504672.jpg 800w, https:\/\/www.hoymercedes.com.ar\/principal\/wp-content\/uploads\/2023\/03\/IMG_20230308_203504672-630x420.jpg 630w, https:\/\/www.hoymercedes.com.ar\/principal\/wp-content\/uploads\/2023\/03\/IMG_20230308_203504672-150x100.jpg 150w, https:\/\/www.hoymercedes.com.ar\/principal\/wp-content\/uploads\/2023\/03\/IMG_20230308_203504672-700x465.jpg 700w\" sizes=\"auto, (max-width: 800px) 100vw, 800px\" \/><\/figure>\n<\/div>\n\n\n<p>\u00abExigimos reconocimiento de todos los trabajos y salario digno para todas las trabajadoras. Seis de cada diez mujeres son pobres y la pobreza infantil llega al 50%. Sueldo igual a la canasta b\u00e1sica para todas las trabajadoras y pase a planta permanente de las cooperativistas y monotributistas. Reivindicamos la lucha por el Cupo laboral travesti-trans en nuestra ciudad, y exigimos la efectiva implementaci\u00f3n en los \u00e1mbitos estatales y privados. No se cumple ni el 1% que es el m\u00ednimo estipulado en la ley. Por el derecho a un trabajo en blanco, una obra social y aportes jubilatorios\u00bb, agregaron.<\/p>\n\n\n\n<p>En el marco del acto, cantaron en vivo Mili Vallejos y Amarillys D\u00edaz, adem\u00e1s de la lectura de documentos de distintos espacios pol\u00edticos que destacaron otros reclamos relacionados con los espacios partidarios. Tras la marcha, cerr\u00f3 en vivo la banda Se\u00f1orita Miel. <\/p>\n\n\n\n<figure class=\"wp-block-embed is-type-video is-provider-youtube wp-block-embed-youtube wp-embed-aspect-16-9 wp-has-aspect-ratio\"><div class=\"wp-block-embed__wrapper\">\n<span class=\"embed-youtube\" style=\"text-align:center; display: block;\"><iframe loading=\"lazy\" class=\"youtube-player\" width=\"1200\" height=\"675\" src=\"https:\/\/www.youtube.com\/embed\/ugLsNYqDB1U?version=3&#038;rel=1&#038;showsearch=0&#038;showinfo=1&#038;iv_load_policy=1&#038;fs=1&#038;hl=es-ES&#038;autohide=2&#038;wmode=transparent\" allowfullscreen=\"true\" style=\"border:0;\" sandbox=\"allow-scripts allow-same-origin allow-popups allow-presentation allow-popups-to-escape-sandbox\"><\/iframe><\/span>\n<\/div><\/figure>\n","protected":false},"excerpt":{"rendered":"<p>Tarde noche del mi\u00e9rcoles, D\u00eda de la Mujer Trabajadora, mujeres referentes de distintos sectores sociales y pol\u00edticos se convocaron en &#8230; <a title=\"Mujeres se movilizaron en reclamo de igualdad de derechos\" class=\"read-more\" href=\"https:\/\/www.hoymercedes.com.ar\/principal\/2023\/03\/09\/mujeres-se-movilizaron-en-reclamo-de-igualdad-de-derechos\/\" aria-label=\"Leer m\u00e1s sobre Mujeres se movilizaron en reclamo de igualdad de derechos\">Leer m\u00e1s<\/a><\/p>\n","protected":false},"author":1,"featured_media":159298,"comment_status":"closed","ping_status":"open","sticky":false,"template":"","format":"standard","meta":{"_monsterinsights_skip_tracking":false,"_monsterinsights_sitenote_active":false,"_monsterinsights_sitenote_note":"","_monsterinsights_sitenote_category":0,"jetpack_post_was_ever_published":false,"_jetpack_newsletter_access":"","_jetpack_dont_email_post_to_subs":false,"_jetpack_newsletter_tier_id":0,"_jetpack_memberships_contains_paywalled_content":false,"_jetpack_memberships_contains_paid_content":false,"footnotes":"","jetpack_publicize_message":"","jetpack_publicize_feature_enabled":true,"jetpack_social_post_already_shared":true,"jetpack_social_options":{"image_generator_settings":{"template":"highway","default_image_id":0,"font":"","enabled":false},"version":2},"_wpas_customize_per_network":false},"categories":[8],"tags":[],"class_list":["post-159279","post","type-post","status-publish","format-standard","has-post-thumbnail","hentry","category-sociedad","generate-columns","tablet-grid-50","mobile-grid-100","grid-parent","grid-50"],"jetpack_publicize_connections":[],"jetpack_featured_media_url":"https:\/\/www.hoymercedes.com.ar\/principal\/wp-content\/uploads\/2023\/03\/IMG_20230308_203504672.jpg","wps_subtitle":"","jetpack_sharing_enabled":true,"_links":{"self":[{"href":"https:\/\/www.hoymercedes.com.ar\/principal\/wp-json\/wp\/v2\/posts\/159279","targetHints":{"allow":["GET"]}}],"collection":[{"href":"https:\/\/www.hoymercedes.com.ar\/principal\/wp-json\/wp\/v2\/posts"}],"about":[{"href":"https:\/\/www.hoymercedes.com.ar\/principal\/wp-json\/wp\/v2\/types\/post"}],"author":[{"embeddable":true,"href":"https:\/\/www.hoymercedes.com.ar\/principal\/wp-json\/wp\/v2\/users\/1"}],"replies":[{"embeddable":true,"href":"https:\/\/www.hoymercedes.com.ar\/principal\/wp-json\/wp\/v2\/comments?post=159279"}],"version-history":[{"count":0,"href":"https:\/\/www.hoymercedes.com.ar\/principal\/wp-json\/wp\/v2\/posts\/159279\/revisions"}],"wp:featuredmedia":[{"embeddable":true,"href":"https:\/\/www.hoymercedes.com.ar\/principal\/wp-json\/wp\/v2\/media\/159298"}],"wp:attachment":[{"href":"https:\/\/www.hoymercedes.com.ar\/principal\/wp-json\/wp\/v2\/media?parent=159279"}],"wp:term":[{"taxonomy":"category","embeddable":true,"href":"https:\/\/www.hoymercedes.com.ar\/principal\/wp-json\/wp\/v2\/categories?post=159279"},{"taxonomy":"post_tag","embeddable":true,"href":"https:\/\/www.hoymercedes.com.ar\/principal\/wp-json\/wp\/v2\/tags?post=159279"}],"curies":[{"name":"wp","href":"https:\/\/api.w.org\/{rel}","templated":true}]}}