{"id":159309,"date":"2023-03-09T13:22:03","date_gmt":"2023-03-09T16:22:03","guid":{"rendered":"https:\/\/www.hoymercedes.com.ar\/principal\/?p=159309"},"modified":"2023-03-09T13:22:06","modified_gmt":"2023-03-09T16:22:06","slug":"festival-musical-en-carmen-de-areco","status":"publish","type":"post","link":"https:\/\/www.hoymercedes.com.ar\/principal\/2023\/03\/09\/festival-musical-en-carmen-de-areco\/","title":{"rendered":"Festival musical en Carmen de Areco"},"content":{"rendered":"\n<p>Desde la localidad de Carmen de Areco hacen extensiva la invitaci\u00f3n a las localidades vecinas y de la zona para un fin de semana de m\u00fasica en vivo con \u00abCarmen Fest\u00bb. S\u00e1bado 11 y domingo 12 de marzo, actuar\u00e1n entre otros, JAF, Emanero y Tita Print. Entrada libre y gratuita. <\/p>\n\n\n\n<p>Con una propuesta que integra distintos g\u00e9neros, el predio de la ex estaci\u00f3n ferroviaria vuelve a ser el centro de la escena musical de Carmen de Areco. Se trata de un festival que convoca a toda la familia, con un paseo gastron\u00f3mico, sector infantil y un espacio para productores y artesanos. Ser\u00e1n dos d\u00edas para disfrutar del aire libre y la cultura.\u00a0\u00a0<\/p>\n\n\n\n<p>Dos noches y un escenario dispuesto para hacer brillar a los artistas que pasar\u00e1n por la primera edici\u00f3n de este festival, que tendr\u00e1 como caracter\u00edstica la pluralidad. Para ambas fechas habr\u00e1 shows de bandas locales y de la zona, y m\u00fasicos consagrados o en ascenso.\u00a0\u00a0<\/p>\n\n\n\n<p>Se suman para esta ocasi\u00f3n JAF, de extensa trayectoria en el rock nacional, con un cancionero de cl\u00e1sicos. Gracias al aporte del Instituto Cultural de la provincia tambi\u00e9n llegar\u00e1n referentes de la escena actual como Emanero y Tita Print. Y un n\u00famero bailable que conquist\u00f3 al p\u00fablico carme\u00f1o como Matias y Los Elegidos tendr\u00e1 la chance de cerrar el evento a puro movimiento.&nbsp;&nbsp;<\/p>\n\n\n\n<p>Con entrada libre y gratuita y m\u00faltiples ofertas para disfrutar del fin de semana en el predio Ren\u00e9 Favaloro de Carmen de Areco.\u00a0\u00a0\u00a0<\/p>\n\n\n<div class=\"wp-block-image\">\n<figure class=\"aligncenter size-large\"><img loading=\"lazy\" decoding=\"async\" width=\"1024\" height=\"1024\" data-attachment-id=\"159311\" data-permalink=\"https:\/\/www.hoymercedes.com.ar\/principal\/2023\/03\/09\/festival-musical-en-carmen-de-areco\/image-10-3\/#main\" data-orig-file=\"https:\/\/www.hoymercedes.com.ar\/principal\/wp-content\/uploads\/2023\/03\/image-10.png\" data-orig-size=\"1080,1080\" data-comments-opened=\"0\" data-image-meta=\"{&quot;aperture&quot;:&quot;0&quot;,&quot;credit&quot;:&quot;&quot;,&quot;camera&quot;:&quot;&quot;,&quot;caption&quot;:&quot;&quot;,&quot;created_timestamp&quot;:&quot;0&quot;,&quot;copyright&quot;:&quot;&quot;,&quot;focal_length&quot;:&quot;0&quot;,&quot;iso&quot;:&quot;0&quot;,&quot;shutter_speed&quot;:&quot;0&quot;,&quot;title&quot;:&quot;&quot;,&quot;orientation&quot;:&quot;0&quot;}\" data-image-title=\"image-10\" data-image-description=\"\" data-image-caption=\"\" data-large-file=\"https:\/\/www.hoymercedes.com.ar\/principal\/wp-content\/uploads\/2023\/03\/image-10-1024x1024.png\" src=\"https:\/\/www.hoymercedes.com.ar\/principal\/wp-content\/uploads\/2023\/03\/image-10-1024x1024.png\" alt=\"\" class=\"wp-image-159311\" srcset=\"https:\/\/www.hoymercedes.com.ar\/principal\/wp-content\/uploads\/2023\/03\/image-10-1024x1024.png 1024w, https:\/\/www.hoymercedes.com.ar\/principal\/wp-content\/uploads\/2023\/03\/image-10-620x620.png 620w, https:\/\/www.hoymercedes.com.ar\/principal\/wp-content\/uploads\/2023\/03\/image-10-150x150.png 150w, https:\/\/www.hoymercedes.com.ar\/principal\/wp-content\/uploads\/2023\/03\/image-10.png 1080w\" sizes=\"auto, (max-width: 1024px) 100vw, 1024px\" \/><\/figure>\n<\/div>\n\n<div class=\"wp-block-image\">\n<figure class=\"aligncenter size-large\"><img loading=\"lazy\" decoding=\"async\" width=\"1024\" height=\"1024\" data-attachment-id=\"159310\" data-permalink=\"https:\/\/www.hoymercedes.com.ar\/principal\/2023\/03\/09\/festival-musical-en-carmen-de-areco\/image-9-3\/#main\" data-orig-file=\"https:\/\/www.hoymercedes.com.ar\/principal\/wp-content\/uploads\/2023\/03\/image-9.png\" data-orig-size=\"1080,1080\" data-comments-opened=\"0\" data-image-meta=\"{&quot;aperture&quot;:&quot;0&quot;,&quot;credit&quot;:&quot;&quot;,&quot;camera&quot;:&quot;&quot;,&quot;caption&quot;:&quot;&quot;,&quot;created_timestamp&quot;:&quot;0&quot;,&quot;copyright&quot;:&quot;&quot;,&quot;focal_length&quot;:&quot;0&quot;,&quot;iso&quot;:&quot;0&quot;,&quot;shutter_speed&quot;:&quot;0&quot;,&quot;title&quot;:&quot;&quot;,&quot;orientation&quot;:&quot;0&quot;}\" data-image-title=\"image-9\" data-image-description=\"\" data-image-caption=\"\" data-large-file=\"https:\/\/www.hoymercedes.com.ar\/principal\/wp-content\/uploads\/2023\/03\/image-9-1024x1024.png\" src=\"https:\/\/www.hoymercedes.com.ar\/principal\/wp-content\/uploads\/2023\/03\/image-9-1024x1024.png\" alt=\"\" class=\"wp-image-159310\" srcset=\"https:\/\/www.hoymercedes.com.ar\/principal\/wp-content\/uploads\/2023\/03\/image-9-1024x1024.png 1024w, https:\/\/www.hoymercedes.com.ar\/principal\/wp-content\/uploads\/2023\/03\/image-9-620x620.png 620w, https:\/\/www.hoymercedes.com.ar\/principal\/wp-content\/uploads\/2023\/03\/image-9-150x150.png 150w, https:\/\/www.hoymercedes.com.ar\/principal\/wp-content\/uploads\/2023\/03\/image-9.png 1080w\" sizes=\"auto, (max-width: 1024px) 100vw, 1024px\" \/><\/figure>\n<\/div>","protected":false},"excerpt":{"rendered":"<p>Desde la localidad de Carmen de Areco hacen extensiva la invitaci\u00f3n a las localidades vecinas y de la zona para &#8230; <a title=\"Festival musical en Carmen de Areco\" class=\"read-more\" href=\"https:\/\/www.hoymercedes.com.ar\/principal\/2023\/03\/09\/festival-musical-en-carmen-de-areco\/\" aria-label=\"Leer m\u00e1s sobre Festival musical en Carmen de Areco\">Leer m\u00e1s<\/a><\/p>\n","protected":false},"author":1,"featured_media":159312,"comment_status":"closed","ping_status":"open","sticky":false,"template":"","format":"standard","meta":{"_monsterinsights_skip_tracking":false,"_monsterinsights_sitenote_active":false,"_monsterinsights_sitenote_note":"","_monsterinsights_sitenote_category":0,"jetpack_post_was_ever_published":false,"_jetpack_newsletter_access":"","_jetpack_dont_email_post_to_subs":false,"_jetpack_newsletter_tier_id":0,"_jetpack_memberships_contains_paywalled_content":false,"_jetpack_memberships_contains_paid_content":false,"footnotes":"","jetpack_publicize_message":"","jetpack_publicize_feature_enabled":true,"jetpack_social_post_already_shared":true,"jetpack_social_options":{"image_generator_settings":{"template":"highway","default_image_id":0,"font":"","enabled":false},"version":2},"_wpas_customize_per_network":false},"categories":[5501],"tags":[3169,7805,9645,8539,9322],"class_list":["post-159309","post","type-post","status-publish","format-standard","has-post-thumbnail","hentry","category-region","tag-carmen-de-areco","tag-cultura","tag-festival","tag-musica","tag-region","generate-columns","tablet-grid-50","mobile-grid-100","grid-parent","grid-50"],"jetpack_publicize_connections":[],"jetpack_featured_media_url":"https:\/\/www.hoymercedes.com.ar\/principal\/wp-content\/uploads\/2023\/03\/WhatsApp-Image-2023-03-09-at-12.42.01.jpeg","wps_subtitle":"","jetpack_sharing_enabled":true,"_links":{"self":[{"href":"https:\/\/www.hoymercedes.com.ar\/principal\/wp-json\/wp\/v2\/posts\/159309","targetHints":{"allow":["GET"]}}],"collection":[{"href":"https:\/\/www.hoymercedes.com.ar\/principal\/wp-json\/wp\/v2\/posts"}],"about":[{"href":"https:\/\/www.hoymercedes.com.ar\/principal\/wp-json\/wp\/v2\/types\/post"}],"author":[{"embeddable":true,"href":"https:\/\/www.hoymercedes.com.ar\/principal\/wp-json\/wp\/v2\/users\/1"}],"replies":[{"embeddable":true,"href":"https:\/\/www.hoymercedes.com.ar\/principal\/wp-json\/wp\/v2\/comments?post=159309"}],"version-history":[{"count":0,"href":"https:\/\/www.hoymercedes.com.ar\/principal\/wp-json\/wp\/v2\/posts\/159309\/revisions"}],"wp:featuredmedia":[{"embeddable":true,"href":"https:\/\/www.hoymercedes.com.ar\/principal\/wp-json\/wp\/v2\/media\/159312"}],"wp:attachment":[{"href":"https:\/\/www.hoymercedes.com.ar\/principal\/wp-json\/wp\/v2\/media?parent=159309"}],"wp:term":[{"taxonomy":"category","embeddable":true,"href":"https:\/\/www.hoymercedes.com.ar\/principal\/wp-json\/wp\/v2\/categories?post=159309"},{"taxonomy":"post_tag","embeddable":true,"href":"https:\/\/www.hoymercedes.com.ar\/principal\/wp-json\/wp\/v2\/tags?post=159309"}],"curies":[{"name":"wp","href":"https:\/\/api.w.org\/{rel}","templated":true}]}}