{"id":159318,"date":"2023-03-09T14:05:00","date_gmt":"2023-03-09T17:05:00","guid":{"rendered":"https:\/\/www.hoymercedes.com.ar\/principal\/?p=159318"},"modified":"2023-03-09T13:41:48","modified_gmt":"2023-03-09T16:41:48","slug":"dia-de-la-mujer-en-san-andres-de-giles-pidieron-justicia-por-cintia","status":"publish","type":"post","link":"https:\/\/www.hoymercedes.com.ar\/principal\/2023\/03\/09\/dia-de-la-mujer-en-san-andres-de-giles-pidieron-justicia-por-cintia\/","title":{"rendered":"D\u00eda de la Mujer: en San Andr\u00e9s de Giles pidieron justicia por Cintia"},"content":{"rendered":"\n<p>Vecinas y organizaciones feministas de la localidad de San Andr\u00e9s de Giles marcharon por el centro de nuestra ciudad este 8M reclamando justicia por Cintia Cerrudo asesinada por su ex pareja. <\/p>\n\n\n<div class=\"wp-block-image\">\n<figure class=\"aligncenter size-large is-resized\"><img loading=\"lazy\" decoding=\"async\" data-attachment-id=\"159319\" data-permalink=\"https:\/\/www.hoymercedes.com.ar\/principal\/2023\/03\/09\/dia-de-la-mujer-en-san-andres-de-giles-pidieron-justicia-por-cintia\/image-11-3\/#main\" data-orig-file=\"https:\/\/www.hoymercedes.com.ar\/principal\/wp-content\/uploads\/2023\/03\/image-11.png\" data-orig-size=\"1536,1152\" data-comments-opened=\"0\" data-image-meta=\"{&quot;aperture&quot;:&quot;0&quot;,&quot;credit&quot;:&quot;&quot;,&quot;camera&quot;:&quot;&quot;,&quot;caption&quot;:&quot;&quot;,&quot;created_timestamp&quot;:&quot;0&quot;,&quot;copyright&quot;:&quot;&quot;,&quot;focal_length&quot;:&quot;0&quot;,&quot;iso&quot;:&quot;0&quot;,&quot;shutter_speed&quot;:&quot;0&quot;,&quot;title&quot;:&quot;&quot;,&quot;orientation&quot;:&quot;0&quot;}\" data-image-title=\"image-11\" data-image-description=\"\" data-image-caption=\"\" data-large-file=\"https:\/\/www.hoymercedes.com.ar\/principal\/wp-content\/uploads\/2023\/03\/image-11-1024x768.png\" src=\"https:\/\/www.hoymercedes.com.ar\/principal\/wp-content\/uploads\/2023\/03\/image-11-1024x768.png\" alt=\"\" class=\"wp-image-159319\" width=\"698\" height=\"524\" srcset=\"https:\/\/www.hoymercedes.com.ar\/principal\/wp-content\/uploads\/2023\/03\/image-11-1024x768.png 1024w, https:\/\/www.hoymercedes.com.ar\/principal\/wp-content\/uploads\/2023\/03\/image-11-630x473.png 630w, https:\/\/www.hoymercedes.com.ar\/principal\/wp-content\/uploads\/2023\/03\/image-11-150x113.png 150w, https:\/\/www.hoymercedes.com.ar\/principal\/wp-content\/uploads\/2023\/03\/image-11.png 1536w\" sizes=\"auto, (max-width: 698px) 100vw, 698px\" \/><\/figure>\n<\/div>\n\n\n<p>Las marchas y concentraciones por el 8 de marzo, D\u00eda Internacional de la Mujer, en San Andr\u00e9s de Giles, las mujeres marcharon pidiendo justicia por una v\u00edctima de femicidio. <\/p>\n\n\n\n<p>En la vecina localidad se realizaron distintas actividades y por la tarde las vecinas se concentraron en Plaza Col\u00f3n para marchar hasta la Plaza San Mart\u00edn.<strong>\u00a0<\/strong>El principal reclamo de las gilenses fue \u201cJusticia por Cintia\u201d. <\/p>\n\n\n\n<p>El 8 de enero de 2022, Cintia Cerrudo, de 28 a\u00f1os\u00a0fue asesinada por su ex-pareja Luis Giunta Goyeneche,\u00a0quien aquella ma\u00f1ana calurosa se present\u00f3 en la casa de la mam\u00e1 de Cintia y cuando la vio en la vereda, la apu\u00f1al\u00f3 delante de su familia. <\/p>\n\n\n\n<p>Ese d\u00eda, los vecinos pudieron acorralarlo luego del crimen y pudo ser detenido por la polic\u00eda.\u00a0Desde febrero del a\u00f1o pasado, est\u00e1 preso en el penal de Mercedes\u00a0mientras espera su condena y juicio a realizarse en los Tribunales de Mercedes.<\/p>\n\n\n\n<p>Fuente: InfoCiudad de San Andr\u00e9s de Giles. <\/p>\n","protected":false},"excerpt":{"rendered":"<p>Vecinas y organizaciones feministas de la localidad de San Andr\u00e9s de Giles marcharon por el centro de nuestra ciudad este &#8230; <a title=\"D\u00eda de la Mujer: en San Andr\u00e9s de Giles pidieron justicia por Cintia\" class=\"read-more\" href=\"https:\/\/www.hoymercedes.com.ar\/principal\/2023\/03\/09\/dia-de-la-mujer-en-san-andres-de-giles-pidieron-justicia-por-cintia\/\" aria-label=\"Leer m\u00e1s sobre D\u00eda de la Mujer: en San Andr\u00e9s de Giles pidieron justicia por Cintia\">Leer m\u00e1s<\/a><\/p>\n","protected":false},"author":1,"featured_media":159319,"comment_status":"closed","ping_status":"open","sticky":false,"template":"","format":"standard","meta":{"_monsterinsights_skip_tracking":false,"_monsterinsights_sitenote_active":false,"_monsterinsights_sitenote_note":"","_monsterinsights_sitenote_category":0,"jetpack_post_was_ever_published":false,"_jetpack_newsletter_access":"","_jetpack_dont_email_post_to_subs":false,"_jetpack_newsletter_tier_id":0,"_jetpack_memberships_contains_paywalled_content":false,"_jetpack_memberships_contains_paid_content":false,"footnotes":"","jetpack_publicize_message":"","jetpack_publicize_feature_enabled":true,"jetpack_social_post_already_shared":true,"jetpack_social_options":{"image_generator_settings":{"template":"highway","default_image_id":0,"font":"","enabled":false},"version":2},"_wpas_customize_per_network":false},"categories":[5501],"tags":[96,9322],"class_list":["post-159318","post","type-post","status-publish","format-standard","has-post-thumbnail","hentry","category-region","tag-policial-2","tag-region","generate-columns","tablet-grid-50","mobile-grid-100","grid-parent","grid-50"],"jetpack_publicize_connections":[],"jetpack_featured_media_url":"https:\/\/www.hoymercedes.com.ar\/principal\/wp-content\/uploads\/2023\/03\/image-11.png","wps_subtitle":"","jetpack_sharing_enabled":true,"_links":{"self":[{"href":"https:\/\/www.hoymercedes.com.ar\/principal\/wp-json\/wp\/v2\/posts\/159318","targetHints":{"allow":["GET"]}}],"collection":[{"href":"https:\/\/www.hoymercedes.com.ar\/principal\/wp-json\/wp\/v2\/posts"}],"about":[{"href":"https:\/\/www.hoymercedes.com.ar\/principal\/wp-json\/wp\/v2\/types\/post"}],"author":[{"embeddable":true,"href":"https:\/\/www.hoymercedes.com.ar\/principal\/wp-json\/wp\/v2\/users\/1"}],"replies":[{"embeddable":true,"href":"https:\/\/www.hoymercedes.com.ar\/principal\/wp-json\/wp\/v2\/comments?post=159318"}],"version-history":[{"count":0,"href":"https:\/\/www.hoymercedes.com.ar\/principal\/wp-json\/wp\/v2\/posts\/159318\/revisions"}],"wp:featuredmedia":[{"embeddable":true,"href":"https:\/\/www.hoymercedes.com.ar\/principal\/wp-json\/wp\/v2\/media\/159319"}],"wp:attachment":[{"href":"https:\/\/www.hoymercedes.com.ar\/principal\/wp-json\/wp\/v2\/media?parent=159318"}],"wp:term":[{"taxonomy":"category","embeddable":true,"href":"https:\/\/www.hoymercedes.com.ar\/principal\/wp-json\/wp\/v2\/categories?post=159318"},{"taxonomy":"post_tag","embeddable":true,"href":"https:\/\/www.hoymercedes.com.ar\/principal\/wp-json\/wp\/v2\/tags?post=159318"}],"curies":[{"name":"wp","href":"https:\/\/api.w.org\/{rel}","templated":true}]}}