{"id":159322,"date":"2023-03-10T16:43:00","date_gmt":"2023-03-10T19:43:00","guid":{"rendered":"https:\/\/www.hoymercedes.com.ar\/principal\/?p=159322"},"modified":"2023-03-10T18:16:23","modified_gmt":"2023-03-10T21:16:23","slug":"test-rapido-de-vih-y-sifilis","status":"publish","type":"post","link":"https:\/\/www.hoymercedes.com.ar\/principal\/2023\/03\/10\/test-rapido-de-vih-y-sifilis\/","title":{"rendered":"Test r\u00e1pido de VIH y S\u00edfilis"},"content":{"rendered":"\n<p>Desde el Hospital Blas L. Dubarry recuerdan que los segundo y cuartos jueves de cada mes, entra la hora 14 y la 16 se realizan testeos r\u00e1pidos de VIH y S\u00edfiles. En el m\u00f3vil del SAPS (servicio de \u00e1rea program\u00e1tica y redes en salud) ubicado en calle 33, entre 10 y 12, se puede conocer el resultado en 20 minutos.<\/p>\n\n\n\n<p>Laura Paradela, cont\u00f3 \u201cla particularidad de nuestro servicio que se inscribe en el SAPS (servicio de \u00e1rea program\u00e1tica y redes en salud) es la de brindar una instancia en testeos r\u00e1pidos, que permite en el marco de una entrevista y un testeo, que es una punci\u00f3n simple, tener un diagn\u00f3stico r\u00e1pido, en relaci\u00f3n a algunas infecciones de transmisi\u00f3n sexual, en este caso en particular, como son la s\u00edfilis y el VIH\u201d y a\u00f1adi\u00f3 \u201ces muy simple el procedimiento, pero fundamentalmente, brindamos informaci\u00f3n, pueden hacer consultas, por lo que en estas instancias de las entrevistas, tratamos de entender un poco las dudas de las personas\u201d.<\/p>\n\n\n\n<p>\u201cLo importante es a trav\u00e9s del Estado poder incentivar este tipo de an\u00e1lisis y cuidados para las personas\u201d apunt\u00f3 e indic\u00f3 \u201ces muy importante el cuidado previo a una relaci\u00f3n, a trav\u00e9s de los preservativos, que tambi\u00e9n son gratuitos y est\u00e1n en todas las salitas o retirarlos en el hospital, siendo, adem\u00e1s, uno de los m\u00e9todos anticonceptivos con mayor efectividad\u201d.<\/p>\n\n\n\n<p>En este sentido, manifest\u00f3 \u201clos diferentes programas p\u00fablicos tenemos la responsabilidad de brindar informaci\u00f3n, porque tambi\u00e9n, a veces, lo que operan son ciertos mitos o estigmas de que son los j\u00f3venes los que no tienen cuidados y se infectan, y la realidad es que lo que arrojan los resultados es que la poblaci\u00f3n adulta, y m\u00e1s que nada las masculinidades, no acceden a los centros de salud de forma temprana, por lo que necesitamos, desde los centros de salud, generar informaci\u00f3n clara y espacios de atenci\u00f3n, para que las personas sepan que en las instituciones estamos para recibirlos y brindar informaci\u00f3n y acceso a tratamientos\u201d.<\/p>\n\n\n\n<figure class=\"wp-block-image size-full\"><img loading=\"lazy\" decoding=\"async\" width=\"804\" height=\"735\" data-attachment-id=\"159325\" data-permalink=\"https:\/\/www.hoymercedes.com.ar\/principal\/2023\/03\/10\/test-rapido-de-vih-y-sifilis\/image-12-3\/#main\" data-orig-file=\"https:\/\/www.hoymercedes.com.ar\/principal\/wp-content\/uploads\/2023\/03\/image-12.png\" data-orig-size=\"804,735\" data-comments-opened=\"0\" data-image-meta=\"{&quot;aperture&quot;:&quot;0&quot;,&quot;credit&quot;:&quot;&quot;,&quot;camera&quot;:&quot;&quot;,&quot;caption&quot;:&quot;&quot;,&quot;created_timestamp&quot;:&quot;0&quot;,&quot;copyright&quot;:&quot;&quot;,&quot;focal_length&quot;:&quot;0&quot;,&quot;iso&quot;:&quot;0&quot;,&quot;shutter_speed&quot;:&quot;0&quot;,&quot;title&quot;:&quot;&quot;,&quot;orientation&quot;:&quot;0&quot;}\" data-image-title=\"image-12\" data-image-description=\"\" data-image-caption=\"\" data-large-file=\"https:\/\/www.hoymercedes.com.ar\/principal\/wp-content\/uploads\/2023\/03\/image-12.png\" src=\"https:\/\/www.hoymercedes.com.ar\/principal\/wp-content\/uploads\/2023\/03\/image-12.png\" alt=\"\" class=\"wp-image-159325\" srcset=\"https:\/\/www.hoymercedes.com.ar\/principal\/wp-content\/uploads\/2023\/03\/image-12.png 804w, https:\/\/www.hoymercedes.com.ar\/principal\/wp-content\/uploads\/2023\/03\/image-12-630x576.png 630w, https:\/\/www.hoymercedes.com.ar\/principal\/wp-content\/uploads\/2023\/03\/image-12-150x137.png 150w\" sizes=\"auto, (max-width: 804px) 100vw, 804px\" \/><\/figure>\n","protected":false},"excerpt":{"rendered":"<p>Desde el Hospital Blas L. Dubarry recuerdan que los segundo y cuartos jueves de cada mes, entra la hora 14 &#8230; <a title=\"Test r\u00e1pido de VIH y S\u00edfilis\" class=\"read-more\" href=\"https:\/\/www.hoymercedes.com.ar\/principal\/2023\/03\/10\/test-rapido-de-vih-y-sifilis\/\" aria-label=\"Leer m\u00e1s sobre Test r\u00e1pido de VIH y S\u00edfilis\">Leer m\u00e1s<\/a><\/p>\n","protected":false},"author":1,"featured_media":159325,"comment_status":"closed","ping_status":"open","sticky":false,"template":"","format":"standard","meta":{"_monsterinsights_skip_tracking":false,"_monsterinsights_sitenote_active":false,"_monsterinsights_sitenote_note":"","_monsterinsights_sitenote_category":0,"jetpack_post_was_ever_published":false,"_jetpack_newsletter_access":"","_jetpack_dont_email_post_to_subs":false,"_jetpack_newsletter_tier_id":0,"_jetpack_memberships_contains_paywalled_content":false,"_jetpack_memberships_contains_paid_content":false,"footnotes":"","jetpack_publicize_message":"","jetpack_publicize_feature_enabled":true,"jetpack_social_post_already_shared":true,"jetpack_social_options":{"image_generator_settings":{"template":"highway","default_image_id":0,"font":"","enabled":false},"version":2},"_wpas_customize_per_network":false},"categories":[9791,8],"tags":[],"class_list":["post-159322","post","type-post","status-publish","format-standard","has-post-thumbnail","hentry","category-salud","category-sociedad","generate-columns","tablet-grid-50","mobile-grid-100","grid-parent","grid-50"],"jetpack_publicize_connections":[],"jetpack_featured_media_url":"https:\/\/www.hoymercedes.com.ar\/principal\/wp-content\/uploads\/2023\/03\/image-12.png","wps_subtitle":"","jetpack_sharing_enabled":true,"_links":{"self":[{"href":"https:\/\/www.hoymercedes.com.ar\/principal\/wp-json\/wp\/v2\/posts\/159322","targetHints":{"allow":["GET"]}}],"collection":[{"href":"https:\/\/www.hoymercedes.com.ar\/principal\/wp-json\/wp\/v2\/posts"}],"about":[{"href":"https:\/\/www.hoymercedes.com.ar\/principal\/wp-json\/wp\/v2\/types\/post"}],"author":[{"embeddable":true,"href":"https:\/\/www.hoymercedes.com.ar\/principal\/wp-json\/wp\/v2\/users\/1"}],"replies":[{"embeddable":true,"href":"https:\/\/www.hoymercedes.com.ar\/principal\/wp-json\/wp\/v2\/comments?post=159322"}],"version-history":[{"count":0,"href":"https:\/\/www.hoymercedes.com.ar\/principal\/wp-json\/wp\/v2\/posts\/159322\/revisions"}],"wp:featuredmedia":[{"embeddable":true,"href":"https:\/\/www.hoymercedes.com.ar\/principal\/wp-json\/wp\/v2\/media\/159325"}],"wp:attachment":[{"href":"https:\/\/www.hoymercedes.com.ar\/principal\/wp-json\/wp\/v2\/media?parent=159322"}],"wp:term":[{"taxonomy":"category","embeddable":true,"href":"https:\/\/www.hoymercedes.com.ar\/principal\/wp-json\/wp\/v2\/categories?post=159322"},{"taxonomy":"post_tag","embeddable":true,"href":"https:\/\/www.hoymercedes.com.ar\/principal\/wp-json\/wp\/v2\/tags?post=159322"}],"curies":[{"name":"wp","href":"https:\/\/api.w.org\/{rel}","templated":true}]}}