{"id":159333,"date":"2023-03-09T23:20:18","date_gmt":"2023-03-10T02:20:18","guid":{"rendered":"https:\/\/www.hoymercedes.com.ar\/principal\/?p=159333"},"modified":"2023-03-09T23:20:22","modified_gmt":"2023-03-10T02:20:22","slug":"cuarteto-de-guitarras-en-el-colegio-nacional","status":"publish","type":"post","link":"https:\/\/www.hoymercedes.com.ar\/principal\/2023\/03\/09\/cuarteto-de-guitarras-en-el-colegio-nacional\/","title":{"rendered":"Cuarteto de Guitarras en el Colegio Nacional"},"content":{"rendered":"\n<p><strong>PRO ARTE MERCEDES &#8211; Centro de Egresados del Colegio Nacional Florentino Ameghino<\/strong> \u2013 inicia su Temporada 2023 el pr\u00f3ximo s\u00e1bado, 11 de marzo a partir de las 21:00 con la presentaci\u00f3n del <strong>CUARTETO DE GUITARRAS \u201cIN CRESCENDO\u201d,<\/strong> integrado por los maestros:\u00a0<strong> Juan Pablo Buj\u00eda, Ezequiel Mar\u00edn, Pablo D\u2019Negri, Andr\u00e9s Nov\u00edo.\u00a0<\/strong>\u00a0<\/p>\n\n\n<div class=\"wp-block-image\">\n<figure class=\"aligncenter size-full\"><img loading=\"lazy\" decoding=\"async\" width=\"800\" height=\"533\" data-attachment-id=\"159116\" data-permalink=\"https:\/\/www.hoymercedes.com.ar\/principal\/2023\/03\/06\/roban-placas-en-la-plaza-de-los-heroes-de-malvinas\/pro-arte-marzo2023\/#main\" data-orig-file=\"https:\/\/www.hoymercedes.com.ar\/principal\/wp-content\/uploads\/2023\/03\/pro-arte-marzo2023.jpeg\" data-orig-size=\"800,533\" data-comments-opened=\"0\" data-image-meta=\"{&quot;aperture&quot;:&quot;0&quot;,&quot;credit&quot;:&quot;&quot;,&quot;camera&quot;:&quot;&quot;,&quot;caption&quot;:&quot;&quot;,&quot;created_timestamp&quot;:&quot;0&quot;,&quot;copyright&quot;:&quot;&quot;,&quot;focal_length&quot;:&quot;0&quot;,&quot;iso&quot;:&quot;0&quot;,&quot;shutter_speed&quot;:&quot;0&quot;,&quot;title&quot;:&quot;&quot;,&quot;orientation&quot;:&quot;0&quot;}\" data-image-title=\"pro arte marzo2023\" data-image-description=\"\" data-image-caption=\"\" data-large-file=\"https:\/\/www.hoymercedes.com.ar\/principal\/wp-content\/uploads\/2023\/03\/pro-arte-marzo2023.jpeg\" src=\"https:\/\/www.hoymercedes.com.ar\/principal\/wp-content\/uploads\/2023\/03\/pro-arte-marzo2023.jpeg\" alt=\"\" class=\"wp-image-159116\" srcset=\"https:\/\/www.hoymercedes.com.ar\/principal\/wp-content\/uploads\/2023\/03\/pro-arte-marzo2023.jpeg 800w, https:\/\/www.hoymercedes.com.ar\/principal\/wp-content\/uploads\/2023\/03\/pro-arte-marzo2023-630x420.jpeg 630w, https:\/\/www.hoymercedes.com.ar\/principal\/wp-content\/uploads\/2023\/03\/pro-arte-marzo2023-150x100.jpeg 150w, https:\/\/www.hoymercedes.com.ar\/principal\/wp-content\/uploads\/2023\/03\/pro-arte-marzo2023-700x465.jpeg 700w\" sizes=\"auto, (max-width: 800px) 100vw, 800px\" \/><\/figure>\n<\/div>\n\n\n<p>Desde su creaci\u00f3n, en 2005, el conjunto ha recibido innumerable cantidad de distinciones entre las que pueden citarse el prestigioso<strong> Premio \u00abManuel M. Ponce\u201d, <\/strong>como grupo destacado en el<strong> <\/strong>prestigioso<strong> Festival Internacional de M\u00fasica de C\u00e1mara de Aguascalientes \u2013 M\u00e9xico- <\/strong>siendo elegidos entre m\u00e1s de cien grupos de c\u00e1mara de Am\u00e9rica&nbsp;<\/p>\n\n\n\n<p>La actividad de conciertos del cuarteto ha abarcado gran parte de la geograf\u00eda Argentina. Se destaca su participaci\u00f3n en el prestigioso ciclo \u00abConciertos del Mediod\u00eda\u00bb en el Teatro Gran Rex, con organizaci\u00f3n de Mozarteum Argentino, instituci\u00f3n que lo convoc\u00f3, adem\u00e1s, para ofrecer conciertos en sus&nbsp; filiales a lo largo del pa\u00eds. En el plano internacional, ha sido invitado por festivales de m\u00fasica de c\u00e1mara del continente americano, as\u00ed como tambi\u00e9n de Espa\u00f1a, Italia y Alemania.&nbsp;<\/p>\n\n\n\n<p>Este prestigioso cuarteto de guitarras, fue distinguido por el Teatro Col\u00f3n por primera vez en su historia para dar un recital en la sala principal y ser\u00e1 el encargado de abrir la Temporada 2023&nbsp; de PRO ARTE MERCEDES con un atractivo programa:&nbsp;<\/p>\n\n\n\n<p>Primera Parte:\u00a0<br>\u2022 Manuel de Falla (C\u00e1diz, Espa\u00f1a; 1876-1946)\u00a0<br>Piezas Espa\u00f1olas \u00a0<br>I. Introducci\u00f3n\u00a0<br>II. Danza espa\u00f1ola No 1 \u201cLa vida breve\u201d\u00a0\u00a0<br>III. Danza del Molinero\u00a0<br>IV. El c\u00edrculo m\u00e1gico\u00a0<br>V. Danza ritual del fuego\u00a0<br>\u2022 Carlos Gardel \u2013 Villoldo \u2013 Mores\u00a0\u00a0<\/p>\n\n\n\n<p>Segunda Parte:\u00a0<br>*Los cl\u00e1sicos del Tango\u00a0\u00a0<br>El Choclo \u2013 Mi Buenos aires querido \u2013 Volver \u2013 Taquito Militar\u00a0<br>\u2022 Astor Piazzolla (Mar del Plata, Argentina; 1921-1992)\u00a0<br>Adi\u00f3s Nonino \u2013 Libertango\u00a0<\/p>\n\n\n\n<p>El 9 del corriente, el maestro Juan Pablo Buj\u00eda, concedi\u00f3 una entrevista exclusiva a Radio F\u00e9nix\u00a0 &#8211;\u00a0 93.9 MHZ \u2013 para el programa \u201cMa\u00f1an\u00edsima\u201d que conduce Susana Spano y reproducimos aqu\u00ed.\u00a0<\/p>\n\n\n\n<figure class=\"wp-block-embed is-type-video is-provider-youtube wp-block-embed-youtube wp-embed-aspect-4-3 wp-has-aspect-ratio\"><div class=\"wp-block-embed__wrapper\">\n<span class=\"embed-youtube\" style=\"text-align:center; display: block;\"><iframe loading=\"lazy\" class=\"youtube-player\" width=\"1200\" height=\"675\" src=\"https:\/\/www.youtube.com\/embed\/LAvzVhlCBb0?version=3&#038;rel=1&#038;showsearch=0&#038;showinfo=1&#038;iv_load_policy=1&#038;fs=1&#038;hl=es-ES&#038;autohide=2&#038;wmode=transparent\" allowfullscreen=\"true\" style=\"border:0;\" sandbox=\"allow-scripts allow-same-origin allow-popups allow-presentation allow-popups-to-escape-sandbox\"><\/iframe><\/span>\n<\/div><\/figure>\n\n\n\n<p>El pr\u00f3ximo s\u00e1bado, 11 de marzo a partir de las 21:00, se presenta en el Colegio Nacional el destacado conjunto de guitarras \u201cIn Crescendo\u201d; recordamos que, como est\u00edmulo a los estudiantes, las entradas para este concierto son gratuitas para los alumnos de la Escuela Educ. Sec. N\u00b0 3 &#8211; Florentino Ameghino &#8211; ; alumnos del Conservatorio de Muisca y de la Orquesta Escuela. Las entradas (para no socios) tienen un valor de 2000$.&nbsp;<\/p>\n","protected":false},"excerpt":{"rendered":"<p>PRO ARTE MERCEDES &#8211; Centro de Egresados del Colegio Nacional Florentino Ameghino \u2013 inicia su Temporada 2023 el pr\u00f3ximo s\u00e1bado, &#8230; <a title=\"Cuarteto de Guitarras en el Colegio Nacional\" class=\"read-more\" href=\"https:\/\/www.hoymercedes.com.ar\/principal\/2023\/03\/09\/cuarteto-de-guitarras-en-el-colegio-nacional\/\" aria-label=\"Leer m\u00e1s sobre Cuarteto de Guitarras en el Colegio Nacional\">Leer m\u00e1s<\/a><\/p>\n","protected":false},"author":1,"featured_media":159334,"comment_status":"closed","ping_status":"open","sticky":false,"template":"","format":"standard","meta":{"_monsterinsights_skip_tracking":false,"_monsterinsights_sitenote_active":false,"_monsterinsights_sitenote_note":"","_monsterinsights_sitenote_category":0,"jetpack_post_was_ever_published":false,"_jetpack_newsletter_access":"","_jetpack_dont_email_post_to_subs":false,"_jetpack_newsletter_tier_id":0,"_jetpack_memberships_contains_paywalled_content":false,"_jetpack_memberships_contains_paid_content":false,"footnotes":"","jetpack_publicize_message":"","jetpack_publicize_feature_enabled":true,"jetpack_social_post_already_shared":true,"jetpack_social_options":{"image_generator_settings":{"template":"highway","default_image_id":0,"font":"","enabled":false},"version":2},"_wpas_customize_per_network":false},"categories":[104],"tags":[7805],"class_list":["post-159333","post","type-post","status-publish","format-standard","has-post-thumbnail","hentry","category-cultura","tag-cultura","generate-columns","tablet-grid-50","mobile-grid-100","grid-parent","grid-50"],"jetpack_publicize_connections":[],"jetpack_featured_media_url":"https:\/\/www.hoymercedes.com.ar\/principal\/wp-content\/uploads\/2023\/03\/proarte-nacional.jpeg","wps_subtitle":"","jetpack_sharing_enabled":true,"_links":{"self":[{"href":"https:\/\/www.hoymercedes.com.ar\/principal\/wp-json\/wp\/v2\/posts\/159333","targetHints":{"allow":["GET"]}}],"collection":[{"href":"https:\/\/www.hoymercedes.com.ar\/principal\/wp-json\/wp\/v2\/posts"}],"about":[{"href":"https:\/\/www.hoymercedes.com.ar\/principal\/wp-json\/wp\/v2\/types\/post"}],"author":[{"embeddable":true,"href":"https:\/\/www.hoymercedes.com.ar\/principal\/wp-json\/wp\/v2\/users\/1"}],"replies":[{"embeddable":true,"href":"https:\/\/www.hoymercedes.com.ar\/principal\/wp-json\/wp\/v2\/comments?post=159333"}],"version-history":[{"count":0,"href":"https:\/\/www.hoymercedes.com.ar\/principal\/wp-json\/wp\/v2\/posts\/159333\/revisions"}],"wp:featuredmedia":[{"embeddable":true,"href":"https:\/\/www.hoymercedes.com.ar\/principal\/wp-json\/wp\/v2\/media\/159334"}],"wp:attachment":[{"href":"https:\/\/www.hoymercedes.com.ar\/principal\/wp-json\/wp\/v2\/media?parent=159333"}],"wp:term":[{"taxonomy":"category","embeddable":true,"href":"https:\/\/www.hoymercedes.com.ar\/principal\/wp-json\/wp\/v2\/categories?post=159333"},{"taxonomy":"post_tag","embeddable":true,"href":"https:\/\/www.hoymercedes.com.ar\/principal\/wp-json\/wp\/v2\/tags?post=159333"}],"curies":[{"name":"wp","href":"https:\/\/api.w.org\/{rel}","templated":true}]}}