{"id":159358,"date":"2023-03-10T18:12:39","date_gmt":"2023-03-10T21:12:39","guid":{"rendered":"https:\/\/www.hoymercedes.com.ar\/principal\/?p=159358"},"modified":"2023-03-10T18:12:42","modified_gmt":"2023-03-10T21:12:42","slug":"condenan-a-una-persona-a-prision-por-adulterar-medidores-de-luz","status":"publish","type":"post","link":"https:\/\/www.hoymercedes.com.ar\/principal\/2023\/03\/10\/condenan-a-una-persona-a-prision-por-adulterar-medidores-de-luz\/","title":{"rendered":"Condenan a una persona a prisi\u00f3n por adulterar medidores de luz"},"content":{"rendered":"\n<p>Desde la empresa distribuidora de energ\u00eda el\u00e9ctrica EDEN comunicaron la resoluci\u00f3n de una denuncia que supieron hacer en su momento y que termin\u00f3 en la condena judicial de una persona que hab\u00eda adulterado medidores de luz. <\/p>\n\n\n<div class=\"wp-block-image\">\n<figure class=\"aligncenter size-full\"><img loading=\"lazy\" decoding=\"async\" width=\"790\" height=\"444\" data-attachment-id=\"159359\" data-permalink=\"https:\/\/www.hoymercedes.com.ar\/principal\/2023\/03\/10\/condenan-a-una-persona-a-prision-por-adulterar-medidores-de-luz\/image-14-3\/#main\" data-orig-file=\"https:\/\/www.hoymercedes.com.ar\/principal\/wp-content\/uploads\/2023\/03\/image-14.png\" data-orig-size=\"790,444\" data-comments-opened=\"0\" data-image-meta=\"{&quot;aperture&quot;:&quot;0&quot;,&quot;credit&quot;:&quot;&quot;,&quot;camera&quot;:&quot;&quot;,&quot;caption&quot;:&quot;&quot;,&quot;created_timestamp&quot;:&quot;0&quot;,&quot;copyright&quot;:&quot;&quot;,&quot;focal_length&quot;:&quot;0&quot;,&quot;iso&quot;:&quot;0&quot;,&quot;shutter_speed&quot;:&quot;0&quot;,&quot;title&quot;:&quot;&quot;,&quot;orientation&quot;:&quot;0&quot;}\" data-image-title=\"image-14\" data-image-description=\"\" data-image-caption=\"\" data-large-file=\"https:\/\/www.hoymercedes.com.ar\/principal\/wp-content\/uploads\/2023\/03\/image-14.png\" src=\"https:\/\/www.hoymercedes.com.ar\/principal\/wp-content\/uploads\/2023\/03\/image-14.png\" alt=\"\" class=\"wp-image-159359\" srcset=\"https:\/\/www.hoymercedes.com.ar\/principal\/wp-content\/uploads\/2023\/03\/image-14.png 790w, https:\/\/www.hoymercedes.com.ar\/principal\/wp-content\/uploads\/2023\/03\/image-14-630x354.png 630w, https:\/\/www.hoymercedes.com.ar\/principal\/wp-content\/uploads\/2023\/03\/image-14-150x84.png 150w\" sizes=\"auto, (max-width: 790px) 100vw, 790px\" \/><figcaption class=\"wp-element-caption\">Imagen ilustrativa. <\/figcaption><\/figure>\n<\/div>\n\n\n<p>\u00abLuego de una investigaci\u00f3n enfocada en combatir el fraude el\u00e9ctrico, la Justicia conden\u00f3 a una persona, de oficio electricista, que ofrec\u00eda sus servicios para reducir el consumo energ\u00e9tico a trav\u00e9s de la manipulaci\u00f3n fraudulenta de medidores\u00bb, explican desde EDEN.\u00a0<\/p>\n\n\n\n<p>Adem\u00e1s de realizar esta tarea para terceros, la empresa el\u00e9ctrica constat\u00f3, con acompa\u00f1amiento de escribano p\u00fablico en el domicilio particular del sospechoso, que su propio medidor estaba adulterado, configur\u00e1ndose de este modo el delito de estafa.&nbsp;<\/p>\n\n\n\n<p>Con todas las pruebas colectadas, la Distribuidora se present\u00f3 como denunciante penal, y la UFI 3 de Mercedes, en destacable labor, instruy\u00f3 la investigaci\u00f3n y el caso. <\/p>\n\n\n\n<p>Finalmente a instancias de la UFIJ 4, el pasado 17 de febrero, el Juzgado en lo Correccional N\u00b04 Departamental dict\u00f3 sentencia condenando al imputado como autor material penalmente responsable del delito de estafa, con condena de cumplimiento efectivo.\u00a0<\/p>\n\n\n\n<p>\u00abEs importante se\u00f1alar que no solo las conexiones clandestinas constituyen delito penal por hurto de energ\u00eda (art. 162 del C\u00f3digo Penal), sino que, en casos de manipulaci\u00f3n fraudulenta de medidores, tiene la misma responsabilidad penal uien se presta a concretar el il\u00edcito como quien solicita la acci\u00f3n, de acuerdo al art. 172 del C\u00f3digo Penal\u00bb, explican desde la empresa EDEN.\u202f\u00a0<\/p>\n\n\n\n<p>\u00abAdem\u00e1s, en ambos casos las multas y penalidades derivadas del il\u00edcito son retroactivas y se aplica el c\u00e1lculo de la energ\u00eda robada con un m\u00e1ximo de hasta un a\u00f1o seg\u00fan la normativa vigente\u00bb, agregan.\u00a0<\/p>\n\n\n\n<p>Cabe recordar que la manipulaci\u00f3n de medidores e instalaciones el\u00e9ctricas por parte de personas ajenas a la Distribuidora y el uso de materiales fuera de la norma provocan un grave riesgo para la salud y la vida de los habitantes del domicilio o comercio con la posibilidad de incendios, cortocircuitos y da\u00f1o irreparable de artefactos el\u00e9ctricos.&nbsp;<\/p>\n\n\n\n<p>Es as\u00ed que EDEN \u00abalienta a los usuarios a regularizar su situaci\u00f3n para evitar multas y sanciones penales y a denunciar a quienes ofrezcan este tipo de servicio, a trav\u00e9s del whatsapp 3364 52-6944 y la <a rel=\"noreferrer noopener\" href=\"https:\/\/sucursalvirtual.edensa.com.ar\/signin\" target=\"_blank\">Sucursal Virtual<\/a>\u00ab. <\/p>\n","protected":false},"excerpt":{"rendered":"<p>Desde la empresa distribuidora de energ\u00eda el\u00e9ctrica EDEN comunicaron la resoluci\u00f3n de una denuncia que supieron hacer en su momento &#8230; <a title=\"Condenan a una persona a prisi\u00f3n por adulterar medidores de luz\" class=\"read-more\" href=\"https:\/\/www.hoymercedes.com.ar\/principal\/2023\/03\/10\/condenan-a-una-persona-a-prision-por-adulterar-medidores-de-luz\/\" aria-label=\"Leer m\u00e1s sobre Condenan a una persona a prisi\u00f3n por adulterar medidores de luz\">Leer m\u00e1s<\/a><\/p>\n","protected":false},"author":1,"featured_media":159359,"comment_status":"closed","ping_status":"open","sticky":false,"template":"","format":"standard","meta":{"_monsterinsights_skip_tracking":false,"_monsterinsights_sitenote_active":false,"_monsterinsights_sitenote_note":"","_monsterinsights_sitenote_category":0,"jetpack_post_was_ever_published":false,"_jetpack_newsletter_access":"","_jetpack_dont_email_post_to_subs":false,"_jetpack_newsletter_tier_id":0,"_jetpack_memberships_contains_paywalled_content":false,"_jetpack_memberships_contains_paid_content":false,"footnotes":"","jetpack_publicize_message":"","jetpack_publicize_feature_enabled":true,"jetpack_social_post_already_shared":true,"jetpack_social_options":{"image_generator_settings":{"template":"highway","default_image_id":0,"font":"","enabled":false},"version":2},"_wpas_customize_per_network":false},"categories":[8],"tags":[],"class_list":["post-159358","post","type-post","status-publish","format-standard","has-post-thumbnail","hentry","category-sociedad","generate-columns","tablet-grid-50","mobile-grid-100","grid-parent","grid-50"],"jetpack_publicize_connections":[],"jetpack_featured_media_url":"https:\/\/www.hoymercedes.com.ar\/principal\/wp-content\/uploads\/2023\/03\/image-14.png","wps_subtitle":"","jetpack_sharing_enabled":true,"_links":{"self":[{"href":"https:\/\/www.hoymercedes.com.ar\/principal\/wp-json\/wp\/v2\/posts\/159358","targetHints":{"allow":["GET"]}}],"collection":[{"href":"https:\/\/www.hoymercedes.com.ar\/principal\/wp-json\/wp\/v2\/posts"}],"about":[{"href":"https:\/\/www.hoymercedes.com.ar\/principal\/wp-json\/wp\/v2\/types\/post"}],"author":[{"embeddable":true,"href":"https:\/\/www.hoymercedes.com.ar\/principal\/wp-json\/wp\/v2\/users\/1"}],"replies":[{"embeddable":true,"href":"https:\/\/www.hoymercedes.com.ar\/principal\/wp-json\/wp\/v2\/comments?post=159358"}],"version-history":[{"count":0,"href":"https:\/\/www.hoymercedes.com.ar\/principal\/wp-json\/wp\/v2\/posts\/159358\/revisions"}],"wp:featuredmedia":[{"embeddable":true,"href":"https:\/\/www.hoymercedes.com.ar\/principal\/wp-json\/wp\/v2\/media\/159359"}],"wp:attachment":[{"href":"https:\/\/www.hoymercedes.com.ar\/principal\/wp-json\/wp\/v2\/media?parent=159358"}],"wp:term":[{"taxonomy":"category","embeddable":true,"href":"https:\/\/www.hoymercedes.com.ar\/principal\/wp-json\/wp\/v2\/categories?post=159358"},{"taxonomy":"post_tag","embeddable":true,"href":"https:\/\/www.hoymercedes.com.ar\/principal\/wp-json\/wp\/v2\/tags?post=159358"}],"curies":[{"name":"wp","href":"https:\/\/api.w.org\/{rel}","templated":true}]}}