{"id":159382,"date":"2023-03-11T09:21:29","date_gmt":"2023-03-11T12:21:29","guid":{"rendered":"https:\/\/www.hoymercedes.com.ar\/principal\/?p=159382"},"modified":"2023-03-11T09:21:32","modified_gmt":"2023-03-11T12:21:32","slug":"sabado-11-y-domingo-12-convencion-internacional-de-tatuajes","status":"publish","type":"post","link":"https:\/\/www.hoymercedes.com.ar\/principal\/2023\/03\/11\/sabado-11-y-domingo-12-convencion-internacional-de-tatuajes\/","title":{"rendered":"S\u00e1bado 11 y domingo 12: Convenci\u00f3n internacional de tatuajes"},"content":{"rendered":"\n<p>A partir de la hora 11 de este s\u00e1bado 11 de marzo, en el Centro Cultural La Trocha se desarrollar\u00e1 la Primera Covenci\u00f3n Internacional de Tatuajes. M\u00e1s de 130 tatuadores se reunir\u00e1n para competir con sus dise\u00f1os, aunque tambi\u00e9n aprovechar\u00e1n para capacitarse y conocer nuevos insumos para sus tareas. <\/p>\n\n\n<div class=\"wp-block-image\">\n<figure class=\"aligncenter size-full\"><img loading=\"lazy\" decoding=\"async\" width=\"800\" height=\"533\" data-attachment-id=\"159383\" data-permalink=\"https:\/\/www.hoymercedes.com.ar\/principal\/2023\/03\/11\/sabado-11-y-domingo-12-convencion-internacional-de-tatuajes\/2023-03-10\/#main\" data-orig-file=\"https:\/\/www.hoymercedes.com.ar\/principal\/wp-content\/uploads\/2023\/03\/2023-03-10.jpeg\" data-orig-size=\"800,533\" data-comments-opened=\"0\" data-image-meta=\"{&quot;aperture&quot;:&quot;0&quot;,&quot;credit&quot;:&quot;&quot;,&quot;camera&quot;:&quot;&quot;,&quot;caption&quot;:&quot;&quot;,&quot;created_timestamp&quot;:&quot;0&quot;,&quot;copyright&quot;:&quot;&quot;,&quot;focal_length&quot;:&quot;0&quot;,&quot;iso&quot;:&quot;0&quot;,&quot;shutter_speed&quot;:&quot;0&quot;,&quot;title&quot;:&quot;&quot;,&quot;orientation&quot;:&quot;0&quot;}\" data-image-title=\"2023-03-10\" data-image-description=\"\" data-image-caption=\"\" data-large-file=\"https:\/\/www.hoymercedes.com.ar\/principal\/wp-content\/uploads\/2023\/03\/2023-03-10.jpeg\" src=\"https:\/\/www.hoymercedes.com.ar\/principal\/wp-content\/uploads\/2023\/03\/2023-03-10.jpeg\" alt=\"\" class=\"wp-image-159383\" srcset=\"https:\/\/www.hoymercedes.com.ar\/principal\/wp-content\/uploads\/2023\/03\/2023-03-10.jpeg 800w, https:\/\/www.hoymercedes.com.ar\/principal\/wp-content\/uploads\/2023\/03\/2023-03-10-630x420.jpeg 630w, https:\/\/www.hoymercedes.com.ar\/principal\/wp-content\/uploads\/2023\/03\/2023-03-10-150x100.jpeg 150w, https:\/\/www.hoymercedes.com.ar\/principal\/wp-content\/uploads\/2023\/03\/2023-03-10-700x465.jpeg 700w\" sizes=\"auto, (max-width: 800px) 100vw, 800px\" \/><\/figure>\n<\/div>\n\n\n<p>Los vecinos tambi\u00e9n podr\u00e1n acceder a la convenci\u00f3n, ya que la entrada es libre, solo se propone una colaboraci\u00f3n de un alimento no perecedero para donar. <\/p>\n\n\n\n<p>A trav\u00e9s de una conferencia de prensa, el Municipio junto a tatuadores de la ciudad que desde hace m\u00e1s de un est\u00e1n promocionando el evento, contaron que ser\u00e1n dos jorandas donde los tatuadores presentar\u00e1n sus dise\u00f1os, competir\u00e1n, pero tambi\u00e9n permitir\u00e1 a los visitantes conocer la disciplina y recorrer el predio donde habr\u00e1 artesanos del Paseo del Jacaranda, un sector de comida y m\u00fasica en vivo con Tren Misterioso. <\/p>\n\n\n\n<p>En la presentaci\u00f3n a los medios, Kitty, uno de los tatuadores que participa de la organizaci\u00f3n, expres\u00f3: \u201cso\u00f1aba que esto se diera en mi ciudad, una propuesta distinta, donde habr\u00e1 tatuadores de todo el pa\u00eds, algunos compitiendo, otros abriendo sus tiendas, quienes se quieran iniciar van a poder comprar insumos de tatuajes, m\u00e1quinas, etc, va a haber pintura en vivo, que ser\u00e1n subastadas y donadas\u201d.\u00a0<\/p>\n\n\n\n<p>Habr\u00e1 concursos que tendr\u00e1n como jurado a 8 de los 20 mejores tatuadores del pa\u00eds, lo que le da a la convenci\u00f3n un nivel incre\u00edble, donde, adem\u00e1s, habr\u00e1 una calidad de artistas muy alto, donde se ver\u00e1n tatuajes que s\u00f3lo se ven en revistas\u201d, agreg\u00f3.\u00a0\u00a0<\/p>\n\n\n<div class=\"wp-block-image\">\n<figure class=\"aligncenter size-full\"><img loading=\"lazy\" decoding=\"async\" width=\"526\" height=\"526\" data-attachment-id=\"159384\" data-permalink=\"https:\/\/www.hoymercedes.com.ar\/principal\/2023\/03\/11\/sabado-11-y-domingo-12-convencion-internacional-de-tatuajes\/image-15-3\/#main\" data-orig-file=\"https:\/\/www.hoymercedes.com.ar\/principal\/wp-content\/uploads\/2023\/03\/image-15.png\" data-orig-size=\"526,526\" data-comments-opened=\"0\" data-image-meta=\"{&quot;aperture&quot;:&quot;0&quot;,&quot;credit&quot;:&quot;&quot;,&quot;camera&quot;:&quot;&quot;,&quot;caption&quot;:&quot;&quot;,&quot;created_timestamp&quot;:&quot;0&quot;,&quot;copyright&quot;:&quot;&quot;,&quot;focal_length&quot;:&quot;0&quot;,&quot;iso&quot;:&quot;0&quot;,&quot;shutter_speed&quot;:&quot;0&quot;,&quot;title&quot;:&quot;&quot;,&quot;orientation&quot;:&quot;0&quot;}\" data-image-title=\"image-15\" data-image-description=\"\" data-image-caption=\"\" data-large-file=\"https:\/\/www.hoymercedes.com.ar\/principal\/wp-content\/uploads\/2023\/03\/image-15.png\" src=\"https:\/\/www.hoymercedes.com.ar\/principal\/wp-content\/uploads\/2023\/03\/image-15.png\" alt=\"\" class=\"wp-image-159384\" srcset=\"https:\/\/www.hoymercedes.com.ar\/principal\/wp-content\/uploads\/2023\/03\/image-15.png 526w, https:\/\/www.hoymercedes.com.ar\/principal\/wp-content\/uploads\/2023\/03\/image-15-150x150.png 150w\" sizes=\"auto, (max-width: 526px) 100vw, 526px\" \/><\/figure>\n<\/div>","protected":false},"excerpt":{"rendered":"<p>A partir de la hora 11 de este s\u00e1bado 11 de marzo, en el Centro Cultural La Trocha se desarrollar\u00e1 &#8230; <a title=\"S\u00e1bado 11 y domingo 12: Convenci\u00f3n internacional de tatuajes\" class=\"read-more\" href=\"https:\/\/www.hoymercedes.com.ar\/principal\/2023\/03\/11\/sabado-11-y-domingo-12-convencion-internacional-de-tatuajes\/\" aria-label=\"Leer m\u00e1s sobre S\u00e1bado 11 y domingo 12: Convenci\u00f3n internacional de tatuajes\">Leer m\u00e1s<\/a><\/p>\n","protected":false},"author":1,"featured_media":159383,"comment_status":"closed","ping_status":"open","sticky":false,"template":"","format":"standard","meta":{"_monsterinsights_skip_tracking":false,"_monsterinsights_sitenote_active":false,"_monsterinsights_sitenote_note":"","_monsterinsights_sitenote_category":0,"jetpack_post_was_ever_published":false,"_jetpack_newsletter_access":"","_jetpack_dont_email_post_to_subs":false,"_jetpack_newsletter_tier_id":0,"_jetpack_memberships_contains_paywalled_content":false,"_jetpack_memberships_contains_paid_content":false,"footnotes":"","jetpack_publicize_message":"","jetpack_publicize_feature_enabled":true,"jetpack_social_post_already_shared":true,"jetpack_social_options":{"image_generator_settings":{"template":"highway","default_image_id":0,"font":"","enabled":false},"version":2},"_wpas_customize_per_network":false},"categories":[104],"tags":[7805,244],"class_list":["post-159382","post","type-post","status-publish","format-standard","has-post-thumbnail","hentry","category-cultura","tag-cultura","tag-municipio-2","generate-columns","tablet-grid-50","mobile-grid-100","grid-parent","grid-50"],"jetpack_publicize_connections":[],"jetpack_featured_media_url":"https:\/\/www.hoymercedes.com.ar\/principal\/wp-content\/uploads\/2023\/03\/2023-03-10.jpeg","wps_subtitle":"","jetpack_sharing_enabled":true,"_links":{"self":[{"href":"https:\/\/www.hoymercedes.com.ar\/principal\/wp-json\/wp\/v2\/posts\/159382","targetHints":{"allow":["GET"]}}],"collection":[{"href":"https:\/\/www.hoymercedes.com.ar\/principal\/wp-json\/wp\/v2\/posts"}],"about":[{"href":"https:\/\/www.hoymercedes.com.ar\/principal\/wp-json\/wp\/v2\/types\/post"}],"author":[{"embeddable":true,"href":"https:\/\/www.hoymercedes.com.ar\/principal\/wp-json\/wp\/v2\/users\/1"}],"replies":[{"embeddable":true,"href":"https:\/\/www.hoymercedes.com.ar\/principal\/wp-json\/wp\/v2\/comments?post=159382"}],"version-history":[{"count":0,"href":"https:\/\/www.hoymercedes.com.ar\/principal\/wp-json\/wp\/v2\/posts\/159382\/revisions"}],"wp:featuredmedia":[{"embeddable":true,"href":"https:\/\/www.hoymercedes.com.ar\/principal\/wp-json\/wp\/v2\/media\/159383"}],"wp:attachment":[{"href":"https:\/\/www.hoymercedes.com.ar\/principal\/wp-json\/wp\/v2\/media?parent=159382"}],"wp:term":[{"taxonomy":"category","embeddable":true,"href":"https:\/\/www.hoymercedes.com.ar\/principal\/wp-json\/wp\/v2\/categories?post=159382"},{"taxonomy":"post_tag","embeddable":true,"href":"https:\/\/www.hoymercedes.com.ar\/principal\/wp-json\/wp\/v2\/tags?post=159382"}],"curies":[{"name":"wp","href":"https:\/\/api.w.org\/{rel}","templated":true}]}}