{"id":159436,"date":"2023-03-12T12:39:18","date_gmt":"2023-03-12T15:39:18","guid":{"rendered":"https:\/\/www.hoymercedes.com.ar\/principal\/?p=159436"},"modified":"2023-03-12T12:39:42","modified_gmt":"2023-03-12T15:39:42","slug":"detienen-a-hombre-acusado-de-abuso-sexual-2","status":"publish","type":"post","link":"https:\/\/www.hoymercedes.com.ar\/principal\/2023\/03\/12\/detienen-a-hombre-acusado-de-abuso-sexual-2\/","title":{"rendered":"Detienen a hombre acusado de abuso sexual"},"content":{"rendered":"\n<p>Un hombre de 43 a\u00f1os de edad fue aprendido tras solicitud de la justicia e investigaci\u00f3n policial acusado de cometer un \u201cabuso sexual gravemente ultrajante\u201d. Fue aprehendido en calles 14 y 105.<\/p>\n\n\n\n<p>Tras las actuaciones de los uniformados se pudo dar respuesta la solicitud emanada por la U.F.I N\u00ba 2 y el Juzgado de Garant\u00edas N\u00ba 2.<\/p>\n\n\n\n<p>Ahora el sujeto, qui\u00e9n ten\u00eda sobre s\u00ed la orden de detenci\u00f3n, deber\u00e1 rendir cuentas por las acusaciones y causa iniciadas.<\/p>\n\n\n<div class=\"wp-block-image\">\n<figure class=\"aligncenter size-full\"><img loading=\"lazy\" decoding=\"async\" width=\"828\" height=\"538\" data-attachment-id=\"159437\" data-permalink=\"https:\/\/www.hoymercedes.com.ar\/principal\/2023\/03\/12\/detienen-a-hombre-acusado-de-abuso-sexual-2\/img-20230312-wa0000\/#main\" data-orig-file=\"https:\/\/www.hoymercedes.com.ar\/principal\/wp-content\/uploads\/2023\/03\/IMG-20230312-WA0000.jpg\" data-orig-size=\"828,538\" data-comments-opened=\"0\" data-image-meta=\"{&quot;aperture&quot;:&quot;0&quot;,&quot;credit&quot;:&quot;&quot;,&quot;camera&quot;:&quot;&quot;,&quot;caption&quot;:&quot;&quot;,&quot;created_timestamp&quot;:&quot;0&quot;,&quot;copyright&quot;:&quot;&quot;,&quot;focal_length&quot;:&quot;0&quot;,&quot;iso&quot;:&quot;0&quot;,&quot;shutter_speed&quot;:&quot;0&quot;,&quot;title&quot;:&quot;&quot;,&quot;orientation&quot;:&quot;0&quot;}\" data-image-title=\"IMG-20230312-WA0000\" data-image-description=\"\" data-image-caption=\"\" data-large-file=\"https:\/\/www.hoymercedes.com.ar\/principal\/wp-content\/uploads\/2023\/03\/IMG-20230312-WA0000.jpg\" src=\"https:\/\/www.hoymercedes.com.ar\/principal\/wp-content\/uploads\/2023\/03\/IMG-20230312-WA0000.jpg\" alt=\"\" class=\"wp-image-159437\" srcset=\"https:\/\/www.hoymercedes.com.ar\/principal\/wp-content\/uploads\/2023\/03\/IMG-20230312-WA0000.jpg 828w, https:\/\/www.hoymercedes.com.ar\/principal\/wp-content\/uploads\/2023\/03\/IMG-20230312-WA0000-630x409.jpg 630w, https:\/\/www.hoymercedes.com.ar\/principal\/wp-content\/uploads\/2023\/03\/IMG-20230312-WA0000-150x97.jpg 150w\" sizes=\"auto, (max-width: 828px) 100vw, 828px\" \/><\/figure>\n<\/div>","protected":false},"excerpt":{"rendered":"<p>Un hombre de 43 a\u00f1os de edad fue aprendido tras solicitud de la justicia e investigaci\u00f3n policial acusado de cometer &#8230; <a title=\"Detienen a hombre acusado de abuso sexual\" class=\"read-more\" href=\"https:\/\/www.hoymercedes.com.ar\/principal\/2023\/03\/12\/detienen-a-hombre-acusado-de-abuso-sexual-2\/\" aria-label=\"Leer m\u00e1s sobre Detienen a hombre acusado de abuso sexual\">Leer m\u00e1s<\/a><\/p>\n","protected":false},"author":1,"featured_media":159437,"comment_status":"closed","ping_status":"open","sticky":false,"template":"","format":"standard","meta":{"_monsterinsights_skip_tracking":false,"_monsterinsights_sitenote_active":false,"_monsterinsights_sitenote_note":"","_monsterinsights_sitenote_category":0,"jetpack_post_was_ever_published":false,"_jetpack_newsletter_access":"","_jetpack_dont_email_post_to_subs":false,"_jetpack_newsletter_tier_id":0,"_jetpack_memberships_contains_paywalled_content":false,"_jetpack_memberships_contains_paid_content":false,"footnotes":"","jetpack_publicize_message":"","jetpack_publicize_feature_enabled":true,"jetpack_social_post_already_shared":true,"jetpack_social_options":{"image_generator_settings":{"template":"highway","default_image_id":0,"font":"","enabled":false},"version":2},"_wpas_customize_per_network":false},"categories":[85],"tags":[17964],"class_list":["post-159436","post","type-post","status-publish","format-standard","has-post-thumbnail","hentry","category-policial","tag-policia-2","generate-columns","tablet-grid-50","mobile-grid-100","grid-parent","grid-50"],"jetpack_publicize_connections":[],"jetpack_featured_media_url":"https:\/\/www.hoymercedes.com.ar\/principal\/wp-content\/uploads\/2023\/03\/IMG-20230312-WA0000.jpg","wps_subtitle":"","jetpack_sharing_enabled":true,"_links":{"self":[{"href":"https:\/\/www.hoymercedes.com.ar\/principal\/wp-json\/wp\/v2\/posts\/159436","targetHints":{"allow":["GET"]}}],"collection":[{"href":"https:\/\/www.hoymercedes.com.ar\/principal\/wp-json\/wp\/v2\/posts"}],"about":[{"href":"https:\/\/www.hoymercedes.com.ar\/principal\/wp-json\/wp\/v2\/types\/post"}],"author":[{"embeddable":true,"href":"https:\/\/www.hoymercedes.com.ar\/principal\/wp-json\/wp\/v2\/users\/1"}],"replies":[{"embeddable":true,"href":"https:\/\/www.hoymercedes.com.ar\/principal\/wp-json\/wp\/v2\/comments?post=159436"}],"version-history":[{"count":0,"href":"https:\/\/www.hoymercedes.com.ar\/principal\/wp-json\/wp\/v2\/posts\/159436\/revisions"}],"wp:featuredmedia":[{"embeddable":true,"href":"https:\/\/www.hoymercedes.com.ar\/principal\/wp-json\/wp\/v2\/media\/159437"}],"wp:attachment":[{"href":"https:\/\/www.hoymercedes.com.ar\/principal\/wp-json\/wp\/v2\/media?parent=159436"}],"wp:term":[{"taxonomy":"category","embeddable":true,"href":"https:\/\/www.hoymercedes.com.ar\/principal\/wp-json\/wp\/v2\/categories?post=159436"},{"taxonomy":"post_tag","embeddable":true,"href":"https:\/\/www.hoymercedes.com.ar\/principal\/wp-json\/wp\/v2\/tags?post=159436"}],"curies":[{"name":"wp","href":"https:\/\/api.w.org\/{rel}","templated":true}]}}