{"id":159449,"date":"2023-03-12T16:30:07","date_gmt":"2023-03-12T19:30:07","guid":{"rendered":"https:\/\/www.hoymercedes.com.ar\/principal\/?p=159449"},"modified":"2023-03-12T16:55:40","modified_gmt":"2023-03-12T19:55:40","slug":"a-los-cortes-de-luz-y-agua-se-le-sumo-la-invasion-de-trips","status":"publish","type":"post","link":"https:\/\/www.hoymercedes.com.ar\/principal\/2023\/03\/12\/a-los-cortes-de-luz-y-agua-se-le-sumo-la-invasion-de-trips\/","title":{"rendered":"A los cortes de luz y agua se le sum\u00f3 la invasi\u00f3n de \u00abtrips\u00bb"},"content":{"rendered":"\n<p>D\u00edas de altas temperaturas, pero tambi\u00e9n de cortes de luz y de agua, a lo que se suma la invasi\u00f3n de \u00abbichitos negros\u00bb. As\u00ed est\u00e1n viviendo varios vecinos. O al menos, as\u00ed lo desmuestran algunos de ellos en sus rede sociales, vecinos que viven en barrios y zonas rurales. <\/p>\n\n\n\n<p>Tanto en la zona rural como en la ciudad en s\u00ed, en los \u00faltimos d\u00edas se vivieron corte de luz y agua. Por un lado, vecinos del barrio Obrero denuncian que es baja la presi\u00f3n de agua y que por lo tanto, no les alcanza para recuperar la cargas de sus tanques. El agua se volvi\u00f3 algo preciado para los d\u00edas de casi 40\u00b0. <\/p>\n\n\n\n<p>En tanto, el servicio de energ\u00eda el\u00e9ctrica se vio comprometida el viernes a la noche en la zona c\u00e9ntrica. Sin embargo, la mayor preocupaci\u00f3n la est\u00e1n teniendo los vecinos usuarios de la Cooperativa Lev\u00edn. El viernes tuvieron cortes a la madrugada, al mediod\u00eda, a la tarde y a la noche. El s\u00e1bado otros seis cortes m\u00e1s tambi\u00e9n en distintos horarios. <\/p>\n\n\n\n<p>La Cooperativa informa que se vieron afectados por problemas en la red que abastece la estaci\u00f3n transformadora ubicada en Gowland y por lo tanto se vieron afectados los usuarios de esta localidad, de Agote, Altamira, Goldney, La Florida, Tom\u00e1s Jofr\u00e9, a Verde, El Sobrante, Almac\u00e9n Puricelli, y Ruta 41. <\/p>\n\n\n\n<p>Sin embargo, los usuarios &#8211; algunos de ellos socios de la Cooperativa &#8211; denuncian la p\u00e9rdida de alimentos y de electrodom\u00e9sticos que se han quemado por las altas y bajas tensiones. Vecinos de Agote aseguraron que la tensi\u00f3n les oscil\u00f3 entre los 200 y los 250 volts. <\/p>\n\n\n\n<p><strong>Bichos negros<\/strong><\/p>\n\n\n<div class=\"wp-block-image\">\n<figure class=\"alignleft size-large is-resized\"><img loading=\"lazy\" decoding=\"async\" data-attachment-id=\"159450\" data-permalink=\"https:\/\/www.hoymercedes.com.ar\/principal\/2023\/03\/12\/a-los-cortes-de-luz-y-agua-se-le-sumo-la-invasion-de-trips\/image-18-3\/#main\" data-orig-file=\"https:\/\/www.hoymercedes.com.ar\/principal\/wp-content\/uploads\/2023\/03\/image-18.png\" data-orig-size=\"1536,2048\" data-comments-opened=\"0\" data-image-meta=\"{&quot;aperture&quot;:&quot;0&quot;,&quot;credit&quot;:&quot;&quot;,&quot;camera&quot;:&quot;&quot;,&quot;caption&quot;:&quot;&quot;,&quot;created_timestamp&quot;:&quot;0&quot;,&quot;copyright&quot;:&quot;&quot;,&quot;focal_length&quot;:&quot;0&quot;,&quot;iso&quot;:&quot;0&quot;,&quot;shutter_speed&quot;:&quot;0&quot;,&quot;title&quot;:&quot;&quot;,&quot;orientation&quot;:&quot;0&quot;}\" data-image-title=\"image-18\" data-image-description=\"\" data-image-caption=\"\" data-large-file=\"https:\/\/www.hoymercedes.com.ar\/principal\/wp-content\/uploads\/2023\/03\/image-18-768x1024.png\" src=\"https:\/\/www.hoymercedes.com.ar\/principal\/wp-content\/uploads\/2023\/03\/image-18-768x1024.png\" alt=\"\" class=\"wp-image-159450\" width=\"303\" height=\"404\" srcset=\"https:\/\/www.hoymercedes.com.ar\/principal\/wp-content\/uploads\/2023\/03\/image-18-768x1024.png 768w, https:\/\/www.hoymercedes.com.ar\/principal\/wp-content\/uploads\/2023\/03\/image-18-465x620.png 465w, https:\/\/www.hoymercedes.com.ar\/principal\/wp-content\/uploads\/2023\/03\/image-18-113x150.png 113w, https:\/\/www.hoymercedes.com.ar\/principal\/wp-content\/uploads\/2023\/03\/image-18-1152x1536.png 1152w, https:\/\/www.hoymercedes.com.ar\/principal\/wp-content\/uploads\/2023\/03\/image-18.png 1536w\" sizes=\"auto, (max-width: 303px) 100vw, 303px\" \/><figcaption class=\"wp-element-caption\">Imagen tomada del Grupo Mercedes en el Recuerdo. <\/figcaption><\/figure>\n<\/div>\n\n\n<p>A los problemas de luz y agua, se le sumaron los \u00abbichitos negros\u00bb. Ahora reconocidos como \u00abtrips\u00bb, llegaron al Partido de Mercedes. En estos \u00faltimos d\u00eda, sobre todo vecinos de la zona rural &#8211; Gowland, Agote y aleda\u00f1os &#8211; se hicieron p\u00fablica la presencia de estos \u00abbichitos negros\u00bb en el agua de la pileta, contando que picaban y produc\u00edan un gran ardor. <\/p>\n\n\n\n<p>En busca de diferentes soluciones y saber qu\u00e9 es lo que afecta a los vecinos, de a poco se supo que este \u00abbichito\u00bb tambi\u00e9n est\u00e1 invadiendo AMBA y es producto de la ola de calor y la sequ\u00eda en el campo. <\/p>\n\n\n\n<p>Se trata de una plaga de trips, unos insectos \u00ednfimos que cuando est\u00e1n en el aire parecen \u00e1caros o piojilos de paloma. Miden poco m\u00e1s de un mil\u00edmetro. Los adultos son de color gris oscuro casi negro<\/p>\n\n\n\n<p>A modo de consejo, los vecinos que est\u00e1n en proceso de combatirlos explicaron que , hasta el momento, solo les funcion\u00f3 colocar recipientes de color azul untados con aceite. All\u00ed se posan estos bichos que ser\u00edan atra\u00eddos por el color tanto amarillo como azul. Tambi\u00e9n aconsejan utilizar una mezcla de agua con jab\u00f3n pot\u00e1sico y esparcirlo. \u00c9ste es un insecticida ecol\u00f3gico\u00a0recomendado por el INTA para el combate de algunas plagas. Puede conseguirse en casas de jardiner\u00eda y horticultura.<\/p>\n\n\n<div class=\"wp-block-image\">\n<figure class=\"aligncenter size-full\"><img loading=\"lazy\" decoding=\"async\" width=\"526\" height=\"802\" data-attachment-id=\"159451\" data-permalink=\"https:\/\/www.hoymercedes.com.ar\/principal\/2023\/03\/12\/a-los-cortes-de-luz-y-agua-se-le-sumo-la-invasion-de-trips\/image-19-3\/#main\" data-orig-file=\"https:\/\/www.hoymercedes.com.ar\/principal\/wp-content\/uploads\/2023\/03\/image-19.png\" data-orig-size=\"526,802\" data-comments-opened=\"0\" data-image-meta=\"{&quot;aperture&quot;:&quot;0&quot;,&quot;credit&quot;:&quot;&quot;,&quot;camera&quot;:&quot;&quot;,&quot;caption&quot;:&quot;&quot;,&quot;created_timestamp&quot;:&quot;0&quot;,&quot;copyright&quot;:&quot;&quot;,&quot;focal_length&quot;:&quot;0&quot;,&quot;iso&quot;:&quot;0&quot;,&quot;shutter_speed&quot;:&quot;0&quot;,&quot;title&quot;:&quot;&quot;,&quot;orientation&quot;:&quot;0&quot;}\" data-image-title=\"image-19\" data-image-description=\"\" data-image-caption=\"\" data-large-file=\"https:\/\/www.hoymercedes.com.ar\/principal\/wp-content\/uploads\/2023\/03\/image-19.png\" src=\"https:\/\/www.hoymercedes.com.ar\/principal\/wp-content\/uploads\/2023\/03\/image-19.png\" alt=\"\" class=\"wp-image-159451\" srcset=\"https:\/\/www.hoymercedes.com.ar\/principal\/wp-content\/uploads\/2023\/03\/image-19.png 526w, https:\/\/www.hoymercedes.com.ar\/principal\/wp-content\/uploads\/2023\/03\/image-19-407x620.png 407w, https:\/\/www.hoymercedes.com.ar\/principal\/wp-content\/uploads\/2023\/03\/image-19-98x150.png 98w\" sizes=\"auto, (max-width: 526px) 100vw, 526px\" \/><figcaption class=\"wp-element-caption\">Fotograf\u00eda: Yesica Landola<\/figcaption><\/figure>\n<\/div>","protected":false},"excerpt":{"rendered":"<p>D\u00edas de altas temperaturas, pero tambi\u00e9n de cortes de luz y de agua, a lo que se suma la invasi\u00f3n &#8230; <a title=\"A los cortes de luz y agua se le sum\u00f3 la invasi\u00f3n de \u00abtrips\u00bb\" class=\"read-more\" href=\"https:\/\/www.hoymercedes.com.ar\/principal\/2023\/03\/12\/a-los-cortes-de-luz-y-agua-se-le-sumo-la-invasion-de-trips\/\" aria-label=\"Leer m\u00e1s sobre A los cortes de luz y agua se le sum\u00f3 la invasi\u00f3n de \u00abtrips\u00bb\">Leer m\u00e1s<\/a><\/p>\n","protected":false},"author":1,"featured_media":159451,"comment_status":"closed","ping_status":"open","sticky":false,"template":"","format":"standard","meta":{"_monsterinsights_skip_tracking":false,"_monsterinsights_sitenote_active":false,"_monsterinsights_sitenote_note":"","_monsterinsights_sitenote_category":0,"jetpack_post_was_ever_published":false,"_jetpack_newsletter_access":"","_jetpack_dont_email_post_to_subs":false,"_jetpack_newsletter_tier_id":0,"_jetpack_memberships_contains_paywalled_content":false,"_jetpack_memberships_contains_paid_content":false,"footnotes":"","jetpack_publicize_message":"","jetpack_publicize_feature_enabled":true,"jetpack_social_post_already_shared":true,"jetpack_social_options":{"image_generator_settings":{"template":"highway","default_image_id":0,"font":"","enabled":false},"version":2},"_wpas_customize_per_network":false},"categories":[8],"tags":[],"class_list":["post-159449","post","type-post","status-publish","format-standard","has-post-thumbnail","hentry","category-sociedad","generate-columns","tablet-grid-50","mobile-grid-100","grid-parent","grid-50"],"jetpack_publicize_connections":[],"jetpack_featured_media_url":"https:\/\/www.hoymercedes.com.ar\/principal\/wp-content\/uploads\/2023\/03\/image-19.png","wps_subtitle":"","jetpack_sharing_enabled":true,"_links":{"self":[{"href":"https:\/\/www.hoymercedes.com.ar\/principal\/wp-json\/wp\/v2\/posts\/159449","targetHints":{"allow":["GET"]}}],"collection":[{"href":"https:\/\/www.hoymercedes.com.ar\/principal\/wp-json\/wp\/v2\/posts"}],"about":[{"href":"https:\/\/www.hoymercedes.com.ar\/principal\/wp-json\/wp\/v2\/types\/post"}],"author":[{"embeddable":true,"href":"https:\/\/www.hoymercedes.com.ar\/principal\/wp-json\/wp\/v2\/users\/1"}],"replies":[{"embeddable":true,"href":"https:\/\/www.hoymercedes.com.ar\/principal\/wp-json\/wp\/v2\/comments?post=159449"}],"version-history":[{"count":0,"href":"https:\/\/www.hoymercedes.com.ar\/principal\/wp-json\/wp\/v2\/posts\/159449\/revisions"}],"wp:featuredmedia":[{"embeddable":true,"href":"https:\/\/www.hoymercedes.com.ar\/principal\/wp-json\/wp\/v2\/media\/159451"}],"wp:attachment":[{"href":"https:\/\/www.hoymercedes.com.ar\/principal\/wp-json\/wp\/v2\/media?parent=159449"}],"wp:term":[{"taxonomy":"category","embeddable":true,"href":"https:\/\/www.hoymercedes.com.ar\/principal\/wp-json\/wp\/v2\/categories?post=159449"},{"taxonomy":"post_tag","embeddable":true,"href":"https:\/\/www.hoymercedes.com.ar\/principal\/wp-json\/wp\/v2\/tags?post=159449"}],"curies":[{"name":"wp","href":"https:\/\/api.w.org\/{rel}","templated":true}]}}