{"id":159500,"date":"2023-03-13T19:10:00","date_gmt":"2023-03-13T22:10:00","guid":{"rendered":"https:\/\/www.hoymercedes.com.ar\/principal\/?p=159500"},"modified":"2023-03-13T15:23:09","modified_gmt":"2023-03-13T18:23:09","slug":"cerca-de-600-personas-participaron-de-la-cena-solidaria-con-bomberos","status":"publish","type":"post","link":"https:\/\/www.hoymercedes.com.ar\/principal\/2023\/03\/13\/cerca-de-600-personas-participaron-de-la-cena-solidaria-con-bomberos\/","title":{"rendered":"Cerca de 600 personas participaron de la cena solidaria con Bomberos"},"content":{"rendered":"\n<p>En la noche del s\u00e1bado se concret\u00f3 la cena solidaria de \u201cTodos por Bomberos\u201d en la sede de la Sociedad Rural Regional de \u00a0Mercedes.\u00a0 Cerca de 600 personas \u2013entre mayores y menores- se congregaron en las instalaciones de la Ruta 5 para colaborar en el evento. <\/p>\n\n\n<div class=\"wp-block-image\">\n<figure class=\"aligncenter size-full\"><img loading=\"lazy\" decoding=\"async\" width=\"696\" height=\"464\" data-attachment-id=\"159501\" data-permalink=\"https:\/\/www.hoymercedes.com.ar\/principal\/2023\/03\/13\/cerca-de-600-personas-participaron-de-la-cena-solidaria-con-bomberos\/image-20-3\/#main\" data-orig-file=\"https:\/\/www.hoymercedes.com.ar\/principal\/wp-content\/uploads\/2023\/03\/image-20.png\" data-orig-size=\"696,464\" data-comments-opened=\"0\" data-image-meta=\"{&quot;aperture&quot;:&quot;0&quot;,&quot;credit&quot;:&quot;&quot;,&quot;camera&quot;:&quot;&quot;,&quot;caption&quot;:&quot;&quot;,&quot;created_timestamp&quot;:&quot;0&quot;,&quot;copyright&quot;:&quot;&quot;,&quot;focal_length&quot;:&quot;0&quot;,&quot;iso&quot;:&quot;0&quot;,&quot;shutter_speed&quot;:&quot;0&quot;,&quot;title&quot;:&quot;&quot;,&quot;orientation&quot;:&quot;0&quot;}\" data-image-title=\"image-20\" data-image-description=\"\" data-image-caption=\"\" data-large-file=\"https:\/\/www.hoymercedes.com.ar\/principal\/wp-content\/uploads\/2023\/03\/image-20.png\" src=\"https:\/\/www.hoymercedes.com.ar\/principal\/wp-content\/uploads\/2023\/03\/image-20.png\" alt=\"\" class=\"wp-image-159501\" srcset=\"https:\/\/www.hoymercedes.com.ar\/principal\/wp-content\/uploads\/2023\/03\/image-20.png 696w, https:\/\/www.hoymercedes.com.ar\/principal\/wp-content\/uploads\/2023\/03\/image-20-630x420.png 630w, https:\/\/www.hoymercedes.com.ar\/principal\/wp-content\/uploads\/2023\/03\/image-20-150x100.png 150w\" sizes=\"auto, (max-width: 696px) 100vw, 696px\" \/><\/figure>\n<\/div>\n\n\n<p>En total se cocinaron siete chanchos grandes y una vaquillona que conjuntamente con las guarniciones dejaron m\u00e1s que satisfecho a los presentes. \u00a0<\/p>\n\n\n\n<p>\u201cTodo sali\u00f3 diez puntos, la gente se fue muy contenta, y nosotros tambi\u00e9n\u201d dijeron desde el Cuerpo de Bomberos voluntarios que destacaron que se vendieron la totalidad de las entradas. <\/p>\n\n\n\n<p>\u201cSi hubi\u00e9semos tenido m\u00e1s, vend\u00edamos m\u00e1s, pero ten\u00edamos miedo que no alcance la comida\u201d, explicaron. \u00a0<\/p>\n\n\n\n<p>La recaudaci\u00f3n fue casi totalmente para la instituci\u00f3n. Ya que la vaquillona y los lechones fueron donados por productores de la Sociedad Rural, los premios fueron donados por los comerciantes de Mercedes y la mano de obra fue de los propios bomberos. <\/p>\n\n\n\n<p>\u201cLa \u00a0respuesta fue total, todo el mundo colabor\u00f3\u201d explicaron y dijeron que el mismo s\u00e1bado hubo gente que se acerc\u00f3 adem\u00e1s para realizar donativas para el almuerzo del 2 de abril.<\/p>\n\n\n\n<p>La m\u00fasica en vivo estuvo a cargo de Claudio Mart\u00edn Rosa, Mart\u00edn Soler y Oscar Rossello, entre otros. Adem\u00e1s, cuerpos de ballet fokl\u00f3rico para que los que se sumaron a la propuesta bailaran despu\u00e9s de la comidad. <\/p>\n\n\n\n<p>Colaboraci\u00f3n Mariano Oyarz\u00fa<\/p>\n","protected":false},"excerpt":{"rendered":"<p>En la noche del s\u00e1bado se concret\u00f3 la cena solidaria de \u201cTodos por Bomberos\u201d en la sede de la Sociedad &#8230; <a title=\"Cerca de 600 personas participaron de la cena solidaria con Bomberos\" class=\"read-more\" href=\"https:\/\/www.hoymercedes.com.ar\/principal\/2023\/03\/13\/cerca-de-600-personas-participaron-de-la-cena-solidaria-con-bomberos\/\" aria-label=\"Leer m\u00e1s sobre Cerca de 600 personas participaron de la cena solidaria con Bomberos\">Leer m\u00e1s<\/a><\/p>\n","protected":false},"author":1,"featured_media":159501,"comment_status":"closed","ping_status":"open","sticky":false,"template":"","format":"standard","meta":{"_monsterinsights_skip_tracking":false,"_monsterinsights_sitenote_active":false,"_monsterinsights_sitenote_note":"","_monsterinsights_sitenote_category":0,"jetpack_post_was_ever_published":false,"_jetpack_newsletter_access":"","_jetpack_dont_email_post_to_subs":false,"_jetpack_newsletter_tier_id":0,"_jetpack_memberships_contains_paywalled_content":false,"_jetpack_memberships_contains_paid_content":false,"footnotes":"","jetpack_publicize_message":"","jetpack_publicize_feature_enabled":true,"jetpack_social_post_already_shared":true,"jetpack_social_options":{"image_generator_settings":{"template":"highway","default_image_id":0,"font":"","enabled":false},"version":2},"_wpas_customize_per_network":false},"categories":[8],"tags":[],"class_list":["post-159500","post","type-post","status-publish","format-standard","has-post-thumbnail","hentry","category-sociedad","generate-columns","tablet-grid-50","mobile-grid-100","grid-parent","grid-50"],"jetpack_publicize_connections":[],"jetpack_featured_media_url":"https:\/\/www.hoymercedes.com.ar\/principal\/wp-content\/uploads\/2023\/03\/image-20.png","wps_subtitle":"","jetpack_sharing_enabled":true,"_links":{"self":[{"href":"https:\/\/www.hoymercedes.com.ar\/principal\/wp-json\/wp\/v2\/posts\/159500","targetHints":{"allow":["GET"]}}],"collection":[{"href":"https:\/\/www.hoymercedes.com.ar\/principal\/wp-json\/wp\/v2\/posts"}],"about":[{"href":"https:\/\/www.hoymercedes.com.ar\/principal\/wp-json\/wp\/v2\/types\/post"}],"author":[{"embeddable":true,"href":"https:\/\/www.hoymercedes.com.ar\/principal\/wp-json\/wp\/v2\/users\/1"}],"replies":[{"embeddable":true,"href":"https:\/\/www.hoymercedes.com.ar\/principal\/wp-json\/wp\/v2\/comments?post=159500"}],"version-history":[{"count":0,"href":"https:\/\/www.hoymercedes.com.ar\/principal\/wp-json\/wp\/v2\/posts\/159500\/revisions"}],"wp:featuredmedia":[{"embeddable":true,"href":"https:\/\/www.hoymercedes.com.ar\/principal\/wp-json\/wp\/v2\/media\/159501"}],"wp:attachment":[{"href":"https:\/\/www.hoymercedes.com.ar\/principal\/wp-json\/wp\/v2\/media?parent=159500"}],"wp:term":[{"taxonomy":"category","embeddable":true,"href":"https:\/\/www.hoymercedes.com.ar\/principal\/wp-json\/wp\/v2\/categories?post=159500"},{"taxonomy":"post_tag","embeddable":true,"href":"https:\/\/www.hoymercedes.com.ar\/principal\/wp-json\/wp\/v2\/tags?post=159500"}],"curies":[{"name":"wp","href":"https:\/\/api.w.org\/{rel}","templated":true}]}}