{"id":159514,"date":"2023-03-14T10:42:00","date_gmt":"2023-03-14T13:42:00","guid":{"rendered":"https:\/\/www.hoymercedes.com.ar\/principal\/?p=159514"},"modified":"2023-03-14T13:41:03","modified_gmt":"2023-03-14T16:41:03","slug":"arquitectos-inicia-su-ciclo-de-arte-con-muestra-de-mirta-leyes-y-betty-poli","status":"publish","type":"post","link":"https:\/\/www.hoymercedes.com.ar\/principal\/2023\/03\/14\/arquitectos-inicia-su-ciclo-de-arte-con-muestra-de-mirta-leyes-y-betty-poli\/","title":{"rendered":"Arquitectos inicia su ciclo de arte con muestra de Mirta Leyes y Betty Poli"},"content":{"rendered":"\n<p>El viernes 17 de marzo, a la hora 20, se realizar\u00e1 en\u00a0la Sede Distrital del Colegio de Arquitectos de la\u00a0provincia de Bs As Distrito 5, (Av. 30 N\u00aa 564,\u00a0Mercedes),\u00a0el inicio de la temporada 2023 del Espacio de Arte CAPBA5.<\/p>\n\n\n\n<p>Quienes expondr\u00e1n ser\u00e1n las artistas&nbsp;Betty Poli y Mirta Leyes con su muestra titulada &nbsp;\u201cAcuarelas y&nbsp;a\u00f1oranzas. Las disciplinas que integran la muestra son&nbsp;Acuarelas y Escritos.<\/p>\n\n\n\n<p>Betty Poli: Artista pl\u00e1stica oriunda de Jauregui. \u00abMis acuarelas se&nbsp;adentran en pinceladas a un universo basto de flora fauna y rincones&nbsp;c\u00e1lidos de lugares vividos con intensidad. Que la mirada descubra&nbsp;recorra y se emocione con mi obra.\u00bb<\/p>\n\n\n\n<p>Mirta Leyes: docente, artista pl\u00e1stica. Acompa\u00f1ar\u00e1 con sus palabras las&nbsp;acuarelas de Betty Poli, reforzando ese amor que ambas tienen por la&nbsp;naturaleza y sus componentes. , con palabras de a\u00f1oranzas de una infancia&nbsp;en el litoral.<\/p>\n\n\n\n<p>Como todos los&nbsp;a\u00f1os, el Coordinador de este ciclo es el Arquitecto y Artista,&nbsp;Sebasti\u00e1n Bocca.<\/p>\n\n\n\n<p>El acceso a la muestra es libre y gratuito y se podr\u00e1&nbsp;visitar tambi\u00e9n de Lunes a Viernes de 8 a 13 horas y de 14 a 16. La exposici\u00f3n cerrar\u00e1 sus puertas el 31 de marzo. <\/p>\n\n\n\n<p>Fuente: Prensa CAPBA5<\/p>\n\n\n<div class=\"wp-block-image\">\n<figure class=\"aligncenter size-full\"><img loading=\"lazy\" decoding=\"async\" width=\"572\" height=\"800\" data-attachment-id=\"159515\" data-permalink=\"https:\/\/www.hoymercedes.com.ar\/principal\/2023\/03\/14\/arquitectos-inicia-su-ciclo-de-arte-con-muestra-de-mirta-leyes-y-betty-poli\/arqui-poli-leyes\/#main\" data-orig-file=\"https:\/\/www.hoymercedes.com.ar\/principal\/wp-content\/uploads\/2023\/03\/Arqui-Poli-Leyes.jpg\" data-orig-size=\"572,800\" data-comments-opened=\"0\" data-image-meta=\"{&quot;aperture&quot;:&quot;0&quot;,&quot;credit&quot;:&quot;&quot;,&quot;camera&quot;:&quot;&quot;,&quot;caption&quot;:&quot;&quot;,&quot;created_timestamp&quot;:&quot;0&quot;,&quot;copyright&quot;:&quot;&quot;,&quot;focal_length&quot;:&quot;0&quot;,&quot;iso&quot;:&quot;0&quot;,&quot;shutter_speed&quot;:&quot;0&quot;,&quot;title&quot;:&quot;&quot;,&quot;orientation&quot;:&quot;0&quot;}\" data-image-title=\"Arqui Poli Leyes\" data-image-description=\"\" data-image-caption=\"\" data-large-file=\"https:\/\/www.hoymercedes.com.ar\/principal\/wp-content\/uploads\/2023\/03\/Arqui-Poli-Leyes.jpg\" src=\"https:\/\/www.hoymercedes.com.ar\/principal\/wp-content\/uploads\/2023\/03\/Arqui-Poli-Leyes.jpg\" alt=\"\" class=\"wp-image-159515\" srcset=\"https:\/\/www.hoymercedes.com.ar\/principal\/wp-content\/uploads\/2023\/03\/Arqui-Poli-Leyes.jpg 572w, https:\/\/www.hoymercedes.com.ar\/principal\/wp-content\/uploads\/2023\/03\/Arqui-Poli-Leyes-443x620.jpg 443w, https:\/\/www.hoymercedes.com.ar\/principal\/wp-content\/uploads\/2023\/03\/Arqui-Poli-Leyes-107x150.jpg 107w\" sizes=\"auto, (max-width: 572px) 100vw, 572px\" \/><\/figure>\n<\/div>","protected":false},"excerpt":{"rendered":"<p>El viernes 17 de marzo, a la hora 20, se realizar\u00e1 en\u00a0la Sede Distrital del Colegio de Arquitectos de la\u00a0provincia &#8230; <a title=\"Arquitectos inicia su ciclo de arte con muestra de Mirta Leyes y Betty Poli\" class=\"read-more\" href=\"https:\/\/www.hoymercedes.com.ar\/principal\/2023\/03\/14\/arquitectos-inicia-su-ciclo-de-arte-con-muestra-de-mirta-leyes-y-betty-poli\/\" aria-label=\"Leer m\u00e1s sobre Arquitectos inicia su ciclo de arte con muestra de Mirta Leyes y Betty Poli\">Leer m\u00e1s<\/a><\/p>\n","protected":false},"author":1,"featured_media":159516,"comment_status":"closed","ping_status":"open","sticky":false,"template":"","format":"standard","meta":{"_monsterinsights_skip_tracking":false,"_monsterinsights_sitenote_active":false,"_monsterinsights_sitenote_note":"","_monsterinsights_sitenote_category":0,"jetpack_post_was_ever_published":false,"_jetpack_newsletter_access":"","_jetpack_dont_email_post_to_subs":false,"_jetpack_newsletter_tier_id":0,"_jetpack_memberships_contains_paywalled_content":false,"_jetpack_memberships_contains_paid_content":false,"footnotes":"","jetpack_publicize_message":"","jetpack_publicize_feature_enabled":true,"jetpack_social_post_already_shared":true,"jetpack_social_options":{"image_generator_settings":{"template":"highway","default_image_id":0,"font":"","enabled":false},"version":2},"_wpas_customize_per_network":false},"categories":[104],"tags":[7805],"class_list":["post-159514","post","type-post","status-publish","format-standard","has-post-thumbnail","hentry","category-cultura","tag-cultura","generate-columns","tablet-grid-50","mobile-grid-100","grid-parent","grid-50"],"jetpack_publicize_connections":[],"jetpack_featured_media_url":"https:\/\/www.hoymercedes.com.ar\/principal\/wp-content\/uploads\/2023\/03\/Arqui-Poli-Leyes1.jpg","wps_subtitle":"","jetpack_sharing_enabled":true,"_links":{"self":[{"href":"https:\/\/www.hoymercedes.com.ar\/principal\/wp-json\/wp\/v2\/posts\/159514","targetHints":{"allow":["GET"]}}],"collection":[{"href":"https:\/\/www.hoymercedes.com.ar\/principal\/wp-json\/wp\/v2\/posts"}],"about":[{"href":"https:\/\/www.hoymercedes.com.ar\/principal\/wp-json\/wp\/v2\/types\/post"}],"author":[{"embeddable":true,"href":"https:\/\/www.hoymercedes.com.ar\/principal\/wp-json\/wp\/v2\/users\/1"}],"replies":[{"embeddable":true,"href":"https:\/\/www.hoymercedes.com.ar\/principal\/wp-json\/wp\/v2\/comments?post=159514"}],"version-history":[{"count":0,"href":"https:\/\/www.hoymercedes.com.ar\/principal\/wp-json\/wp\/v2\/posts\/159514\/revisions"}],"wp:featuredmedia":[{"embeddable":true,"href":"https:\/\/www.hoymercedes.com.ar\/principal\/wp-json\/wp\/v2\/media\/159516"}],"wp:attachment":[{"href":"https:\/\/www.hoymercedes.com.ar\/principal\/wp-json\/wp\/v2\/media?parent=159514"}],"wp:term":[{"taxonomy":"category","embeddable":true,"href":"https:\/\/www.hoymercedes.com.ar\/principal\/wp-json\/wp\/v2\/categories?post=159514"},{"taxonomy":"post_tag","embeddable":true,"href":"https:\/\/www.hoymercedes.com.ar\/principal\/wp-json\/wp\/v2\/tags?post=159514"}],"curies":[{"name":"wp","href":"https:\/\/api.w.org\/{rel}","templated":true}]}}