{"id":159532,"date":"2023-03-14T14:08:48","date_gmt":"2023-03-14T17:08:48","guid":{"rendered":"https:\/\/www.hoymercedes.com.ar\/principal\/?p=159532"},"modified":"2023-03-14T14:08:51","modified_gmt":"2023-03-14T17:08:51","slug":"eden-destaca-record-historico-de-demanda-de-energia","status":"publish","type":"post","link":"https:\/\/www.hoymercedes.com.ar\/principal\/2023\/03\/14\/eden-destaca-record-historico-de-demanda-de-energia\/","title":{"rendered":"EDEN destaca \u00abr\u00e9cord hist\u00f3rico de demanda de energ\u00eda\u00bb"},"content":{"rendered":"\n<p>La empresa distribuidora de energ\u00eda el\u00e9ctrica EDEN envi\u00f3 una comunicaci\u00f3n a los medios que destaca el \u00abr\u00e9cord hist\u00f3rico de demanda de energ\u00eda\u00bb. Dan cuenta de sugerencias \u00abpara hacer un uso eficiente de la energ\u00eda el\u00e9ctrica\u00bb\u00a0<\/p>\n\n\n\n<p>\u00abSeg\u00fan registros de nuestro Centro Operativo, desde diciembre del a\u00f1o pasado se bati\u00f3 tres veces el r\u00e9cord de demanda de energ\u00eda el\u00e9ctrica, producto de las altas temperaturas que azotaron gran parte del territorio nacional\u00bb, explican desde la emrpesa EDEN.\u00a0<\/p>\n\n\n\n<p>\u00abDesde el comienzo del verano en nuestro pa\u00eds se han registrado nueve olas de calor que alcanzaron temperaturas de hasta 40\u00b0, batiendo r\u00e9cords vigentes desde hac\u00eda sesenta a\u00f1os. En lo que va de la temporada, el pico de demanda de energ\u00eda alcanz\u00f3 los 735 MW, n\u00famero significativamente superior a los 711 del verano pasado\u00bb, agregan.\u00a0<\/p>\n\n\n\n<p>\u00abAnte estos pron\u00f3sticos de elevadas temperaturas, en diciembre pasado EDEN acompa\u00f1\u00f3 la iniciativa de la Provincia de Buenos Aires de instalar generadores de potencia el\u00e9ctrica en zonas estrat\u00e9gicas de la regi\u00f3n para evitar sobrecargas y oscilaciones de tensi\u00f3n. La Distribuidora articul\u00f3 con los municipios de Chivilcoy y Mercedes para disponer de un terreno donde instalar los generadores de 4,4 MW y 6,5 MW respectivamente, acondicionando el predio y la infraestructura de red para inyectar los mencionados generadores\u00bb, destacan.<\/p>\n\n\n\n<p>\u202fAsimismo, dan sugerencias a los usuarios para \u00abEn el marco de esta coyuntura clim\u00e1tica, EDEN recuerda a sus usuarios la importancia de \u00abhacer un uso eficiente de la energ\u00eda el\u00e9ctrica\u00bb. Es as\u00ed que destacan: <\/p>\n\n\n\n<p>\u00b7 \u202f \u202f \u202f \u202f Colocar el aire acondicionado en 24 grados, manteniendo los ambientes cerrados sin filtraciones de aire al exterior (cerrando puertas, ventanas, cortinas y persianas).\u00a0<br>\u00b7 \u202f \u202f \u202f \u202f Limpiar el filtro de su aire acondicionado, ya que si est\u00e1 sucio el aparato consumir\u00e1 un 10% m\u00e1s de energ\u00eda.\u00a0<br>\u00b7 \u202f \u202f \u202f \u202f Priorizar el uso de ventiladores, ya que consumen una d\u00e9cima parte de la energ\u00eda que los equipos de aire acondicionado.\u00a0<br>\u00b7 \u202f \u202f \u202f \u202f Colocar la heladera o freezer lejos de la luz directa del sol y de cualquier otra fuente de calor, y no guardar alimentos calientes en su interior.\u00a0<br>\u00b7 \u202f \u202f \u202f \u202f No sobrecargar la heladera, ya que consume m\u00e1s energ\u00eda. En el caso del freezer es mejor colocar cubeteras y bolsas de hielo para llenar los espacios vac\u00edos.\u00a0<\/p>\n\n\n\n<p>Finalmente, EDEN informa que cuenta con un simulador de consumo que \u00abpermite a los usuarios calcular el consumo de energ\u00eda de los artefactos del hogar y estimar su gasto econ\u00f3mico, al que se puede acceder a trav\u00e9s del siguiente enlace:<a rel=\"noreferrer noopener\" href=\"http:\/\/simuladordeconsumo.edensa.com.ar\/\" target=\"_blank\"> http:\/\/simuladordeconsumo.edensa.com.ar\/<\/a>\u00bb\u00a0<\/p>\n\n\n\n<p>\u00abAnte problemas t\u00e9cnicos individuales, pueden ingresar una solicitud de servicio t\u00e9cnico desde cualquier dispositivo con conexi\u00f3n a la red de datos a trav\u00e9s de la Sucursal Virtual, ingresando en<a rel=\"noreferrer noopener\" href=\"https:\/\/www.edensa.com.ar\/\" target=\"_blank\"> https:\/\/www.edensa.com.ar\/<\/a> o descargando la App EDEN M\u00f3vil desde su Store. Tambi\u00e9n pueden comunicarse por WhatsApp al +54 9 336 4526944&#8243;, concluyen en la comunicaci\u00f3n enviado a los medios. <\/p>\n\n\n\n<p><\/p>\n","protected":false},"excerpt":{"rendered":"<p>La empresa distribuidora de energ\u00eda el\u00e9ctrica EDEN envi\u00f3 una comunicaci\u00f3n a los medios que destaca el \u00abr\u00e9cord hist\u00f3rico de demanda &#8230; <a title=\"EDEN destaca \u00abr\u00e9cord hist\u00f3rico de demanda de energ\u00eda\u00bb\" class=\"read-more\" href=\"https:\/\/www.hoymercedes.com.ar\/principal\/2023\/03\/14\/eden-destaca-record-historico-de-demanda-de-energia\/\" aria-label=\"Leer m\u00e1s sobre EDEN destaca \u00abr\u00e9cord hist\u00f3rico de demanda de energ\u00eda\u00bb\">Leer m\u00e1s<\/a><\/p>\n","protected":false},"author":1,"featured_media":135770,"comment_status":"closed","ping_status":"open","sticky":false,"template":"","format":"standard","meta":{"_monsterinsights_skip_tracking":false,"_monsterinsights_sitenote_active":false,"_monsterinsights_sitenote_note":"","_monsterinsights_sitenote_category":0,"jetpack_post_was_ever_published":false,"_jetpack_newsletter_access":"","_jetpack_dont_email_post_to_subs":false,"_jetpack_newsletter_tier_id":0,"_jetpack_memberships_contains_paywalled_content":false,"_jetpack_memberships_contains_paid_content":false,"footnotes":"","jetpack_publicize_message":"","jetpack_publicize_feature_enabled":true,"jetpack_social_post_already_shared":true,"jetpack_social_options":{"image_generator_settings":{"template":"highway","default_image_id":0,"font":"","enabled":false},"version":2},"_wpas_customize_per_network":false},"categories":[8],"tags":[],"class_list":["post-159532","post","type-post","status-publish","format-standard","has-post-thumbnail","hentry","category-sociedad","generate-columns","tablet-grid-50","mobile-grid-100","grid-parent","grid-50"],"jetpack_publicize_connections":[],"jetpack_featured_media_url":"https:\/\/www.hoymercedes.com.ar\/principal\/wp-content\/uploads\/2021\/08\/EDEN-logoconclaim.jpg","wps_subtitle":"","jetpack_sharing_enabled":true,"_links":{"self":[{"href":"https:\/\/www.hoymercedes.com.ar\/principal\/wp-json\/wp\/v2\/posts\/159532","targetHints":{"allow":["GET"]}}],"collection":[{"href":"https:\/\/www.hoymercedes.com.ar\/principal\/wp-json\/wp\/v2\/posts"}],"about":[{"href":"https:\/\/www.hoymercedes.com.ar\/principal\/wp-json\/wp\/v2\/types\/post"}],"author":[{"embeddable":true,"href":"https:\/\/www.hoymercedes.com.ar\/principal\/wp-json\/wp\/v2\/users\/1"}],"replies":[{"embeddable":true,"href":"https:\/\/www.hoymercedes.com.ar\/principal\/wp-json\/wp\/v2\/comments?post=159532"}],"version-history":[{"count":0,"href":"https:\/\/www.hoymercedes.com.ar\/principal\/wp-json\/wp\/v2\/posts\/159532\/revisions"}],"wp:featuredmedia":[{"embeddable":true,"href":"https:\/\/www.hoymercedes.com.ar\/principal\/wp-json\/wp\/v2\/media\/135770"}],"wp:attachment":[{"href":"https:\/\/www.hoymercedes.com.ar\/principal\/wp-json\/wp\/v2\/media?parent=159532"}],"wp:term":[{"taxonomy":"category","embeddable":true,"href":"https:\/\/www.hoymercedes.com.ar\/principal\/wp-json\/wp\/v2\/categories?post=159532"},{"taxonomy":"post_tag","embeddable":true,"href":"https:\/\/www.hoymercedes.com.ar\/principal\/wp-json\/wp\/v2\/tags?post=159532"}],"curies":[{"name":"wp","href":"https:\/\/api.w.org\/{rel}","templated":true}]}}