{"id":159544,"date":"2023-03-14T17:24:53","date_gmt":"2023-03-14T20:24:53","guid":{"rendered":"https:\/\/www.hoymercedes.com.ar\/principal\/?p=159544"},"modified":"2023-03-14T17:24:56","modified_gmt":"2023-03-14T20:24:56","slug":"logran-recuperar-20-motos-en-el-ultimo-mes","status":"publish","type":"post","link":"https:\/\/www.hoymercedes.com.ar\/principal\/2023\/03\/14\/logran-recuperar-20-motos-en-el-ultimo-mes\/","title":{"rendered":"Logran recuperar 20 motos en el \u00faltimo mes"},"content":{"rendered":"\n<figure class=\"wp-block-image size-full\"><img loading=\"lazy\" decoding=\"async\" width=\"874\" height=\"622\" data-attachment-id=\"159545\" data-permalink=\"https:\/\/www.hoymercedes.com.ar\/principal\/2023\/03\/14\/logran-recuperar-20-motos-en-el-ultimo-mes\/motorobada-2\/#main\" data-orig-file=\"https:\/\/www.hoymercedes.com.ar\/principal\/wp-content\/uploads\/2023\/03\/MotoRobada.jpeg\" data-orig-size=\"874,622\" data-comments-opened=\"0\" data-image-meta=\"{&quot;aperture&quot;:&quot;0&quot;,&quot;credit&quot;:&quot;&quot;,&quot;camera&quot;:&quot;&quot;,&quot;caption&quot;:&quot;&quot;,&quot;created_timestamp&quot;:&quot;0&quot;,&quot;copyright&quot;:&quot;&quot;,&quot;focal_length&quot;:&quot;0&quot;,&quot;iso&quot;:&quot;0&quot;,&quot;shutter_speed&quot;:&quot;0&quot;,&quot;title&quot;:&quot;&quot;,&quot;orientation&quot;:&quot;0&quot;}\" data-image-title=\"MotoRobada\" data-image-description=\"\" data-image-caption=\"\" data-large-file=\"https:\/\/www.hoymercedes.com.ar\/principal\/wp-content\/uploads\/2023\/03\/MotoRobada.jpeg\" src=\"https:\/\/www.hoymercedes.com.ar\/principal\/wp-content\/uploads\/2023\/03\/MotoRobada.jpeg\" alt=\"\" class=\"wp-image-159545\" srcset=\"https:\/\/www.hoymercedes.com.ar\/principal\/wp-content\/uploads\/2023\/03\/MotoRobada.jpeg 874w, https:\/\/www.hoymercedes.com.ar\/principal\/wp-content\/uploads\/2023\/03\/MotoRobada-630x448.jpeg 630w, https:\/\/www.hoymercedes.com.ar\/principal\/wp-content\/uploads\/2023\/03\/MotoRobada-150x107.jpeg 150w, https:\/\/www.hoymercedes.com.ar\/principal\/wp-content\/uploads\/2023\/03\/MotoRobada-120x85.jpeg 120w\" sizes=\"auto, (max-width: 874px) 100vw, 874px\" \/><\/figure>\n\n\n\n<p>En diversos operativos estuvieron a cargo de la Polic\u00eda Comunal por medio de sus distintas comisar\u00edas y delegaciones, tanto de la zona urbana como rural. La \u00faltima de las recuperaciones fue este jueves en Gowland, pero previamente hubo otra gran cantidad de recuperaciones en operativos de seguridad vial, investigaciones y seguimientos.<\/p>\n\n\n\n<p>Los motovehiculos son uno de los elementos de mayor hurto en la actualidad, por su posibilidad de venta, desarme y f\u00e1cil maniobrabilidad. Su recuperaci\u00f3n tampoco es tarea sencilla, pero se han sucedido en el \u00faltimo mes una positiva seguidilla de intervenciones con resultados favorables.<\/p>\n\n\n\n<p>Algunos incluso fueron detectados in fraganti, otros en la ruta, algunos mientras circulaban, las formas fueron variadas, pero el resultado termin\u00f3 siendo la posibilidad de cerrar causas y recuperar vienes hurtados a distintos vecinos y vecinas.<\/p>\n","protected":false},"excerpt":{"rendered":"<p>En diversos operativos estuvieron a cargo de la Polic\u00eda Comunal por medio de sus distintas comisar\u00edas y delegaciones, tanto de &#8230; <a title=\"Logran recuperar 20 motos en el \u00faltimo mes\" class=\"read-more\" href=\"https:\/\/www.hoymercedes.com.ar\/principal\/2023\/03\/14\/logran-recuperar-20-motos-en-el-ultimo-mes\/\" aria-label=\"Leer m\u00e1s sobre Logran recuperar 20 motos en el \u00faltimo mes\">Leer m\u00e1s<\/a><\/p>\n","protected":false},"author":1,"featured_media":159545,"comment_status":"closed","ping_status":"open","sticky":false,"template":"","format":"standard","meta":{"_monsterinsights_skip_tracking":false,"_monsterinsights_sitenote_active":false,"_monsterinsights_sitenote_note":"","_monsterinsights_sitenote_category":0,"jetpack_post_was_ever_published":false,"_jetpack_newsletter_access":"","_jetpack_dont_email_post_to_subs":false,"_jetpack_newsletter_tier_id":0,"_jetpack_memberships_contains_paywalled_content":false,"_jetpack_memberships_contains_paid_content":false,"footnotes":"","jetpack_publicize_message":"","jetpack_publicize_feature_enabled":true,"jetpack_social_post_already_shared":true,"jetpack_social_options":{"image_generator_settings":{"template":"highway","default_image_id":0,"font":"","enabled":false},"version":2},"_wpas_customize_per_network":false},"categories":[85],"tags":[3934],"class_list":["post-159544","post","type-post","status-publish","format-standard","has-post-thumbnail","hentry","category-policial","tag-robo-de-motos","generate-columns","tablet-grid-50","mobile-grid-100","grid-parent","grid-50"],"jetpack_publicize_connections":[],"jetpack_featured_media_url":"https:\/\/www.hoymercedes.com.ar\/principal\/wp-content\/uploads\/2023\/03\/MotoRobada.jpeg","wps_subtitle":"Policia Comunal Mercedes ","jetpack_sharing_enabled":true,"_links":{"self":[{"href":"https:\/\/www.hoymercedes.com.ar\/principal\/wp-json\/wp\/v2\/posts\/159544","targetHints":{"allow":["GET"]}}],"collection":[{"href":"https:\/\/www.hoymercedes.com.ar\/principal\/wp-json\/wp\/v2\/posts"}],"about":[{"href":"https:\/\/www.hoymercedes.com.ar\/principal\/wp-json\/wp\/v2\/types\/post"}],"author":[{"embeddable":true,"href":"https:\/\/www.hoymercedes.com.ar\/principal\/wp-json\/wp\/v2\/users\/1"}],"replies":[{"embeddable":true,"href":"https:\/\/www.hoymercedes.com.ar\/principal\/wp-json\/wp\/v2\/comments?post=159544"}],"version-history":[{"count":0,"href":"https:\/\/www.hoymercedes.com.ar\/principal\/wp-json\/wp\/v2\/posts\/159544\/revisions"}],"wp:featuredmedia":[{"embeddable":true,"href":"https:\/\/www.hoymercedes.com.ar\/principal\/wp-json\/wp\/v2\/media\/159545"}],"wp:attachment":[{"href":"https:\/\/www.hoymercedes.com.ar\/principal\/wp-json\/wp\/v2\/media?parent=159544"}],"wp:term":[{"taxonomy":"category","embeddable":true,"href":"https:\/\/www.hoymercedes.com.ar\/principal\/wp-json\/wp\/v2\/categories?post=159544"},{"taxonomy":"post_tag","embeddable":true,"href":"https:\/\/www.hoymercedes.com.ar\/principal\/wp-json\/wp\/v2\/tags?post=159544"}],"curies":[{"name":"wp","href":"https:\/\/api.w.org\/{rel}","templated":true}]}}