{"id":159563,"date":"2023-03-15T16:13:26","date_gmt":"2023-03-15T19:13:26","guid":{"rendered":"https:\/\/www.hoymercedes.com.ar\/principal\/?p=159563"},"modified":"2023-03-15T16:13:27","modified_gmt":"2023-03-15T19:13:27","slug":"15-de-marzo-dia-del-consumo-responsable","status":"publish","type":"post","link":"https:\/\/www.hoymercedes.com.ar\/principal\/2023\/03\/15\/15-de-marzo-dia-del-consumo-responsable\/","title":{"rendered":"15 de marzo: D\u00eda del Consumo Responsable"},"content":{"rendered":"\n<p>Desde la Asociaci\u00f3n Civil S.O.S. H\u00e1bitat difunden en la ciudad a trav\u00e9s de sus redes sociales, una fecha clave para la reflexxi\u00f3n de los consumidores. \u00abCon el objetivo de invitar a la poblaci\u00f3n mundial a reflexionar sobre los h\u00e1bitos de consumo y sus implicancias a nivel ambiental y clim\u00e1tico, cada 15 de Marzo se celebra el D\u00eda Mundial del Consumo Responsable\u00bb, explican.<\/p>\n\n\n\n<figure class=\"wp-block-embed is-type-video is-provider-youtube wp-block-embed-youtube wp-embed-aspect-16-9 wp-has-aspect-ratio\"><div class=\"wp-block-embed__wrapper\">\n<span class=\"embed-youtube\" style=\"text-align:center; display: block;\"><iframe loading=\"lazy\" class=\"youtube-player\" width=\"1200\" height=\"675\" src=\"https:\/\/www.youtube.com\/embed\/JzkTYk0kvaU?version=3&#038;rel=1&#038;showsearch=0&#038;showinfo=1&#038;iv_load_policy=1&#038;fs=1&#038;hl=es-ES&#038;autohide=2&#038;wmode=transparent\" allowfullscreen=\"true\" style=\"border:0;\" sandbox=\"allow-scripts allow-same-origin allow-popups allow-presentation allow-popups-to-escape-sandbox\"><\/iframe><\/span>\n<\/div><\/figure>\n\n\n\n<p>\u00abEsta fecha ha ganado difusi\u00f3n y reconocimiento ya que busca concientizar sobre los actuales patrones de demanda de bienes marcados por el consumismo, y las relaciones de causalidad entre estos y los procesos de alteraci\u00f3n ambiental y social: agotamiento de recursos, contaminaci\u00f3n y degradaci\u00f3n de ecosistemas, p\u00e9rdida de biodiversidad, agravamiento del cambio clim\u00e1tico global, empobrecimiento y dependencia econ\u00f3mica\u00bb, agregan en la comunicaci\u00f3n enviada a los medios de comunicaci\u00f3n. <\/p>\n\n\n\n<p>\u00abEn este marco, el concepto de Consumo Responsable, se plantea como una alternativa que promueve h\u00e1bitos de vida sostenibles, priorizando el bienestar humano y la capacidad de todas las personas para prosperar a partir de sistemas de producci\u00f3n eficientes en el uso de recursos, con tecnolog\u00edas bajas en carbono y no contaminantes. En t\u00e9rminos globales, se busca desvincular el crecimiento econ\u00f3mico del deterioro ambiental asociado, acompa\u00f1ando el proceso por una b\u00fasqueda de mayor eficiencia en la manera en que individuos, familias y organizaciones adquieren y consumen productos, servicios y experiencias\u00bb, destacan enfatizando en la concientizaci\u00f3n de los vecinos.<\/p>\n\n\n\n<p><strong>Fuente https:\/\/ramcc.net\/noticia.php?id=1711<\/strong><\/p>\n","protected":false},"excerpt":{"rendered":"<p>Desde la Asociaci\u00f3n Civil S.O.S. H\u00e1bitat difunden en la ciudad a trav\u00e9s de sus redes sociales, una fecha clave para &#8230; <a title=\"15 de marzo: D\u00eda del Consumo Responsable\" class=\"read-more\" href=\"https:\/\/www.hoymercedes.com.ar\/principal\/2023\/03\/15\/15-de-marzo-dia-del-consumo-responsable\/\" aria-label=\"Leer m\u00e1s sobre 15 de marzo: D\u00eda del Consumo Responsable\">Leer m\u00e1s<\/a><\/p>\n","protected":false},"author":1,"featured_media":159564,"comment_status":"closed","ping_status":"open","sticky":false,"template":"","format":"standard","meta":{"_monsterinsights_skip_tracking":false,"_monsterinsights_sitenote_active":false,"_monsterinsights_sitenote_note":"","_monsterinsights_sitenote_category":0,"jetpack_post_was_ever_published":false,"_jetpack_newsletter_access":"","_jetpack_dont_email_post_to_subs":false,"_jetpack_newsletter_tier_id":0,"_jetpack_memberships_contains_paywalled_content":false,"_jetpack_memberships_contains_paid_content":false,"footnotes":"","jetpack_publicize_message":"","jetpack_publicize_feature_enabled":true,"jetpack_social_post_already_shared":true,"jetpack_social_options":{"image_generator_settings":{"template":"highway","default_image_id":0,"font":"","enabled":false},"version":2},"_wpas_customize_per_network":false},"categories":[8],"tags":[],"class_list":["post-159563","post","type-post","status-publish","format-standard","has-post-thumbnail","hentry","category-sociedad","generate-columns","tablet-grid-50","mobile-grid-100","grid-parent","grid-50"],"jetpack_publicize_connections":[],"jetpack_featured_media_url":"https:\/\/www.hoymercedes.com.ar\/principal\/wp-content\/uploads\/2023\/03\/consumo-responsable.jpeg","wps_subtitle":"","jetpack_sharing_enabled":true,"_links":{"self":[{"href":"https:\/\/www.hoymercedes.com.ar\/principal\/wp-json\/wp\/v2\/posts\/159563","targetHints":{"allow":["GET"]}}],"collection":[{"href":"https:\/\/www.hoymercedes.com.ar\/principal\/wp-json\/wp\/v2\/posts"}],"about":[{"href":"https:\/\/www.hoymercedes.com.ar\/principal\/wp-json\/wp\/v2\/types\/post"}],"author":[{"embeddable":true,"href":"https:\/\/www.hoymercedes.com.ar\/principal\/wp-json\/wp\/v2\/users\/1"}],"replies":[{"embeddable":true,"href":"https:\/\/www.hoymercedes.com.ar\/principal\/wp-json\/wp\/v2\/comments?post=159563"}],"version-history":[{"count":0,"href":"https:\/\/www.hoymercedes.com.ar\/principal\/wp-json\/wp\/v2\/posts\/159563\/revisions"}],"wp:featuredmedia":[{"embeddable":true,"href":"https:\/\/www.hoymercedes.com.ar\/principal\/wp-json\/wp\/v2\/media\/159564"}],"wp:attachment":[{"href":"https:\/\/www.hoymercedes.com.ar\/principal\/wp-json\/wp\/v2\/media?parent=159563"}],"wp:term":[{"taxonomy":"category","embeddable":true,"href":"https:\/\/www.hoymercedes.com.ar\/principal\/wp-json\/wp\/v2\/categories?post=159563"},{"taxonomy":"post_tag","embeddable":true,"href":"https:\/\/www.hoymercedes.com.ar\/principal\/wp-json\/wp\/v2\/tags?post=159563"}],"curies":[{"name":"wp","href":"https:\/\/api.w.org\/{rel}","templated":true}]}}