{"id":159574,"date":"2023-03-15T17:20:00","date_gmt":"2023-03-15T20:20:00","guid":{"rendered":"https:\/\/www.hoymercedes.com.ar\/principal\/?p=159574"},"modified":"2023-03-15T17:09:55","modified_gmt":"2023-03-15T20:09:55","slug":"nueva-edicion-del-festival-de-tango","status":"publish","type":"post","link":"https:\/\/www.hoymercedes.com.ar\/principal\/2023\/03\/15\/nueva-edicion-del-festival-de-tango\/","title":{"rendered":"Nueva edici\u00f3n del Festival de Tango"},"content":{"rendered":"\n<p><strong><em>El encuentro que recuerda al m\u00fasico \u201cRafael Rossi\u201d tendr\u00e1 su tercera edici\u00f3n los d\u00edas s\u00e1bado 18 y domingo 19 de marzo. Habr\u00e1 shows musicales el s\u00e1bado y el domingo en las instalaciones del Teatro Argentino.<\/em><\/strong><\/p>\n\n\n<div class=\"wp-block-image\">\n<figure class=\"aligncenter size-full\"><img loading=\"lazy\" decoding=\"async\" width=\"696\" height=\"464\" data-attachment-id=\"159575\" data-permalink=\"https:\/\/www.hoymercedes.com.ar\/principal\/2023\/03\/15\/nueva-edicion-del-festival-de-tango\/image-22-2\/#main\" data-orig-file=\"https:\/\/www.hoymercedes.com.ar\/principal\/wp-content\/uploads\/2023\/03\/image-22.png\" data-orig-size=\"696,464\" data-comments-opened=\"0\" data-image-meta=\"{&quot;aperture&quot;:&quot;0&quot;,&quot;credit&quot;:&quot;&quot;,&quot;camera&quot;:&quot;&quot;,&quot;caption&quot;:&quot;&quot;,&quot;created_timestamp&quot;:&quot;0&quot;,&quot;copyright&quot;:&quot;&quot;,&quot;focal_length&quot;:&quot;0&quot;,&quot;iso&quot;:&quot;0&quot;,&quot;shutter_speed&quot;:&quot;0&quot;,&quot;title&quot;:&quot;&quot;,&quot;orientation&quot;:&quot;0&quot;}\" data-image-title=\"image-22\" data-image-description=\"\" data-image-caption=\"\" data-large-file=\"https:\/\/www.hoymercedes.com.ar\/principal\/wp-content\/uploads\/2023\/03\/image-22.png\" src=\"https:\/\/www.hoymercedes.com.ar\/principal\/wp-content\/uploads\/2023\/03\/image-22.png\" alt=\"\" class=\"wp-image-159575\" srcset=\"https:\/\/www.hoymercedes.com.ar\/principal\/wp-content\/uploads\/2023\/03\/image-22.png 696w, https:\/\/www.hoymercedes.com.ar\/principal\/wp-content\/uploads\/2023\/03\/image-22-630x420.png 630w, https:\/\/www.hoymercedes.com.ar\/principal\/wp-content\/uploads\/2023\/03\/image-22-150x100.png 150w\" sizes=\"auto, (max-width: 696px) 100vw, 696px\" \/><\/figure>\n<\/div>\n\n\n<p>El pr\u00f3ximo fin de semana se llevar\u00e1 a cabo una nueva edici\u00f3n del festival de tango \u201cRafael Rossi\u201d en nuestra ciudad.<\/p>\n\n\n\n<p>Hace apenas unos pocos a\u00f1os naci\u00f3 esta propuesta desde la Direcci\u00f3n de Cultura municipal y el grupo de tangueros de nuestra ciudad que, desde tango en el and\u00e9n, dejaron en evidencia la gran movida que existe en nuestra ciudad en esta tradicional expresi\u00f3n cultural bien argentina y rioplatense.<\/p>\n\n\n\n<p>Desde el \u00e1rea de cultura manifestaron que \u201cnuevamente volvemos a encontrarnos con esta hermosa propuesta. Lanzamos este festival que ya se hizo parte del calendario anual de actividades y ahora lo disfrutaremos el 18 y 19 de marzo en nuestro hermoso y mejorado Teatro Argentino\u201d, remarcaron.<\/p>\n\n\n\n<p>El s\u00e1bado estar\u00e1 presente la escuela municipal de tango, Passadore y pareja, Zoco Larralde, Patota Aschero, Stimulo Dance, La Negracha y Tanghetto \u2013entre otros- mientras que el domingo estar\u00e1n los artistas Malena Rossi, Mirta Uguet, ballet UNA, Pablo Aschero, Sebasti\u00e1n Barbui, Godoy y la orquesta de bandoneones, Tr\u00edo Taburete y Guillermo Fern\u00e1ndez.<\/p>\n\n\n\n<p>La actividad cultural cuenta con el apoyo del Ministerio de Cultura de la Naci\u00f3n y \u201cun gran esfuerzo de las y los trabajadores municipales, como as\u00ed tambi\u00e9n de todas y todos aquellos que son amantes del g\u00e9nero y est\u00e1n trabajando con compromiso y dedicaci\u00f3n para que este festival sea una realidad\u201d, dijeron desde la Direcci\u00f3n de Cultura a cargo de Luc\u00eda Capaccio.<\/p>\n\n\n\n<p>Colaboraci\u00f3n: Mariano Oyarz\u00fa<\/p>\n","protected":false},"excerpt":{"rendered":"<p>El encuentro que recuerda al m\u00fasico \u201cRafael Rossi\u201d tendr\u00e1 su tercera edici\u00f3n los d\u00edas s\u00e1bado 18 y domingo 19 de &#8230; <a title=\"Nueva edici\u00f3n del Festival de Tango\" class=\"read-more\" href=\"https:\/\/www.hoymercedes.com.ar\/principal\/2023\/03\/15\/nueva-edicion-del-festival-de-tango\/\" aria-label=\"Leer m\u00e1s sobre Nueva edici\u00f3n del Festival de Tango\">Leer m\u00e1s<\/a><\/p>\n","protected":false},"author":1,"featured_media":159575,"comment_status":"closed","ping_status":"open","sticky":false,"template":"","format":"standard","meta":{"_monsterinsights_skip_tracking":false,"_monsterinsights_sitenote_active":false,"_monsterinsights_sitenote_note":"","_monsterinsights_sitenote_category":0,"jetpack_post_was_ever_published":false,"_jetpack_newsletter_access":"","_jetpack_dont_email_post_to_subs":false,"_jetpack_newsletter_tier_id":0,"_jetpack_memberships_contains_paywalled_content":false,"_jetpack_memberships_contains_paid_content":false,"footnotes":"","jetpack_publicize_message":"","jetpack_publicize_feature_enabled":true,"jetpack_social_post_already_shared":true,"jetpack_social_options":{"image_generator_settings":{"template":"highway","default_image_id":0,"font":"","enabled":false},"version":2},"_wpas_customize_per_network":false},"categories":[104],"tags":[7805,244],"class_list":["post-159574","post","type-post","status-publish","format-standard","has-post-thumbnail","hentry","category-cultura","tag-cultura","tag-municipio-2","generate-columns","tablet-grid-50","mobile-grid-100","grid-parent","grid-50"],"jetpack_publicize_connections":[],"jetpack_featured_media_url":"https:\/\/www.hoymercedes.com.ar\/principal\/wp-content\/uploads\/2023\/03\/image-22.png","wps_subtitle":"","jetpack_sharing_enabled":true,"_links":{"self":[{"href":"https:\/\/www.hoymercedes.com.ar\/principal\/wp-json\/wp\/v2\/posts\/159574","targetHints":{"allow":["GET"]}}],"collection":[{"href":"https:\/\/www.hoymercedes.com.ar\/principal\/wp-json\/wp\/v2\/posts"}],"about":[{"href":"https:\/\/www.hoymercedes.com.ar\/principal\/wp-json\/wp\/v2\/types\/post"}],"author":[{"embeddable":true,"href":"https:\/\/www.hoymercedes.com.ar\/principal\/wp-json\/wp\/v2\/users\/1"}],"replies":[{"embeddable":true,"href":"https:\/\/www.hoymercedes.com.ar\/principal\/wp-json\/wp\/v2\/comments?post=159574"}],"version-history":[{"count":0,"href":"https:\/\/www.hoymercedes.com.ar\/principal\/wp-json\/wp\/v2\/posts\/159574\/revisions"}],"wp:featuredmedia":[{"embeddable":true,"href":"https:\/\/www.hoymercedes.com.ar\/principal\/wp-json\/wp\/v2\/media\/159575"}],"wp:attachment":[{"href":"https:\/\/www.hoymercedes.com.ar\/principal\/wp-json\/wp\/v2\/media?parent=159574"}],"wp:term":[{"taxonomy":"category","embeddable":true,"href":"https:\/\/www.hoymercedes.com.ar\/principal\/wp-json\/wp\/v2\/categories?post=159574"},{"taxonomy":"post_tag","embeddable":true,"href":"https:\/\/www.hoymercedes.com.ar\/principal\/wp-json\/wp\/v2\/tags?post=159574"}],"curies":[{"name":"wp","href":"https:\/\/api.w.org\/{rel}","templated":true}]}}