{"id":159618,"date":"2023-03-16T13:20:00","date_gmt":"2023-03-16T16:20:00","guid":{"rendered":"https:\/\/www.hoymercedes.com.ar\/principal\/?p=159618"},"modified":"2023-03-16T12:28:07","modified_gmt":"2023-03-16T15:28:07","slug":"estreno-de-las-sagas-de-scream-y-shazam","status":"publish","type":"post","link":"https:\/\/www.hoymercedes.com.ar\/principal\/2023\/03\/16\/estreno-de-las-sagas-de-scream-y-shazam\/","title":{"rendered":"Estreno de las sagas de Scream y Shazam"},"content":{"rendered":"\n<p>Entre el viernes 17 y el martes 21 de marzo, el Cine Mercedes proyectar\u00e1 las dos \u00faltimas pel\u00edculas de las sagas de Scream y Shazam. La sexta parte de Scream llega de la mano de Courtney Cox y Jenna Ortega, mientras que la segunda parte de Shazam! mantiene a su protagonista. <\/p>\n\n\n<div class=\"wp-block-image\">\n<figure class=\"aligncenter size-full\"><img loading=\"lazy\" decoding=\"async\" width=\"697\" height=\"800\" data-attachment-id=\"159620\" data-permalink=\"https:\/\/www.hoymercedes.com.ar\/principal\/2023\/03\/16\/estreno-de-las-sagas-de-scream-y-shazam\/gacetilla-cine-mercedes-21-2\/#main\" data-orig-file=\"https:\/\/www.hoymercedes.com.ar\/principal\/wp-content\/uploads\/2023\/03\/Gacetilla-Cine-Mercedes-21.jpg\" data-orig-size=\"697,800\" data-comments-opened=\"0\" data-image-meta=\"{&quot;aperture&quot;:&quot;0&quot;,&quot;credit&quot;:&quot;&quot;,&quot;camera&quot;:&quot;&quot;,&quot;caption&quot;:&quot;&quot;,&quot;created_timestamp&quot;:&quot;0&quot;,&quot;copyright&quot;:&quot;&quot;,&quot;focal_length&quot;:&quot;0&quot;,&quot;iso&quot;:&quot;0&quot;,&quot;shutter_speed&quot;:&quot;0&quot;,&quot;title&quot;:&quot;&quot;,&quot;orientation&quot;:&quot;1&quot;}\" data-image-title=\"Gacetilla Cine Mercedes (21)\" data-image-description=\"\" data-image-caption=\"\" data-large-file=\"https:\/\/www.hoymercedes.com.ar\/principal\/wp-content\/uploads\/2023\/03\/Gacetilla-Cine-Mercedes-21.jpg\" src=\"https:\/\/www.hoymercedes.com.ar\/principal\/wp-content\/uploads\/2023\/03\/Gacetilla-Cine-Mercedes-21.jpg\" alt=\"\" class=\"wp-image-159620\" srcset=\"https:\/\/www.hoymercedes.com.ar\/principal\/wp-content\/uploads\/2023\/03\/Gacetilla-Cine-Mercedes-21.jpg 697w, https:\/\/www.hoymercedes.com.ar\/principal\/wp-content\/uploads\/2023\/03\/Gacetilla-Cine-Mercedes-21-540x620.jpg 540w, https:\/\/www.hoymercedes.com.ar\/principal\/wp-content\/uploads\/2023\/03\/Gacetilla-Cine-Mercedes-21-131x150.jpg 131w\" sizes=\"auto, (max-width: 697px) 100vw, 697px\" \/><\/figure>\n<\/div>\n\n\n<p>Sinopsis \u00abShazam! 2\u00bb: Billy Batson y sus compa\u00f1eros adoptados han recibido los poderes de los dioses pero a\u00fan est\u00e1n aprendiendo a compaginar sus vidas de adolescentes con sus alter-egos superher\u00f3icos. Pero cuando las Hijas de Atlas, un vengativo tr\u00edo de antiguos dioses, llegan a la Tierra en busca de la magia que les robaron hace mucho tiempo, Billy -alias Shazam- y su familia se ven envueltos en una batalla por sus superpoderes, sus vidas y el destino de su mundo.<\/p>\n\n\n\n<p>Sinopsis \u00abScream 6\u00bb: Sam (Melissa Barrera), Tara (Jenna Ortega), Mindy (Jasmin Savoy Brown) y Chad (Mason Gooding) quieren tener una vida completamente normal, por ello, despu\u00e9s de la masacre final de Ghostface en Woodsboro, deciden mudarse a Nueva York. Todos ellos quieren abandonar esas horribles vivencias que sufrieron en su peque\u00f1o pueblo. Sin embargo, no pueden escapar tan f\u00e1cilmente de sus problemas y les volver\u00e1 a perseguir, el ya conocido, asesino con una m\u00e1scara de fantasma. Lo comienzan a ver en el metro, en el supermercado, en medio de la gran ciudad. Sam, Tara, Mindy y Chad no est\u00e1n dispuestos a rendirse y se preparan para acabar con \u00e9l y volver a vivir en tranquilidad.<\/p>\n","protected":false},"excerpt":{"rendered":"<p>Entre el viernes 17 y el martes 21 de marzo, el Cine Mercedes proyectar\u00e1 las dos \u00faltimas pel\u00edculas de las &#8230; <a title=\"Estreno de las sagas de Scream y Shazam\" class=\"read-more\" href=\"https:\/\/www.hoymercedes.com.ar\/principal\/2023\/03\/16\/estreno-de-las-sagas-de-scream-y-shazam\/\" aria-label=\"Leer m\u00e1s sobre Estreno de las sagas de Scream y Shazam\">Leer m\u00e1s<\/a><\/p>\n","protected":false},"author":1,"featured_media":159619,"comment_status":"closed","ping_status":"open","sticky":false,"template":"","format":"standard","meta":{"_monsterinsights_skip_tracking":false,"_monsterinsights_sitenote_active":false,"_monsterinsights_sitenote_note":"","_monsterinsights_sitenote_category":0,"jetpack_post_was_ever_published":false,"_jetpack_newsletter_access":"","_jetpack_dont_email_post_to_subs":false,"_jetpack_newsletter_tier_id":0,"_jetpack_memberships_contains_paywalled_content":false,"_jetpack_memberships_contains_paid_content":false,"footnotes":"","jetpack_publicize_message":"","jetpack_publicize_feature_enabled":true,"jetpack_social_post_already_shared":true,"jetpack_social_options":{"image_generator_settings":{"template":"highway","default_image_id":0,"font":"","enabled":false},"version":2},"_wpas_customize_per_network":false},"categories":[104],"tags":[7805],"class_list":["post-159618","post","type-post","status-publish","format-standard","has-post-thumbnail","hentry","category-cultura","tag-cultura","generate-columns","tablet-grid-50","mobile-grid-100","grid-parent","grid-50"],"jetpack_publicize_connections":[],"jetpack_featured_media_url":"https:\/\/www.hoymercedes.com.ar\/principal\/wp-content\/uploads\/2023\/03\/SCEAM-6.jpeg","wps_subtitle":"","jetpack_sharing_enabled":true,"_links":{"self":[{"href":"https:\/\/www.hoymercedes.com.ar\/principal\/wp-json\/wp\/v2\/posts\/159618","targetHints":{"allow":["GET"]}}],"collection":[{"href":"https:\/\/www.hoymercedes.com.ar\/principal\/wp-json\/wp\/v2\/posts"}],"about":[{"href":"https:\/\/www.hoymercedes.com.ar\/principal\/wp-json\/wp\/v2\/types\/post"}],"author":[{"embeddable":true,"href":"https:\/\/www.hoymercedes.com.ar\/principal\/wp-json\/wp\/v2\/users\/1"}],"replies":[{"embeddable":true,"href":"https:\/\/www.hoymercedes.com.ar\/principal\/wp-json\/wp\/v2\/comments?post=159618"}],"version-history":[{"count":0,"href":"https:\/\/www.hoymercedes.com.ar\/principal\/wp-json\/wp\/v2\/posts\/159618\/revisions"}],"wp:featuredmedia":[{"embeddable":true,"href":"https:\/\/www.hoymercedes.com.ar\/principal\/wp-json\/wp\/v2\/media\/159619"}],"wp:attachment":[{"href":"https:\/\/www.hoymercedes.com.ar\/principal\/wp-json\/wp\/v2\/media?parent=159618"}],"wp:term":[{"taxonomy":"category","embeddable":true,"href":"https:\/\/www.hoymercedes.com.ar\/principal\/wp-json\/wp\/v2\/categories?post=159618"},{"taxonomy":"post_tag","embeddable":true,"href":"https:\/\/www.hoymercedes.com.ar\/principal\/wp-json\/wp\/v2\/tags?post=159618"}],"curies":[{"name":"wp","href":"https:\/\/api.w.org\/{rel}","templated":true}]}}