{"id":159642,"date":"2023-03-16T17:41:00","date_gmt":"2023-03-16T20:41:00","guid":{"rendered":"https:\/\/www.hoymercedes.com.ar\/principal\/?p=159642"},"modified":"2023-03-16T22:09:53","modified_gmt":"2023-03-17T01:09:53","slug":"dia-de-san-patricio-festejos-el-viernes-17-y-sabado-18","status":"publish","type":"post","link":"https:\/\/www.hoymercedes.com.ar\/principal\/2023\/03\/16\/dia-de-san-patricio-festejos-el-viernes-17-y-sabado-18\/","title":{"rendered":"D\u00eda de San Patricio: Festejos el viernes 17 y s\u00e1bado 18"},"content":{"rendered":"\n<p>El 17 de marzo, se celebra en todo el mundo el D\u00eda de San Patricio. la festividad religiosa y cultural de Irlanda tendr\u00e1 celebraciones en Mercedes organizadas por la comunidad palotina junto al \u00e1rea de Turismo del Municipio de Mercedes. <\/p>\n\n\n\n<p>El viernes por la tarde, en la Parroquia San Patricio se llevar\u00e1 adelante la misa, para luego realizar un concierto en el atrio con la banda del Colegio dirigidos por el Padre Jhonny, y se extender\u00e1 al bar de la esquina, frente a la Iglesia. <\/p>\n\n\n\n<p>En tanto, el s\u00e1bado, por un lado, se har\u00e1 una visita guiada por la Parroquia acompa\u00f1ado de un concierto de \u00f3rgano a lo que se le sumar\u00e1 una visita a la ex f\u00e1brica Corinema en Altamira. En tanto, en el Paseo de la Juventud, sobre calle 8 y 25, habr\u00e1 actividades para los m\u00e1s j\u00f3venes. <\/p>\n\n\n<div class=\"wp-block-image\">\n<figure class=\"aligncenter size-full\"><img loading=\"lazy\" decoding=\"async\" width=\"800\" height=\"533\" data-attachment-id=\"159646\" data-permalink=\"https:\/\/www.hoymercedes.com.ar\/principal\/2023\/03\/16\/dia-de-san-patricio-festejos-el-viernes-17-y-sabado-18\/img_20230314_104142629_hdr\/#main\" data-orig-file=\"https:\/\/www.hoymercedes.com.ar\/principal\/wp-content\/uploads\/2023\/03\/IMG_20230314_104142629_HDR.jpg\" data-orig-size=\"800,533\" data-comments-opened=\"0\" data-image-meta=\"{&quot;aperture&quot;:&quot;0&quot;,&quot;credit&quot;:&quot;&quot;,&quot;camera&quot;:&quot;&quot;,&quot;caption&quot;:&quot;&quot;,&quot;created_timestamp&quot;:&quot;1678790503&quot;,&quot;copyright&quot;:&quot;&quot;,&quot;focal_length&quot;:&quot;0&quot;,&quot;iso&quot;:&quot;0&quot;,&quot;shutter_speed&quot;:&quot;0&quot;,&quot;title&quot;:&quot;&quot;,&quot;orientation&quot;:&quot;1&quot;}\" data-image-title=\"IMG_20230314_104142629_HDR\" data-image-description=\"\" data-image-caption=\"\" data-large-file=\"https:\/\/www.hoymercedes.com.ar\/principal\/wp-content\/uploads\/2023\/03\/IMG_20230314_104142629_HDR.jpg\" src=\"https:\/\/www.hoymercedes.com.ar\/principal\/wp-content\/uploads\/2023\/03\/IMG_20230314_104142629_HDR.jpg\" alt=\"\" class=\"wp-image-159646\" srcset=\"https:\/\/www.hoymercedes.com.ar\/principal\/wp-content\/uploads\/2023\/03\/IMG_20230314_104142629_HDR.jpg 800w, https:\/\/www.hoymercedes.com.ar\/principal\/wp-content\/uploads\/2023\/03\/IMG_20230314_104142629_HDR-630x420.jpg 630w, https:\/\/www.hoymercedes.com.ar\/principal\/wp-content\/uploads\/2023\/03\/IMG_20230314_104142629_HDR-150x100.jpg 150w, https:\/\/www.hoymercedes.com.ar\/principal\/wp-content\/uploads\/2023\/03\/IMG_20230314_104142629_HDR-700x465.jpg 700w\" sizes=\"auto, (max-width: 800px) 100vw, 800px\" \/><\/figure>\n<\/div>\n\n\n<p>A trav\u00e9s de una conferencia de prensa brindada por la Directora del Colegio San Patricio Ver\u00f3nica Durand, en representaci\u00f3n de la Parroquia y la Comunidad Palotina, junto al Director de Turismo Francisco Dinova y la Coordinadora de Juventud Lucila Villoslada, adelantaron cu\u00e1les ser\u00e1n las actividades enmarcadas en el D\u00eda de San Patricio. <\/p>\n\n\n\n<p>La Profesora Durand explic\u00f3 las actividades que se organiza la Comunidad Palotina: \u201cel d\u00eda viernes se estar\u00e1 llevando adelante la procesi\u00f3n 18:30 horas y luego la misa, es un momento donde si bien nosotros siempre tenemos presente nuestro carisma Palotino, es el momento donde m\u00e1s lo celebramos, m\u00e1s nos encontramos con las ra\u00edces de nuestro carisma, nuestro colegio. La procesi\u00f3n ser\u00e1 alrededor de la Parroquia y tras la misa, la banda de alumnos del Colegio brindar\u00e1 un concierto en el atrio de la Iglesia. <\/p>\n\n\n<div class=\"wp-block-image\">\n<figure class=\"aligncenter size-full\"><img loading=\"lazy\" decoding=\"async\" width=\"526\" height=\"526\" data-attachment-id=\"159649\" data-permalink=\"https:\/\/www.hoymercedes.com.ar\/principal\/2023\/03\/16\/dia-de-san-patricio-festejos-el-viernes-17-y-sabado-18\/san-patricio-2\/#main\" data-orig-file=\"https:\/\/www.hoymercedes.com.ar\/principal\/wp-content\/uploads\/2023\/03\/san-patricio.jpg\" data-orig-size=\"526,526\" data-comments-opened=\"0\" data-image-meta=\"{&quot;aperture&quot;:&quot;0&quot;,&quot;credit&quot;:&quot;&quot;,&quot;camera&quot;:&quot;&quot;,&quot;caption&quot;:&quot;&quot;,&quot;created_timestamp&quot;:&quot;0&quot;,&quot;copyright&quot;:&quot;&quot;,&quot;focal_length&quot;:&quot;0&quot;,&quot;iso&quot;:&quot;0&quot;,&quot;shutter_speed&quot;:&quot;0&quot;,&quot;title&quot;:&quot;&quot;,&quot;orientation&quot;:&quot;0&quot;}\" data-image-title=\"san patricio\" data-image-description=\"\" data-image-caption=\"\" data-large-file=\"https:\/\/www.hoymercedes.com.ar\/principal\/wp-content\/uploads\/2023\/03\/san-patricio.jpg\" src=\"https:\/\/www.hoymercedes.com.ar\/principal\/wp-content\/uploads\/2023\/03\/san-patricio.jpg\" alt=\"\" class=\"wp-image-159649\" srcset=\"https:\/\/www.hoymercedes.com.ar\/principal\/wp-content\/uploads\/2023\/03\/san-patricio.jpg 526w, https:\/\/www.hoymercedes.com.ar\/principal\/wp-content\/uploads\/2023\/03\/san-patricio-150x150.jpg 150w\" sizes=\"auto, (max-width: 526px) 100vw, 526px\" \/><\/figure>\n<\/div>\n\n\n<p>Por su parte, los funcionarios municipales contaron qu\u00e9 actividades desarrollar\u00e1n desde la comuna. Desde Turismo, se reaizar\u00e1 dos visitas guiadas. La primera, 17:30 hs, ser\u00e1 en la Parroquia que incluir\u00e1 un concierto de \u00f3rgano del Profesor Manuel Maturo. Terminada, el Municipio dispondr\u00e1 de colectivos &#8211; con inscripci\u00f3n previa para los interesados &#8211; para el traslado a Altamira, donde se har\u00e1 una visita guiada por la ex f\u00e1brica Corinema y compartir la noche de los bodegones en Lo de Curly, bar en la esquina de la plaza de la localidad rural. <\/p>\n\n\n\n<p>En tanto, desde Juventud invitaron a los vecinos al Pase de la Juventud para participar de los festejos el d\u00eda s\u00e1bado con m\u00fasica en vivo y muestras de skater, que incluir\u00e1 un concurso de destrezas sobre los skater. <\/p>\n\n\n<div class=\"wp-block-image\">\n<figure class=\"aligncenter size-full\"><img loading=\"lazy\" decoding=\"async\" width=\"526\" height=\"526\" data-attachment-id=\"159648\" data-permalink=\"https:\/\/www.hoymercedes.com.ar\/principal\/2023\/03\/16\/dia-de-san-patricio-festejos-el-viernes-17-y-sabado-18\/visitas-guiadas\/#main\" data-orig-file=\"https:\/\/www.hoymercedes.com.ar\/principal\/wp-content\/uploads\/2023\/03\/visitas-guiadas.jpg\" data-orig-size=\"526,526\" data-comments-opened=\"0\" data-image-meta=\"{&quot;aperture&quot;:&quot;0&quot;,&quot;credit&quot;:&quot;&quot;,&quot;camera&quot;:&quot;&quot;,&quot;caption&quot;:&quot;&quot;,&quot;created_timestamp&quot;:&quot;0&quot;,&quot;copyright&quot;:&quot;&quot;,&quot;focal_length&quot;:&quot;0&quot;,&quot;iso&quot;:&quot;0&quot;,&quot;shutter_speed&quot;:&quot;0&quot;,&quot;title&quot;:&quot;&quot;,&quot;orientation&quot;:&quot;0&quot;}\" data-image-title=\"visitas guiadas\" data-image-description=\"\" data-image-caption=\"\" data-large-file=\"https:\/\/www.hoymercedes.com.ar\/principal\/wp-content\/uploads\/2023\/03\/visitas-guiadas.jpg\" src=\"https:\/\/www.hoymercedes.com.ar\/principal\/wp-content\/uploads\/2023\/03\/visitas-guiadas.jpg\" alt=\"\" class=\"wp-image-159648\" srcset=\"https:\/\/www.hoymercedes.com.ar\/principal\/wp-content\/uploads\/2023\/03\/visitas-guiadas.jpg 526w, https:\/\/www.hoymercedes.com.ar\/principal\/wp-content\/uploads\/2023\/03\/visitas-guiadas-150x150.jpg 150w\" sizes=\"auto, (max-width: 526px) 100vw, 526px\" \/><\/figure>\n<\/div>","protected":false},"excerpt":{"rendered":"<p>El 17 de marzo, se celebra en todo el mundo el D\u00eda de San Patricio. la festividad religiosa y cultural &#8230; <a title=\"D\u00eda de San Patricio: Festejos el viernes 17 y s\u00e1bado 18\" class=\"read-more\" href=\"https:\/\/www.hoymercedes.com.ar\/principal\/2023\/03\/16\/dia-de-san-patricio-festejos-el-viernes-17-y-sabado-18\/\" aria-label=\"Leer m\u00e1s sobre D\u00eda de San Patricio: Festejos el viernes 17 y s\u00e1bado 18\">Leer m\u00e1s<\/a><\/p>\n","protected":false},"author":1,"featured_media":159646,"comment_status":"closed","ping_status":"open","sticky":false,"template":"","format":"standard","meta":{"_monsterinsights_skip_tracking":false,"_monsterinsights_sitenote_active":false,"_monsterinsights_sitenote_note":"","_monsterinsights_sitenote_category":0,"jetpack_post_was_ever_published":false,"_jetpack_newsletter_access":"","_jetpack_dont_email_post_to_subs":false,"_jetpack_newsletter_tier_id":0,"_jetpack_memberships_contains_paywalled_content":false,"_jetpack_memberships_contains_paid_content":false,"footnotes":"","jetpack_publicize_message":"","jetpack_publicize_feature_enabled":true,"jetpack_social_post_already_shared":true,"jetpack_social_options":{"image_generator_settings":{"template":"highway","default_image_id":0,"font":"","enabled":false},"version":2},"_wpas_customize_per_network":false},"categories":[30],"tags":[7805,244],"class_list":["post-159642","post","type-post","status-publish","format-standard","has-post-thumbnail","hentry","category-municipio","tag-cultura","tag-municipio-2","generate-columns","tablet-grid-50","mobile-grid-100","grid-parent","grid-50"],"jetpack_publicize_connections":[],"jetpack_featured_media_url":"https:\/\/www.hoymercedes.com.ar\/principal\/wp-content\/uploads\/2023\/03\/IMG_20230314_104142629_HDR.jpg","wps_subtitle":"","jetpack_sharing_enabled":true,"_links":{"self":[{"href":"https:\/\/www.hoymercedes.com.ar\/principal\/wp-json\/wp\/v2\/posts\/159642","targetHints":{"allow":["GET"]}}],"collection":[{"href":"https:\/\/www.hoymercedes.com.ar\/principal\/wp-json\/wp\/v2\/posts"}],"about":[{"href":"https:\/\/www.hoymercedes.com.ar\/principal\/wp-json\/wp\/v2\/types\/post"}],"author":[{"embeddable":true,"href":"https:\/\/www.hoymercedes.com.ar\/principal\/wp-json\/wp\/v2\/users\/1"}],"replies":[{"embeddable":true,"href":"https:\/\/www.hoymercedes.com.ar\/principal\/wp-json\/wp\/v2\/comments?post=159642"}],"version-history":[{"count":0,"href":"https:\/\/www.hoymercedes.com.ar\/principal\/wp-json\/wp\/v2\/posts\/159642\/revisions"}],"wp:featuredmedia":[{"embeddable":true,"href":"https:\/\/www.hoymercedes.com.ar\/principal\/wp-json\/wp\/v2\/media\/159646"}],"wp:attachment":[{"href":"https:\/\/www.hoymercedes.com.ar\/principal\/wp-json\/wp\/v2\/media?parent=159642"}],"wp:term":[{"taxonomy":"category","embeddable":true,"href":"https:\/\/www.hoymercedes.com.ar\/principal\/wp-json\/wp\/v2\/categories?post=159642"},{"taxonomy":"post_tag","embeddable":true,"href":"https:\/\/www.hoymercedes.com.ar\/principal\/wp-json\/wp\/v2\/tags?post=159642"}],"curies":[{"name":"wp","href":"https:\/\/api.w.org\/{rel}","templated":true}]}}