{"id":159687,"date":"2023-03-17T12:34:01","date_gmt":"2023-03-17T15:34:01","guid":{"rendered":"https:\/\/www.hoymercedes.com.ar\/principal\/?p=159687"},"modified":"2023-03-17T12:34:03","modified_gmt":"2023-03-17T15:34:03","slug":"condenan-a-20-anos-al-asesino-de-tucu-miranda","status":"publish","type":"post","link":"https:\/\/www.hoymercedes.com.ar\/principal\/2023\/03\/17\/condenan-a-20-anos-al-asesino-de-tucu-miranda\/","title":{"rendered":"Condenan a 20 a\u00f1os al asesino de \u00abTucu\u00bb Miranda"},"content":{"rendered":"\n<p>Desde el Ministerio P\u00fablico Fiscal del Departamento Judicial Mercedes confirmaron la sentencia del TOC N\u00b0 2 contra Pablo Sebasti\u00e1n Castro (29 a\u00f1os) considerado el autor del homicidio de Jes\u00fas Nicol\u00e1s Miranda, conocido como \u00abTucu\u00bb. El hecho ocurri\u00f3 en noviembre de 2020. Sin embargo, la condena por 20 a\u00f1os de prisi\u00f3n fue por \u00e9ste y otro hecho ocurrido meses antes. <\/p>\n\n\n<div class=\"wp-block-image\">\n<figure class=\"aligncenter size-full\"><img loading=\"lazy\" decoding=\"async\" width=\"696\" height=\"313\" data-attachment-id=\"159688\" data-permalink=\"https:\/\/www.hoymercedes.com.ar\/principal\/2023\/03\/17\/condenan-a-20-anos-al-asesino-de-tucu-miranda\/miranda-2-696x313\/#main\" data-orig-file=\"https:\/\/www.hoymercedes.com.ar\/principal\/wp-content\/uploads\/2023\/03\/miranda-2-696x313-1.jpg\" data-orig-size=\"696,313\" data-comments-opened=\"0\" data-image-meta=\"{&quot;aperture&quot;:&quot;0&quot;,&quot;credit&quot;:&quot;&quot;,&quot;camera&quot;:&quot;&quot;,&quot;caption&quot;:&quot;&quot;,&quot;created_timestamp&quot;:&quot;0&quot;,&quot;copyright&quot;:&quot;&quot;,&quot;focal_length&quot;:&quot;0&quot;,&quot;iso&quot;:&quot;0&quot;,&quot;shutter_speed&quot;:&quot;0&quot;,&quot;title&quot;:&quot;&quot;,&quot;orientation&quot;:&quot;1&quot;}\" data-image-title=\"miranda-2-696&amp;#215;313\" data-image-description=\"\" data-image-caption=\"\" data-large-file=\"https:\/\/www.hoymercedes.com.ar\/principal\/wp-content\/uploads\/2023\/03\/miranda-2-696x313-1.jpg\" src=\"https:\/\/www.hoymercedes.com.ar\/principal\/wp-content\/uploads\/2023\/03\/miranda-2-696x313-1.jpg\" alt=\"\" class=\"wp-image-159688\" srcset=\"https:\/\/www.hoymercedes.com.ar\/principal\/wp-content\/uploads\/2023\/03\/miranda-2-696x313-1.jpg 696w, https:\/\/www.hoymercedes.com.ar\/principal\/wp-content\/uploads\/2023\/03\/miranda-2-696x313-1-630x283.jpg 630w, https:\/\/www.hoymercedes.com.ar\/principal\/wp-content\/uploads\/2023\/03\/miranda-2-696x313-1-150x67.jpg 150w\" sizes=\"auto, (max-width: 696px) 100vw, 696px\" \/><\/figure>\n<\/div>\n\n\n<p>La informaci\u00f3n oficial expresa: \u00abEn la jornada del 15 de marzo del corriente se dio a conocer en el Tribunal Oral en lo Criminal N\u00b0 2 del Departamento Judicial Mercedes, el veredicto en el marco del debate oral y p\u00fablico contra Pablo Sebasti\u00e1n Castro &#8211; de 29 a\u00f1os, oriundo de Mercedes &#8211;\u00a0 por el homicidio de Jes\u00fas Franco Nicol\u00e1s Miranda alias \u00abTucu\u00bb. El hecho ocurri\u00f3 el 28 de noviembre de 2020 en inmediaciones de calle 4 y 67 de la ciudad de Mercedes.\u00a0<\/p>\n\n\n\n<p>En dicha jornada, alrededor de las 7 horas, en oportunidad que Castro se desplazaba a bordo de una motocicleta tipo 110 cc, en las inmediaciones de calle 4 y 67 intercept\u00f3 a la v\u00edctima quien conduc\u00eda su veh\u00edculo marca Chevrolet Corsa, en compa\u00f1\u00eda de una joven que resultaba ser ex pareja del ahora condenado, y tras hacer detener la marcha del autom\u00f3vil, se abalanz\u00f3 sobre el mismo portando un cuchillo. Con claras intenciones de darle muerte, le asest\u00f3 una certera pu\u00f1alada a nivel superior del brazo izquierdo, la cual le produjo un shock hipovol\u00e9mico irreversible y su posterior deceso al lacerar uno de los principales vasos sangu\u00edneos.&nbsp;<\/p>\n\n\n\n<p>Tras ello se dio intervenci\u00f3n a la Unidad Funcional N\u00b0 4 del Departamento Judicial Mercedes, y se detuvo al imputado e instruy\u00f3 la causa con los elementos necesarios para arribar a la etapa del debate oral.&nbsp;<\/p>\n\n\n\n<p>Vale destacar que en la misma jornada se lo enjuici\u00f3 por otros dos hechos en los cuales, Castro hab\u00eda lesionado a otro joven en la jornada del 20 de junio de 2020, y en la misma jornada amenaz\u00f3 a otras dos personas con un cuchillo.&nbsp;<\/p>\n\n\n\n<p>Para los jueces Dres. Juan Tillet, Juan Manuel Renaud M\u00e1s y Jorge Pablo Vieiro, la imputaci\u00f3n sostenida por el fiscal de Juicio, Dr. Adri\u00e1n Landini fue legal y debidamente fundada, y resolvieron, por unanimidad, condenar al imputado a la pena de 20 a\u00f1os de prisi\u00f3n, accesorias legales y costas del proceso al encontrarlo autor penalmente responsable del delito de \u201cHomicidio simple, lesiones leves &#8211; dos hechos &#8211; y amenazas calificadas por el uso de arma, todo ello en concurso real entre s\u00ed\u201d.&nbsp;<\/p>\n\n\n\n<p>Para arribar a dicha resoluci\u00f3n se basaron en los diversos elementos que se adjuntaron a la causa, los cuales se ventilaron durante el debate oral llevado a cabo el pasado 7 de marzo del corriente\u00bb.<\/p>\n\n\n\n<p>\u00a0<\/p>\n","protected":false},"excerpt":{"rendered":"<p>Desde el Ministerio P\u00fablico Fiscal del Departamento Judicial Mercedes confirmaron la sentencia del TOC N\u00b0 2 contra Pablo Sebasti\u00e1n Castro &#8230; <a title=\"Condenan a 20 a\u00f1os al asesino de \u00abTucu\u00bb Miranda\" class=\"read-more\" href=\"https:\/\/www.hoymercedes.com.ar\/principal\/2023\/03\/17\/condenan-a-20-anos-al-asesino-de-tucu-miranda\/\" aria-label=\"Leer m\u00e1s sobre Condenan a 20 a\u00f1os al asesino de \u00abTucu\u00bb Miranda\">Leer m\u00e1s<\/a><\/p>\n","protected":false},"author":1,"featured_media":159688,"comment_status":"closed","ping_status":"open","sticky":false,"template":"","format":"standard","meta":{"_monsterinsights_skip_tracking":false,"_monsterinsights_sitenote_active":false,"_monsterinsights_sitenote_note":"","_monsterinsights_sitenote_category":0,"jetpack_post_was_ever_published":false,"_jetpack_newsletter_access":"","_jetpack_dont_email_post_to_subs":false,"_jetpack_newsletter_tier_id":0,"_jetpack_memberships_contains_paywalled_content":false,"_jetpack_memberships_contains_paid_content":false,"footnotes":"","jetpack_publicize_message":"","jetpack_publicize_feature_enabled":true,"jetpack_social_post_already_shared":true,"jetpack_social_options":{"image_generator_settings":{"template":"highway","default_image_id":0,"font":"","enabled":false},"version":2},"_wpas_customize_per_network":false},"categories":[85],"tags":[],"class_list":["post-159687","post","type-post","status-publish","format-standard","has-post-thumbnail","hentry","category-policial","generate-columns","tablet-grid-50","mobile-grid-100","grid-parent","grid-50"],"jetpack_publicize_connections":[],"jetpack_featured_media_url":"https:\/\/www.hoymercedes.com.ar\/principal\/wp-content\/uploads\/2023\/03\/miranda-2-696x313-1.jpg","wps_subtitle":"","jetpack_sharing_enabled":true,"_links":{"self":[{"href":"https:\/\/www.hoymercedes.com.ar\/principal\/wp-json\/wp\/v2\/posts\/159687","targetHints":{"allow":["GET"]}}],"collection":[{"href":"https:\/\/www.hoymercedes.com.ar\/principal\/wp-json\/wp\/v2\/posts"}],"about":[{"href":"https:\/\/www.hoymercedes.com.ar\/principal\/wp-json\/wp\/v2\/types\/post"}],"author":[{"embeddable":true,"href":"https:\/\/www.hoymercedes.com.ar\/principal\/wp-json\/wp\/v2\/users\/1"}],"replies":[{"embeddable":true,"href":"https:\/\/www.hoymercedes.com.ar\/principal\/wp-json\/wp\/v2\/comments?post=159687"}],"version-history":[{"count":0,"href":"https:\/\/www.hoymercedes.com.ar\/principal\/wp-json\/wp\/v2\/posts\/159687\/revisions"}],"wp:featuredmedia":[{"embeddable":true,"href":"https:\/\/www.hoymercedes.com.ar\/principal\/wp-json\/wp\/v2\/media\/159688"}],"wp:attachment":[{"href":"https:\/\/www.hoymercedes.com.ar\/principal\/wp-json\/wp\/v2\/media?parent=159687"}],"wp:term":[{"taxonomy":"category","embeddable":true,"href":"https:\/\/www.hoymercedes.com.ar\/principal\/wp-json\/wp\/v2\/categories?post=159687"},{"taxonomy":"post_tag","embeddable":true,"href":"https:\/\/www.hoymercedes.com.ar\/principal\/wp-json\/wp\/v2\/tags?post=159687"}],"curies":[{"name":"wp","href":"https:\/\/api.w.org\/{rel}","templated":true}]}}