{"id":159692,"date":"2023-03-17T17:00:00","date_gmt":"2023-03-17T20:00:00","guid":{"rendered":"https:\/\/www.hoymercedes.com.ar\/principal\/?p=159692"},"modified":"2023-03-17T14:54:33","modified_gmt":"2023-03-17T17:54:33","slug":"historico-anuncio-construiran-el-club-y-predio-para-municipales","status":"publish","type":"post","link":"https:\/\/www.hoymercedes.com.ar\/principal\/2023\/03\/17\/historico-anuncio-construiran-el-club-y-predio-para-municipales\/","title":{"rendered":"Hist\u00f3rico anuncio: construir\u00e1n el Club y Predio para Municipales"},"content":{"rendered":"\n<figure class=\"wp-block-image size-large\"><img loading=\"lazy\" decoding=\"async\" width=\"1024\" height=\"576\" data-attachment-id=\"159693\" data-permalink=\"https:\/\/www.hoymercedes.com.ar\/principal\/2023\/03\/17\/historico-anuncio-construiran-el-club-y-predio-para-municipales\/proyectomm-1\/#main\" data-orig-file=\"https:\/\/www.hoymercedes.com.ar\/principal\/wp-content\/uploads\/2023\/03\/proyectoMM-1.jpeg\" data-orig-size=\"1600,900\" data-comments-opened=\"0\" data-image-meta=\"{&quot;aperture&quot;:&quot;0&quot;,&quot;credit&quot;:&quot;&quot;,&quot;camera&quot;:&quot;&quot;,&quot;caption&quot;:&quot;&quot;,&quot;created_timestamp&quot;:&quot;0&quot;,&quot;copyright&quot;:&quot;&quot;,&quot;focal_length&quot;:&quot;0&quot;,&quot;iso&quot;:&quot;0&quot;,&quot;shutter_speed&quot;:&quot;0&quot;,&quot;title&quot;:&quot;&quot;,&quot;orientation&quot;:&quot;0&quot;}\" data-image-title=\"proyectoMM-1\" data-image-description=\"\" data-image-caption=\"\" data-large-file=\"https:\/\/www.hoymercedes.com.ar\/principal\/wp-content\/uploads\/2023\/03\/proyectoMM-1-1024x576.jpeg\" src=\"https:\/\/www.hoymercedes.com.ar\/principal\/wp-content\/uploads\/2023\/03\/proyectoMM-1-1024x576.jpeg\" alt=\"\" class=\"wp-image-159693\" srcset=\"https:\/\/www.hoymercedes.com.ar\/principal\/wp-content\/uploads\/2023\/03\/proyectoMM-1-1024x576.jpeg 1024w, https:\/\/www.hoymercedes.com.ar\/principal\/wp-content\/uploads\/2023\/03\/proyectoMM-1-630x354.jpeg 630w, https:\/\/www.hoymercedes.com.ar\/principal\/wp-content\/uploads\/2023\/03\/proyectoMM-1-150x84.jpeg 150w, https:\/\/www.hoymercedes.com.ar\/principal\/wp-content\/uploads\/2023\/03\/proyectoMM-1-1536x864.jpeg 1536w, https:\/\/www.hoymercedes.com.ar\/principal\/wp-content\/uploads\/2023\/03\/proyectoMM-1.jpeg 1600w\" sizes=\"auto, (max-width: 1024px) 100vw, 1024px\" \/><\/figure>\n\n\n\n<p>Con los sindicatos y gremios municipales el intendente Ustarroz realiz\u00f3 el anuncio. Ya se hab\u00eda adelantado y ahora se dio un paso clave al firmar convenio con Provincia que dar\u00e1 apoyo a las futuras obras. Hugo Bonafina, Evangelina Artaza y Roxana Fern\u00e1ndez fueron parte del anuncio. Tambi\u00e9n estuvo presente el ministro Andr\u00e9s Larroque y Leandro Lurati, subsecretario de deportes, qui\u00e9n narr\u00f3 el proyecto y aporte bonaerense al hist\u00f3rico proyecto.<\/p>\n\n\n\n<p><strong>Proyecto<\/strong><\/p>\n\n\n\n<p>El intendente Juan Ignacio Ustarroz cont\u00f3 \u201ceste es un proyecto, que anunciamos en noviembre, que es hacer un espacio para la familia municipal, un club con un sum (sal\u00f3n de usos m\u00faltiples) y con una pileta. Esta inversi\u00f3n que va a aportar el Gobierno de la Provincia de Bueno Aires, es para la etapa n\u00famero 1 que consistir\u00e1 de 4 etapas, en un predio municipal, que tiene como objetivo, brindarles a nuestros trabajadores un espacio de esparcimiento, juego, encuentro y recreaci\u00f3n\u201d.<\/p>\n\n\n\n<figure class=\"wp-block-image size-large\"><img loading=\"lazy\" decoding=\"async\" width=\"1024\" height=\"576\" data-attachment-id=\"159694\" data-permalink=\"https:\/\/www.hoymercedes.com.ar\/principal\/2023\/03\/17\/historico-anuncio-construiran-el-club-y-predio-para-municipales\/proyectomm-2\/#main\" data-orig-file=\"https:\/\/www.hoymercedes.com.ar\/principal\/wp-content\/uploads\/2023\/03\/proyectoMM-2.jpeg\" data-orig-size=\"1600,900\" data-comments-opened=\"0\" data-image-meta=\"{&quot;aperture&quot;:&quot;0&quot;,&quot;credit&quot;:&quot;&quot;,&quot;camera&quot;:&quot;&quot;,&quot;caption&quot;:&quot;&quot;,&quot;created_timestamp&quot;:&quot;0&quot;,&quot;copyright&quot;:&quot;&quot;,&quot;focal_length&quot;:&quot;0&quot;,&quot;iso&quot;:&quot;0&quot;,&quot;shutter_speed&quot;:&quot;0&quot;,&quot;title&quot;:&quot;&quot;,&quot;orientation&quot;:&quot;0&quot;}\" data-image-title=\"proyectoMM-2\" data-image-description=\"\" data-image-caption=\"\" data-large-file=\"https:\/\/www.hoymercedes.com.ar\/principal\/wp-content\/uploads\/2023\/03\/proyectoMM-2-1024x576.jpeg\" src=\"https:\/\/www.hoymercedes.com.ar\/principal\/wp-content\/uploads\/2023\/03\/proyectoMM-2-1024x576.jpeg\" alt=\"\" class=\"wp-image-159694\" srcset=\"https:\/\/www.hoymercedes.com.ar\/principal\/wp-content\/uploads\/2023\/03\/proyectoMM-2-1024x576.jpeg 1024w, https:\/\/www.hoymercedes.com.ar\/principal\/wp-content\/uploads\/2023\/03\/proyectoMM-2-630x354.jpeg 630w, https:\/\/www.hoymercedes.com.ar\/principal\/wp-content\/uploads\/2023\/03\/proyectoMM-2-150x84.jpeg 150w, https:\/\/www.hoymercedes.com.ar\/principal\/wp-content\/uploads\/2023\/03\/proyectoMM-2-1536x864.jpeg 1536w, https:\/\/www.hoymercedes.com.ar\/principal\/wp-content\/uploads\/2023\/03\/proyectoMM-2.jpeg 1600w\" sizes=\"auto, (max-width: 1024px) 100vw, 1024px\" \/><\/figure>\n\n\n\n<p><strong>Agradecimientos<\/strong><\/p>\n\n\n\n<p>Asimismo, el intendente Ustarroz destac\u00f3 \u201cen primer lugar, a la Secretar\u00eda de obras P\u00fablicas que viene con un volumen de trabajo impresionante, lo que refuerza este concepto que decimos siempre de escuchar, planificar y hacer, donde escuchamos sobre una necesidad de un espacio de encuentro y esparcimiento, como as\u00ed tambi\u00e9n, por parte del Ministro Larroque a nuestras gestiones, para poder generar los fondos para poder avanzar en este importante proyecto\u201d y se\u00f1al\u00f3 \u201cesto es presente con futuro, es trabajo, para un lugar que ser\u00e1 muy importante para nuestros trabajadores y trabajadoras\u201d.<\/p>\n\n\n\n<figure class=\"wp-block-image size-large\"><img loading=\"lazy\" decoding=\"async\" width=\"1024\" height=\"682\" data-attachment-id=\"159695\" data-permalink=\"https:\/\/www.hoymercedes.com.ar\/principal\/2023\/03\/17\/historico-anuncio-construiran-el-club-y-predio-para-municipales\/frxafwvwwaktwf3\/#main\" data-orig-file=\"https:\/\/www.hoymercedes.com.ar\/principal\/wp-content\/uploads\/2023\/03\/FrXAFwvWwAkTWF3.jpg\" data-orig-size=\"1280,852\" data-comments-opened=\"0\" data-image-meta=\"{&quot;aperture&quot;:&quot;0&quot;,&quot;credit&quot;:&quot;&quot;,&quot;camera&quot;:&quot;&quot;,&quot;caption&quot;:&quot;&quot;,&quot;created_timestamp&quot;:&quot;0&quot;,&quot;copyright&quot;:&quot;&quot;,&quot;focal_length&quot;:&quot;0&quot;,&quot;iso&quot;:&quot;0&quot;,&quot;shutter_speed&quot;:&quot;0&quot;,&quot;title&quot;:&quot;&quot;,&quot;orientation&quot;:&quot;0&quot;}\" data-image-title=\"FrXAFwvWwAkTWF3\" data-image-description=\"\" data-image-caption=\"\" data-large-file=\"https:\/\/www.hoymercedes.com.ar\/principal\/wp-content\/uploads\/2023\/03\/FrXAFwvWwAkTWF3-1024x682.jpg\" src=\"https:\/\/www.hoymercedes.com.ar\/principal\/wp-content\/uploads\/2023\/03\/FrXAFwvWwAkTWF3-1024x682.jpg\" alt=\"\" class=\"wp-image-159695\" srcset=\"https:\/\/www.hoymercedes.com.ar\/principal\/wp-content\/uploads\/2023\/03\/FrXAFwvWwAkTWF3-1024x682.jpg 1024w, https:\/\/www.hoymercedes.com.ar\/principal\/wp-content\/uploads\/2023\/03\/FrXAFwvWwAkTWF3-630x419.jpg 630w, https:\/\/www.hoymercedes.com.ar\/principal\/wp-content\/uploads\/2023\/03\/FrXAFwvWwAkTWF3-150x100.jpg 150w, https:\/\/www.hoymercedes.com.ar\/principal\/wp-content\/uploads\/2023\/03\/FrXAFwvWwAkTWF3-700x465.jpg 700w, https:\/\/www.hoymercedes.com.ar\/principal\/wp-content\/uploads\/2023\/03\/FrXAFwvWwAkTWF3.jpg 1280w\" sizes=\"auto, (max-width: 1024px) 100vw, 1024px\" \/><\/figure>\n\n\n\n<p><strong>Ministro<\/strong><\/p>\n\n\n\n<p>Por su parte, el Ministro de Desarrollo de la Comunidad de la provincia de Buenos Aires, Andr\u00e9s Larroque expres\u00f3 \u201cla verdad que muy contentos de poder hacer este anuncio, me parece algo formidable la iniciativa, donde a veces se pueden tener los recursos, la capacidad de gesti\u00f3n y el compromiso, pero inclusivo a eso hay que agregarle creatividad una pol\u00edtica activa y concreta\u201d y sostuvo \u201cesta posibilidad que encontr\u00f3 el intendente Ustarroz de poder desarrollar esta posibilidad para los trabajadores, a nosotros nos llena de orgullo y alegr\u00eda\u201d.<\/p>\n\n\n\n<p><strong>Deporte<\/strong><\/p>\n\n\n\n<p>Leandro Lurati, Subsecretario de Deportes de la provincia de Buenos Aires dijo \u201cel principal pedido que hizo el Ministro para la gesti\u00f3n de deportes, tratar de acompa\u00f1ar a los clubes, a las comunidades y los municipios, donde el deporte sea un lugar de contenci\u00f3n, recreaci\u00f3n y acompa\u00f1amiento para los vecinos. Mercedes tiene un gran e interesant\u00edsimo proyecto de deportes, por lo que, junto al Ministerio de Deportes de la Naci\u00f3n, conseguimos la financiaci\u00f3n de un proyecto de 70 millones de pesos\u201d.<\/p>\n\n\n\n<p><strong>Municipales<\/strong><\/p>\n\n\n\n<p>Evangelina Artaza, del Sindicato de Trabajadores Municipales declar\u00f3 \u201cven\u00edamos planteando la necesidad de los trabajadores de tener un espacio de recreaci\u00f3n, donde, desde esta gesti\u00f3n, hemos sido escuchados en la necesidad de los trabajadores de tener un lugar de esparcimiento y recreaci\u00f3n, lo que creo ser\u00e1 algo maravilloso para todos los empleados municipales, as\u00ed que, much\u00edsimas gracias\u201d.<\/p>\n\n\n\n<p>Desde la Asociaci\u00f3n de Trabajadores Municipales, su representante, Roxana Fern\u00e1ndez agradeci\u00f3 \u201cel trabajo que est\u00e1 llevando adelante con nuestros compa\u00f1eros municipales, la verdad que un orgullo y una felicidad por este anunci\u00f3 que beneficiar\u00e1 a todos los municipales de la ciudad\u201d.<\/p>\n\n\n\n<p>Y desde la Asociaci\u00f3n de Trabajadores del Estado, Hugo Bonafina expuso \u201cmuy felices por esta iniciativa, felicitarlos a todos por el trabajo que est\u00e1n haciendo y acompa\u00f1arlos en todo lo que se pueda para que esto se vaya realizando lo m\u00e1s r\u00e1pido posible, para que todos los trabajadores lo puedan disfrutar\u201d.<\/p>\n\n\n\n<p class=\"has-cyan-bluish-gray-color has-text-color\">Info: PBA\/Sindicatos\/Municipio\/Redes\/Obras<\/p>\n","protected":false},"excerpt":{"rendered":"<p>Con los sindicatos y gremios municipales el intendente Ustarroz realiz\u00f3 el anuncio. Ya se hab\u00eda adelantado y ahora se dio &#8230; <a title=\"Hist\u00f3rico anuncio: construir\u00e1n el Club y Predio para Municipales\" class=\"read-more\" href=\"https:\/\/www.hoymercedes.com.ar\/principal\/2023\/03\/17\/historico-anuncio-construiran-el-club-y-predio-para-municipales\/\" aria-label=\"Leer m\u00e1s sobre Hist\u00f3rico anuncio: construir\u00e1n el Club y Predio para Municipales\">Leer m\u00e1s<\/a><\/p>\n","protected":false},"author":1,"featured_media":159693,"comment_status":"closed","ping_status":"open","sticky":false,"template":"","format":"standard","meta":{"_monsterinsights_skip_tracking":false,"_monsterinsights_sitenote_active":false,"_monsterinsights_sitenote_note":"","_monsterinsights_sitenote_category":0,"jetpack_post_was_ever_published":false,"_jetpack_newsletter_access":"","_jetpack_dont_email_post_to_subs":false,"_jetpack_newsletter_tier_id":0,"_jetpack_memberships_contains_paywalled_content":false,"_jetpack_memberships_contains_paid_content":false,"footnotes":"","jetpack_publicize_message":"","jetpack_publicize_feature_enabled":true,"jetpack_social_post_already_shared":true,"jetpack_social_options":{"image_generator_settings":{"template":"highway","default_image_id":0,"font":"","enabled":false},"version":2},"_wpas_customize_per_network":false},"categories":[30],"tags":[1509,3942,12780,424],"class_list":["post-159692","post","type-post","status-publish","format-standard","has-post-thumbnail","hentry","category-municipio","tag-larroque","tag-obras-municipales","tag-sindicatos-municipales","tag-ustarroz","generate-columns","tablet-grid-50","mobile-grid-100","grid-parent","grid-50"],"jetpack_publicize_connections":[],"jetpack_featured_media_url":"https:\/\/www.hoymercedes.com.ar\/principal\/wp-content\/uploads\/2023\/03\/proyectoMM-1.jpeg","wps_subtitle":"Infraestructura y beneficios sociales","jetpack_sharing_enabled":true,"_links":{"self":[{"href":"https:\/\/www.hoymercedes.com.ar\/principal\/wp-json\/wp\/v2\/posts\/159692","targetHints":{"allow":["GET"]}}],"collection":[{"href":"https:\/\/www.hoymercedes.com.ar\/principal\/wp-json\/wp\/v2\/posts"}],"about":[{"href":"https:\/\/www.hoymercedes.com.ar\/principal\/wp-json\/wp\/v2\/types\/post"}],"author":[{"embeddable":true,"href":"https:\/\/www.hoymercedes.com.ar\/principal\/wp-json\/wp\/v2\/users\/1"}],"replies":[{"embeddable":true,"href":"https:\/\/www.hoymercedes.com.ar\/principal\/wp-json\/wp\/v2\/comments?post=159692"}],"version-history":[{"count":0,"href":"https:\/\/www.hoymercedes.com.ar\/principal\/wp-json\/wp\/v2\/posts\/159692\/revisions"}],"wp:featuredmedia":[{"embeddable":true,"href":"https:\/\/www.hoymercedes.com.ar\/principal\/wp-json\/wp\/v2\/media\/159693"}],"wp:attachment":[{"href":"https:\/\/www.hoymercedes.com.ar\/principal\/wp-json\/wp\/v2\/media?parent=159692"}],"wp:term":[{"taxonomy":"category","embeddable":true,"href":"https:\/\/www.hoymercedes.com.ar\/principal\/wp-json\/wp\/v2\/categories?post=159692"},{"taxonomy":"post_tag","embeddable":true,"href":"https:\/\/www.hoymercedes.com.ar\/principal\/wp-json\/wp\/v2\/tags?post=159692"}],"curies":[{"name":"wp","href":"https:\/\/api.w.org\/{rel}","templated":true}]}}