{"id":159710,"date":"2023-03-18T13:00:00","date_gmt":"2023-03-18T16:00:00","guid":{"rendered":"https:\/\/www.hoymercedes.com.ar\/principal\/?p=159710"},"modified":"2023-03-18T12:31:16","modified_gmt":"2023-03-18T15:31:16","slug":"talleres-culturales-inscripcion-abierta-desde-el-lunes-20","status":"publish","type":"post","link":"https:\/\/www.hoymercedes.com.ar\/principal\/2023\/03\/18\/talleres-culturales-inscripcion-abierta-desde-el-lunes-20\/","title":{"rendered":"Talleres Culturales: Inscripci\u00f3n abierta desde el lunes 20"},"content":{"rendered":"\n<p>A trav\u00e9s de una conferencia de prensa, el Municipio de Mercedes a trav\u00e9s del \u00e1rea de Cultura anunci\u00f3 el inicio de la inscripci\u00f3n para los talleres culturales del ciclo 2023. En este 2023 se suman nuevos talleres y cursos, adem\u00e1s de dictar seminarios que se anunciar\u00e1n a lo largo del a\u00f1o. La inscripci\u00f3n comienza el 20 de marzo, de 9 a 15 hs, en el Centro Cultural La Trocha. Las clases comienzan el 10 de abril. <\/p>\n\n\n\n<div class=\"wp-block-jetpack-slideshow aligncenter\" data-effect=\"slide\"><div class=\"wp-block-jetpack-slideshow_container swiper-container\"><ul class=\"wp-block-jetpack-slideshow_swiper-wrapper swiper-wrapper\"><li class=\"wp-block-jetpack-slideshow_slide swiper-slide\"><figure><img loading=\"lazy\" decoding=\"async\" width=\"800\" height=\"800\" alt=\"\" class=\"wp-block-jetpack-slideshow_image wp-image-159748\" data-id=\"159748\" src=\"https:\/\/www.hoymercedes.com.ar\/principal\/wp-content\/uploads\/2023\/03\/taller-cultural-1.jpg\" srcset=\"https:\/\/www.hoymercedes.com.ar\/principal\/wp-content\/uploads\/2023\/03\/taller-cultural-1.jpg 800w, https:\/\/www.hoymercedes.com.ar\/principal\/wp-content\/uploads\/2023\/03\/taller-cultural-1-620x620.jpg 620w, https:\/\/www.hoymercedes.com.ar\/principal\/wp-content\/uploads\/2023\/03\/taller-cultural-1-150x150.jpg 150w\" sizes=\"(max-width: 800px) 100vw, 800px\" \/><\/figure><\/li><li class=\"wp-block-jetpack-slideshow_slide swiper-slide\"><figure><img loading=\"lazy\" decoding=\"async\" width=\"800\" height=\"800\" alt=\"\" class=\"wp-block-jetpack-slideshow_image wp-image-159747\" data-id=\"159747\" src=\"https:\/\/www.hoymercedes.com.ar\/principal\/wp-content\/uploads\/2023\/03\/taller-cultural-2.jpg\" srcset=\"https:\/\/www.hoymercedes.com.ar\/principal\/wp-content\/uploads\/2023\/03\/taller-cultural-2.jpg 800w, https:\/\/www.hoymercedes.com.ar\/principal\/wp-content\/uploads\/2023\/03\/taller-cultural-2-620x620.jpg 620w, https:\/\/www.hoymercedes.com.ar\/principal\/wp-content\/uploads\/2023\/03\/taller-cultural-2-150x150.jpg 150w\" sizes=\"(max-width: 800px) 100vw, 800px\" \/><\/figure><\/li><li class=\"wp-block-jetpack-slideshow_slide swiper-slide\"><figure><img loading=\"lazy\" decoding=\"async\" width=\"800\" height=\"800\" alt=\"\" class=\"wp-block-jetpack-slideshow_image wp-image-159746\" data-id=\"159746\" src=\"https:\/\/www.hoymercedes.com.ar\/principal\/wp-content\/uploads\/2023\/03\/taller-cultural-3.jpg\" srcset=\"https:\/\/www.hoymercedes.com.ar\/principal\/wp-content\/uploads\/2023\/03\/taller-cultural-3.jpg 800w, https:\/\/www.hoymercedes.com.ar\/principal\/wp-content\/uploads\/2023\/03\/taller-cultural-3-620x620.jpg 620w, https:\/\/www.hoymercedes.com.ar\/principal\/wp-content\/uploads\/2023\/03\/taller-cultural-3-150x150.jpg 150w\" sizes=\"(max-width: 800px) 100vw, 800px\" \/><\/figure><\/li><li class=\"wp-block-jetpack-slideshow_slide swiper-slide\"><figure><img loading=\"lazy\" decoding=\"async\" width=\"800\" height=\"800\" alt=\"\" class=\"wp-block-jetpack-slideshow_image wp-image-159745\" data-id=\"159745\" src=\"https:\/\/www.hoymercedes.com.ar\/principal\/wp-content\/uploads\/2023\/03\/taller-cultural-4.jpg\" srcset=\"https:\/\/www.hoymercedes.com.ar\/principal\/wp-content\/uploads\/2023\/03\/taller-cultural-4.jpg 800w, https:\/\/www.hoymercedes.com.ar\/principal\/wp-content\/uploads\/2023\/03\/taller-cultural-4-620x620.jpg 620w, https:\/\/www.hoymercedes.com.ar\/principal\/wp-content\/uploads\/2023\/03\/taller-cultural-4-150x150.jpg 150w\" sizes=\"(max-width: 800px) 100vw, 800px\" \/><\/figure><\/li><li class=\"wp-block-jetpack-slideshow_slide swiper-slide\"><figure><img loading=\"lazy\" decoding=\"async\" width=\"800\" height=\"800\" alt=\"\" class=\"wp-block-jetpack-slideshow_image wp-image-159744\" data-id=\"159744\" src=\"https:\/\/www.hoymercedes.com.ar\/principal\/wp-content\/uploads\/2023\/03\/taller-cultural-5.jpg\" srcset=\"https:\/\/www.hoymercedes.com.ar\/principal\/wp-content\/uploads\/2023\/03\/taller-cultural-5.jpg 800w, https:\/\/www.hoymercedes.com.ar\/principal\/wp-content\/uploads\/2023\/03\/taller-cultural-5-620x620.jpg 620w, https:\/\/www.hoymercedes.com.ar\/principal\/wp-content\/uploads\/2023\/03\/taller-cultural-5-150x150.jpg 150w\" sizes=\"(max-width: 800px) 100vw, 800px\" \/><\/figure><\/li><\/ul><a class=\"wp-block-jetpack-slideshow_button-prev swiper-button-prev swiper-button-white\" role=\"button\"><\/a><a class=\"wp-block-jetpack-slideshow_button-next swiper-button-next swiper-button-white\" role=\"button\"><\/a><a aria-label=\"Pause Slideshow\" class=\"wp-block-jetpack-slideshow_button-pause\" role=\"button\"><\/a><div class=\"wp-block-jetpack-slideshow_pagination swiper-pagination swiper-pagination-white\"><\/div><\/div><\/div>\n\n\n\n<p>El Intendente Municipal Juan Ignacio Ustarroz, junto a la Directora de Cultura Luc\u00eda Capaccio y una de las talleristas Alejandra Marroqu\u00edn explicaron qu\u00e9 se viene en el marco de la propuesta municipal de talleres culturales. Fue la funcionaria del \u00e1rea la primera en contar que son m\u00e1s de 30 los talleres para este a\u00f1o que se dictar\u00e1n en distintos espacios culturales y barriales como La Trocha, el MAMM, el M\u00edguez, las Sociedades de Fomento Santa Teresica y San Jos\u00e9, as\u00ed como en las sedes del programa ReCreo. <\/p>\n\n\n\n<p>\u00abEste a\u00f1os los talleres est\u00e1n divididos en distintas disciplinas: artes visuales, expresi\u00f3n corporal, literatura y m\u00fasica. Este a\u00f1o sumamos nuevos talleres dedicados a j\u00f3venes y ni\u00f1os. En expresi\u00f3n corporal se suma danza contempor\u00e1nea, tambi\u00e9n trap y rap, que tenemos mucha demanda. Se suma cer\u00e1mica en el Museo de Arte, y habr\u00e1 un taller de t\u00edteres para adultos\u00bb, cont\u00f3 la Directora de Cultura. <\/p>\n\n\n\n<p>La inscripci\u00f3n ser\u00e1 desde el lunes 20 de marzo hasta el lunes 27 en el Complejo Cultural La Trocha entre las 9 y la 15 horas. Con cupos limitados. \u201cLos cupos son limitados, les pedimos a la gente que venga, sabemos que hay mucha demanda siempre para talleres, y pedimos que se genere conciencia de que si uno se anota en un taller pueda sostenerlo, ya que hay mucha gente interesada y a veces por los cupos queda afuera\u201d destac\u00f3 Capaccio.<\/p>\n\n\n\n<p>Por su parte, Marroquin anticip\u00f3 los cursos y seminarios de narraci\u00f3n, literatura y t\u00edteres orientado a adultos, algunos de ellos nuevos. \u00abEl taller de narraci\u00f3n y literatura se dictar\u00e1 en la biblioteca Vuela Libro que est\u00e1 en la calle 11 y 168, frente a la Escuela 19. En este caso, este taller va a ser para cualquier persona que le guste contar historias y que quiera meterse en ese mundo para despu\u00e9s compartir esos cuentos. Se buscar\u00e1 capacitar a las personas que quieran compartir literatura a trav\u00e9s de la narraci\u00f3n oral. En tanto, el de t\u00edteres para adultos es para puedan comenzar con ese oficio. Tambi\u00e9n haremos un seminario con Rosario San Mart\u00edn y Carolina Ricaldoni donde haremos un entramado de arte con el arte textil, la escritura y la narraci\u00f3n oral\u201d, destac\u00f3 Alejandra Marroquin.<\/p>\n\n\n\n<p>Finalmente, el intendente Ustarroz expres\u00f3: \u201cel orgullo de poder ampliar los talleres, nosotros el a\u00f1o pasado, estuvimos en el cierre de algunos talleres y los mismos participantes ped\u00edan la continuidad y ampliaci\u00f3n de los mismos&#8230; este a\u00f1o los ampliamos m\u00e1s a los j\u00f3venes a otras expresiones art\u00edsticas y poder tener una cobertura mayor de las distintas franjas etarias, necesidades, gustos, etc, de nuestra comunidad\u201d.<\/p>\n","protected":false},"excerpt":{"rendered":"<p>M\u00e1s de 30 talleres se dictar\u00e1n en distintos espacios culturales y barriales como La Trocha, el MAMM, el M\u00edguez, las Sociedades de Fomento Santa Teresica y San Jos\u00e9, as\u00ed como en las sedes del programa ReCreo. Mir\u00e1 las propuestas. <\/p>\n","protected":false},"author":1,"featured_media":159736,"comment_status":"closed","ping_status":"open","sticky":false,"template":"","format":"standard","meta":{"_monsterinsights_skip_tracking":false,"_monsterinsights_sitenote_active":false,"_monsterinsights_sitenote_note":"","_monsterinsights_sitenote_category":0,"jetpack_post_was_ever_published":false,"_jetpack_newsletter_access":"","_jetpack_dont_email_post_to_subs":false,"_jetpack_newsletter_tier_id":0,"_jetpack_memberships_contains_paywalled_content":false,"_jetpack_memberships_contains_paid_content":false,"footnotes":"","jetpack_publicize_message":"","jetpack_publicize_feature_enabled":true,"jetpack_social_post_already_shared":true,"jetpack_social_options":{"image_generator_settings":{"template":"highway","default_image_id":0,"font":"","enabled":false},"version":2},"_wpas_customize_per_network":false},"categories":[104],"tags":[7805,244],"class_list":["post-159710","post","type-post","status-publish","format-standard","has-post-thumbnail","hentry","category-cultura","tag-cultura","tag-municipio-2","generate-columns","tablet-grid-50","mobile-grid-100","grid-parent","grid-50"],"jetpack_publicize_connections":[],"jetpack_featured_media_url":"https:\/\/www.hoymercedes.com.ar\/principal\/wp-content\/uploads\/2023\/03\/Talleres-culturales.jpg","wps_subtitle":"","jetpack_sharing_enabled":true,"_links":{"self":[{"href":"https:\/\/www.hoymercedes.com.ar\/principal\/wp-json\/wp\/v2\/posts\/159710","targetHints":{"allow":["GET"]}}],"collection":[{"href":"https:\/\/www.hoymercedes.com.ar\/principal\/wp-json\/wp\/v2\/posts"}],"about":[{"href":"https:\/\/www.hoymercedes.com.ar\/principal\/wp-json\/wp\/v2\/types\/post"}],"author":[{"embeddable":true,"href":"https:\/\/www.hoymercedes.com.ar\/principal\/wp-json\/wp\/v2\/users\/1"}],"replies":[{"embeddable":true,"href":"https:\/\/www.hoymercedes.com.ar\/principal\/wp-json\/wp\/v2\/comments?post=159710"}],"version-history":[{"count":0,"href":"https:\/\/www.hoymercedes.com.ar\/principal\/wp-json\/wp\/v2\/posts\/159710\/revisions"}],"wp:featuredmedia":[{"embeddable":true,"href":"https:\/\/www.hoymercedes.com.ar\/principal\/wp-json\/wp\/v2\/media\/159736"}],"wp:attachment":[{"href":"https:\/\/www.hoymercedes.com.ar\/principal\/wp-json\/wp\/v2\/media?parent=159710"}],"wp:term":[{"taxonomy":"category","embeddable":true,"href":"https:\/\/www.hoymercedes.com.ar\/principal\/wp-json\/wp\/v2\/categories?post=159710"},{"taxonomy":"post_tag","embeddable":true,"href":"https:\/\/www.hoymercedes.com.ar\/principal\/wp-json\/wp\/v2\/tags?post=159710"}],"curies":[{"name":"wp","href":"https:\/\/api.w.org\/{rel}","templated":true}]}}